{"id":9191,"date":"2021-08-04T08:40:02","date_gmt":"2021-08-04T07:40:02","guid":{"rendered":"http:\/\/madresdesterradas.es\/?p=9191"},"modified":"2021-08-04T08:43:36","modified_gmt":"2021-08-04T07:43:36","slug":"renato-nicanor-un-flamenco-muy-flamenco","status":"publish","type":"post","link":"https:\/\/madresdesterradas.es\/index.php\/2021\/08\/04\/renato-nicanor-un-flamenco-muy-flamenco\/","title":{"rendered":"Renato Nicanor. Un flamenco muy flamenco"},"content":{"rendered":"\n<p>Renato Nicanor es un flamenco que naci\u00f3 en la laguna de Fuentedepiedra (M\u00e1laga), con un poco de retraso y siendo un tanto at\u00edpico&#8230;\u00bfquer\u00e9is conocerlo?<\/p>\n\n\n\n<h2 class=\"wp-block-heading\">Ficha t\u00e9cnica<\/h2>\n\n\n\n<ul class=\"wp-block-list\"><li>T\u00edtulo: Renato Nicanor. Un flamenco muy flamenco.<\/li><li>Autora: Alicia Acosta<\/li><li>Ilustradora: Leire Mart\u00edn<\/li><li>Editorial: Ediciones Jaguar<\/li><li>Edici\u00f3n: abril 2019<\/li><li>N\u00famero de p\u00e1ginas: 32<\/li><li>Tapa dura<\/li><li>Medidas: 210 x 280 mm<\/li><li>A partir de 4 a\u00f1os<\/li><li>ISBN: 978-84-17272-98-2<\/li><\/ul>\n\n\n\n<h2 class=\"wp-block-heading\">El libro<\/h2>\n\n\n\n<p>Renato Nicanor, fue diferente desde que naci\u00f3. Bueno&#8230; desde que era un huevo \ud83e\udd2d.<\/p>\n\n\n\n<div class=\"wp-block-image\"><figure class=\"aligncenter size-full\"><img loading=\"lazy\" decoding=\"async\" width=\"525\" height=\"700\" src=\"https:\/\/madresdesterradas.es\/wp-content\/uploads\/2021\/08\/CYMERA_20210802_114836.jpg\" alt=\"\" class=\"wp-image-9216\" srcset=\"https:\/\/madresdesterradas.es\/wp-content\/uploads\/2021\/08\/CYMERA_20210802_114836.jpg 525w, https:\/\/madresdesterradas.es\/wp-content\/uploads\/2021\/08\/CYMERA_20210802_114836-225x300.jpg 225w, https:\/\/madresdesterradas.es\/wp-content\/uploads\/2021\/08\/CYMERA_20210802_114836-395x527.jpg 395w\" sizes=\"auto, (max-width: 525px) 100vw, 525px\" \/><\/figure><\/div>\n\n\n\n<div class=\"wp-block-columns is-layout-flex wp-container-core-columns-is-layout-9d6595d7 wp-block-columns-is-layout-flex\">\n<div class=\"wp-block-column is-layout-flow wp-block-column-is-layout-flow\" style=\"flex-basis:50%\">\n<figure class=\"wp-block-image size-full\"><img loading=\"lazy\" decoding=\"async\" width=\"525\" height=\"700\" src=\"https:\/\/madresdesterradas.es\/wp-content\/uploads\/2021\/08\/CYMERA_20210802_114734.jpg\" alt=\"\" class=\"wp-image-9205\" srcset=\"https:\/\/madresdesterradas.es\/wp-content\/uploads\/2021\/08\/CYMERA_20210802_114734.jpg 525w, https:\/\/madresdesterradas.es\/wp-content\/uploads\/2021\/08\/CYMERA_20210802_114734-225x300.jpg 225w, https:\/\/madresdesterradas.es\/wp-content\/uploads\/2021\/08\/CYMERA_20210802_114734-395x527.jpg 395w\" sizes=\"auto, (max-width: 525px) 100vw, 525px\" \/><\/figure>\n<\/div>\n\n\n\n<div class=\"wp-block-column is-layout-flow wp-block-column-is-layout-flow\" style=\"flex-basis:50%\">\n<figure class=\"wp-block-image size-full\"><img loading=\"lazy\" decoding=\"async\" width=\"525\" height=\"700\" src=\"https:\/\/madresdesterradas.es\/wp-content\/uploads\/2021\/08\/CYMERA_20210802_114917.jpg\" alt=\"\" class=\"wp-image-9204\" srcset=\"https:\/\/madresdesterradas.es\/wp-content\/uploads\/2021\/08\/CYMERA_20210802_114917.jpg 525w, https:\/\/madresdesterradas.es\/wp-content\/uploads\/2021\/08\/CYMERA_20210802_114917-225x300.jpg 225w, https:\/\/madresdesterradas.es\/wp-content\/uploads\/2021\/08\/CYMERA_20210802_114917-395x527.jpg 395w\" sizes=\"auto, (max-width: 525px) 100vw, 525px\" \/><figcaption>Sus primeras palabras, ya presagiaban lo que se avecinaba<\/figcaption><\/figure>\n<\/div>\n<\/div>\n\n\n\n<p>Desde que naci\u00f3, Renato Nicanor tuvo muy claro que \u00e9l ser\u00eda un flamenco muy, pero que muy, flamenco. Aunque no sab\u00eda muy bien a cu\u00e1l de todas las acepciones se refer\u00eda, ni su familia tampoco&#8230;con lo que fue probando varias cosas muy diversas&#8230;<\/p>\n\n\n\n<div class=\"wp-block-columns is-layout-flex wp-container-core-columns-is-layout-9d6595d7 wp-block-columns-is-layout-flex\">\n<div class=\"wp-block-column is-layout-flow wp-block-column-is-layout-flow\" style=\"flex-basis:50%\">\n<figure class=\"wp-block-image size-full\"><img loading=\"lazy\" decoding=\"async\" width=\"525\" height=\"700\" src=\"https:\/\/madresdesterradas.es\/wp-content\/uploads\/2021\/08\/CYMERA_20210802_115110-e1627972724510.jpg\" alt=\"\" class=\"wp-image-9203\" srcset=\"https:\/\/madresdesterradas.es\/wp-content\/uploads\/2021\/08\/CYMERA_20210802_115110-e1627972724510.jpg 525w, https:\/\/madresdesterradas.es\/wp-content\/uploads\/2021\/08\/CYMERA_20210802_115110-e1627972724510-225x300.jpg 225w, https:\/\/madresdesterradas.es\/wp-content\/uploads\/2021\/08\/CYMERA_20210802_115110-e1627972724510-395x527.jpg 395w\" sizes=\"auto, (max-width: 525px) 100vw, 525px\" \/><\/figure>\n<\/div>\n\n\n\n<div class=\"wp-block-column is-layout-flow wp-block-column-is-layout-flow\" style=\"flex-basis:50%\">\n<figure class=\"wp-block-image size-full\"><img loading=\"lazy\" decoding=\"async\" width=\"768\" height=\"1024\" src=\"https:\/\/madresdesterradas.es\/wp-content\/uploads\/2021\/08\/CYMERA_20210802_115014.jpg\" alt=\"\" class=\"wp-image-9217\" srcset=\"https:\/\/madresdesterradas.es\/wp-content\/uploads\/2021\/08\/CYMERA_20210802_115014.jpg 768w, https:\/\/madresdesterradas.es\/wp-content\/uploads\/2021\/08\/CYMERA_20210802_115014-225x300.jpg 225w, https:\/\/madresdesterradas.es\/wp-content\/uploads\/2021\/08\/CYMERA_20210802_115014-395x527.jpg 395w\" sizes=\"auto, (max-width: 768px) 100vw, 768px\" \/><\/figure>\n<\/div>\n<\/div>\n\n\n\n<p>Un d\u00eda, Renato le dijo a su madre que lo que \u00e9l quer\u00eda era aprender flamenco, as\u00ed que todos los habitantes de la laguna, ahorraron dinero para enviarlo a Flandes, a aprender flamenco.<\/p>\n\n\n\n<div class=\"wp-block-columns is-layout-flex wp-container-core-columns-is-layout-9d6595d7 wp-block-columns-is-layout-flex\">\n<div class=\"wp-block-column is-layout-flow wp-block-column-is-layout-flow\" style=\"flex-basis:50%\">\n<figure class=\"wp-block-image size-full\"><img loading=\"lazy\" decoding=\"async\" width=\"525\" height=\"700\" src=\"https:\/\/madresdesterradas.es\/wp-content\/uploads\/2021\/08\/CYMERA_20210802_115217.jpg\" alt=\"\" class=\"wp-image-9202\" srcset=\"https:\/\/madresdesterradas.es\/wp-content\/uploads\/2021\/08\/CYMERA_20210802_115217.jpg 525w, https:\/\/madresdesterradas.es\/wp-content\/uploads\/2021\/08\/CYMERA_20210802_115217-225x300.jpg 225w, https:\/\/madresdesterradas.es\/wp-content\/uploads\/2021\/08\/CYMERA_20210802_115217-395x527.jpg 395w\" sizes=\"auto, (max-width: 525px) 100vw, 525px\" \/><\/figure>\n<\/div>\n\n\n\n<div class=\"wp-block-column is-layout-flow wp-block-column-is-layout-flow\" style=\"flex-basis:50%\">\n<figure class=\"wp-block-image size-full\"><img loading=\"lazy\" decoding=\"async\" width=\"525\" height=\"700\" src=\"https:\/\/madresdesterradas.es\/wp-content\/uploads\/2021\/08\/CYMERA_20210802_115326.jpg\" alt=\"\" class=\"wp-image-9201\" srcset=\"https:\/\/madresdesterradas.es\/wp-content\/uploads\/2021\/08\/CYMERA_20210802_115326.jpg 525w, https:\/\/madresdesterradas.es\/wp-content\/uploads\/2021\/08\/CYMERA_20210802_115326-225x300.jpg 225w, https:\/\/madresdesterradas.es\/wp-content\/uploads\/2021\/08\/CYMERA_20210802_115326-395x527.jpg 395w\" sizes=\"auto, (max-width: 525px) 100vw, 525px\" \/><figcaption>Finalmente, su familia entendi\u00f3 lo que Renato quer\u00eda decir, y lo apuntaron a una escuela de arte flamenco<\/figcaption><\/figure>\n<\/div>\n<\/div>\n\n\n\n<p>Finalmente, Renato descubri\u00f3 cu\u00e1l era su verdadera pasi\u00f3n: bailar flamenco. Aunque con la longitud de sus patas, el largo de su cuello y el plum\u00f3n de sus alas&#8230;no deb\u00eda de ser f\u00e1cil \u00bfverdad?<\/p>\n\n\n\n<div class=\"wp-block-columns is-layout-flex wp-container-core-columns-is-layout-9d6595d7 wp-block-columns-is-layout-flex\">\n<div class=\"wp-block-column is-layout-flow wp-block-column-is-layout-flow\" style=\"flex-basis:25%\">\n<figure class=\"wp-block-image size-full\"><img loading=\"lazy\" decoding=\"async\" width=\"525\" height=\"700\" src=\"https:\/\/madresdesterradas.es\/wp-content\/uploads\/2021\/08\/CYMERA_20210802_115424.jpg\" alt=\"\" class=\"wp-image-9200\" srcset=\"https:\/\/madresdesterradas.es\/wp-content\/uploads\/2021\/08\/CYMERA_20210802_115424.jpg 525w, https:\/\/madresdesterradas.es\/wp-content\/uploads\/2021\/08\/CYMERA_20210802_115424-225x300.jpg 225w, https:\/\/madresdesterradas.es\/wp-content\/uploads\/2021\/08\/CYMERA_20210802_115424-395x527.jpg 395w\" sizes=\"auto, (max-width: 525px) 100vw, 525px\" \/><\/figure>\n<\/div>\n\n\n\n<div class=\"wp-block-column is-layout-flow wp-block-column-is-layout-flow\" style=\"flex-basis:25%\">\n<figure class=\"wp-block-image size-full\"><img loading=\"lazy\" decoding=\"async\" width=\"525\" height=\"700\" src=\"https:\/\/madresdesterradas.es\/wp-content\/uploads\/2021\/08\/CYMERA_20210802_115528.jpg\" alt=\"\" class=\"wp-image-9199\" srcset=\"https:\/\/madresdesterradas.es\/wp-content\/uploads\/2021\/08\/CYMERA_20210802_115528.jpg 525w, https:\/\/madresdesterradas.es\/wp-content\/uploads\/2021\/08\/CYMERA_20210802_115528-225x300.jpg 225w, https:\/\/madresdesterradas.es\/wp-content\/uploads\/2021\/08\/CYMERA_20210802_115528-395x527.jpg 395w\" sizes=\"auto, (max-width: 525px) 100vw, 525px\" \/><\/figure>\n<\/div>\n\n\n\n<div class=\"wp-block-column is-layout-flow wp-block-column-is-layout-flow\" style=\"flex-basis:25%\">\n<figure class=\"wp-block-image size-full\"><img loading=\"lazy\" decoding=\"async\" width=\"525\" height=\"700\" src=\"https:\/\/madresdesterradas.es\/wp-content\/uploads\/2021\/08\/CYMERA_20210802_115629.jpg\" alt=\"\" class=\"wp-image-9198\" srcset=\"https:\/\/madresdesterradas.es\/wp-content\/uploads\/2021\/08\/CYMERA_20210802_115629.jpg 525w, https:\/\/madresdesterradas.es\/wp-content\/uploads\/2021\/08\/CYMERA_20210802_115629-225x300.jpg 225w, https:\/\/madresdesterradas.es\/wp-content\/uploads\/2021\/08\/CYMERA_20210802_115629-395x527.jpg 395w\" sizes=\"auto, (max-width: 525px) 100vw, 525px\" \/><\/figure>\n<\/div>\n\n\n\n<div class=\"wp-block-column is-layout-flow wp-block-column-is-layout-flow\" style=\"flex-basis:25%\">\n<figure class=\"wp-block-image size-full\"><img loading=\"lazy\" decoding=\"async\" width=\"525\" height=\"700\" src=\"https:\/\/madresdesterradas.es\/wp-content\/uploads\/2021\/08\/CYMERA_20210802_115724.jpg\" alt=\"\" class=\"wp-image-9197\" srcset=\"https:\/\/madresdesterradas.es\/wp-content\/uploads\/2021\/08\/CYMERA_20210802_115724.jpg 525w, https:\/\/madresdesterradas.es\/wp-content\/uploads\/2021\/08\/CYMERA_20210802_115724-225x300.jpg 225w, https:\/\/madresdesterradas.es\/wp-content\/uploads\/2021\/08\/CYMERA_20210802_115724-395x527.jpg 395w\" sizes=\"auto, (max-width: 525px) 100vw, 525px\" \/><\/figure>\n<\/div>\n<\/div>\n\n\n\n<p>Con entusiasmo y tes\u00f3n (Renato practicaba mientras com\u00eda, mientras dorm\u00eda&#8230;a pesar de los gritos de los dem\u00e1s de \u00ab\u00a1RENATO, ESTATE QUIETO UN RATO!\u00bb), Renato aprendi\u00f3 a bailar flamenco.<\/p>\n\n\n\n<p>Cuando lleg\u00f3 el fr\u00edo, Renato se fue a buscar fortuna. Los habitantes de la laguna, esperaban que al crecer, se le pasase el capricho y volviera m\u00e1s sereno pero pasaron meses y meses y Renato no volv\u00eda&#8230;\u00bfsab\u00e9is lo que pas\u00f3?<\/p>\n\n\n\n<div class=\"wp-block-columns is-layout-flex wp-container-core-columns-is-layout-9d6595d7 wp-block-columns-is-layout-flex\">\n<div class=\"wp-block-column is-layout-flow wp-block-column-is-layout-flow\" style=\"flex-basis:50%\">\n<figure class=\"wp-block-image size-full\"><img loading=\"lazy\" decoding=\"async\" width=\"525\" height=\"700\" src=\"https:\/\/madresdesterradas.es\/wp-content\/uploads\/2021\/08\/CYMERA_20210802_115824.jpg\" alt=\"\" class=\"wp-image-9196\" srcset=\"https:\/\/madresdesterradas.es\/wp-content\/uploads\/2021\/08\/CYMERA_20210802_115824.jpg 525w, https:\/\/madresdesterradas.es\/wp-content\/uploads\/2021\/08\/CYMERA_20210802_115824-225x300.jpg 225w, https:\/\/madresdesterradas.es\/wp-content\/uploads\/2021\/08\/CYMERA_20210802_115824-395x527.jpg 395w\" sizes=\"auto, (max-width: 525px) 100vw, 525px\" \/><\/figure>\n<\/div>\n\n\n\n<div class=\"wp-block-column is-layout-flow wp-block-column-is-layout-flow\" style=\"flex-basis:50%\">\n<figure class=\"wp-block-image size-full\"><img loading=\"lazy\" decoding=\"async\" width=\"525\" height=\"700\" src=\"https:\/\/madresdesterradas.es\/wp-content\/uploads\/2021\/08\/CYMERA_20210802_115940.jpg\" alt=\"\" class=\"wp-image-9195\" srcset=\"https:\/\/madresdesterradas.es\/wp-content\/uploads\/2021\/08\/CYMERA_20210802_115940.jpg 525w, https:\/\/madresdesterradas.es\/wp-content\/uploads\/2021\/08\/CYMERA_20210802_115940-225x300.jpg 225w, https:\/\/madresdesterradas.es\/wp-content\/uploads\/2021\/08\/CYMERA_20210802_115940-395x527.jpg 395w\" sizes=\"auto, (max-width: 525px) 100vw, 525px\" \/><\/figure>\n<\/div>\n<\/div>\n\n\n\n<h2 class=\"wp-block-heading\">Comentarios<\/h2>\n\n\n\n<p>Este adorable y valiente flamenco nos ense\u00f1ar\u00e1 que hay muy pocas cosas imposibles para un coraz\u00f3n dispuesto; Renato nos ense\u00f1a a perseguir nuestros sue\u00f1os (a destacar el apoyo que tiene de sus padres, aunque no siempre lo entiendan). <\/p>\n\n\n\n<p>Un divertid\u00edsimo cuento sobre los sue\u00f1os, el esfuerzo y la recompensa.<\/p>\n\n\n\n<p>Seguro que a los peques les encanta descubrir como Renato no se rinde en aprender, consiguiendo su sue\u00f1o con entusiasmo y tes\u00f3n, a pesar de las dificultades que conlleva ser un flamenco..<\/p>\n\n\n\n<p>Los dibujos coloridos, empezando por el cascar\u00f3n y el pa\u00f1uelo de Renato, el ambiente que se respira en la laguna, las expresiones de los animales&#8230; llamar\u00e1n la atenci\u00f3n de los m\u00e1s peque\u00f1os, y si al leerlo, hac\u00e9is \u00e9nfasis en los \u00a1<em>ol\u00e9<\/em>! y \u00ab<em>tac, tact, tac \u00a1tacat\u00e1!<\/em>\u00bb ni os cuento. Adem\u00e1s, nunca les hab\u00edamos ense\u00f1ado a los peques la famosa forma de ense\u00f1ar \u00absevillanas\u00bb en los colegios (y en el campamento en nuestro caso) de: \u00abse coge la manzana, se mira&#8230;\u00bb que sale reflejado en el libro, con el que hemos pasado muy buenos ratos. <\/p>\n\n\n\n<p><\/p>\n\n\n\n<p>Os dejamos <a href=\"https:\/\/edicionesjaguar.com\/anticipos\/ACTIVIDADES%20RENATO.pdf\">aqu\u00ed <\/a>las actividades facilitadas por Ediciones Jaguar relacionadas con el libro y un <a href=\"https:\/\/edicionesjaguar.com\/wordpress\/wp-content\/uploads\/2019\/03\/RENATO.pdf\">dibujo para colorear<\/a> y la canci\u00f3n que cre\u00f3 la escuela de m\u00fasica infantil Ba-Ba sobre Renato:<\/p>\n\n\n\n<figure class=\"wp-block-embed is-type-video is-provider-youtube wp-block-embed-youtube wp-embed-aspect-16-9 wp-has-aspect-ratio\"><div class=\"wp-block-embed__wrapper\">\n<iframe loading=\"lazy\" title=\"Renato Nicanor, el flamenco m\u00e1s flamenco - canci\u00f3n - cuento cantado\" width=\"1255\" height=\"706\" src=\"https:\/\/www.youtube.com\/embed\/qcbLmjlMDko?feature=oembed\" frameborder=\"0\" allow=\"accelerometer; autoplay; clipboard-write; encrypted-media; gyroscope; picture-in-picture\" allowfullscreen><\/iframe>\n<\/div><\/figure>\n\n\n\n<p>Tambi\u00e9n pod\u00e9is hacer como actividad el huevo de Renato, con cartulina blanca, una pinza (pegando cada fragmento del cascar\u00f3n en un lado de la pinza) con un Renato dentro. <\/p>\n\n\n\n<p>Si no encontr\u00e1is este libro en vuestra librer\u00eda de referencia, os dejamos el enlace <a href=\"https:\/\/amzn.to\/3rQs1Nb\">aqu\u00ed<\/a>.<\/p>\n","protected":false},"excerpt":{"rendered":"<p>Renato Nicanor es un flamenco que naci\u00f3 en la laguna de Fuentedepiedra (M\u00e1laga), con un poco de retraso y siendo un tanto at\u00edpico&#8230;\u00bfquer\u00e9is conocerlo? Ficha t\u00e9cnica T\u00edtulo: Renato Nicanor. Un flamenco muy flamenco. Autora: Alicia Acosta Ilustradora: Leire Mart\u00edn Editorial: Ediciones Jaguar Edici\u00f3n: abril 2019 N\u00famero de p\u00e1ginas: 32 Tapa dura Medidas: 210 x 280 [&hellip;]<\/p>\n","protected":false},"author":1,"featured_media":9206,"comment_status":"open","ping_status":"open","sticky":false,"template":"","format":"standard","meta":{"_monsterinsights_skip_tracking":false,"_monsterinsights_sitenote_active":false,"_monsterinsights_sitenote_note":"","_monsterinsights_sitenote_category":0,"_uf_show_specific_survey":0,"_uf_disable_surveys":false,"footnotes":""},"categories":[1351],"tags":[1968,3457,3491,3489,1832,3488],"class_list":["post-9191","post","type-post","status-publish","format-standard","has-post-thumbnail","hentry","category-libros","tag-album-ilustrado","tag-album-infantil","tag-ediciones-jaguar","tag-flamenco","tag-hoy-leemos","tag-renato-nicanor"],"_links":{"self":[{"href":"https:\/\/madresdesterradas.es\/index.php\/wp-json\/wp\/v2\/posts\/9191","targetHints":{"allow":["GET"]}}],"collection":[{"href":"https:\/\/madresdesterradas.es\/index.php\/wp-json\/wp\/v2\/posts"}],"about":[{"href":"https:\/\/madresdesterradas.es\/index.php\/wp-json\/wp\/v2\/types\/post"}],"author":[{"embeddable":true,"href":"https:\/\/madresdesterradas.es\/index.php\/wp-json\/wp\/v2\/users\/1"}],"replies":[{"embeddable":true,"href":"https:\/\/madresdesterradas.es\/index.php\/wp-json\/wp\/v2\/comments?post=9191"}],"version-history":[{"count":15,"href":"https:\/\/madresdesterradas.es\/index.php\/wp-json\/wp\/v2\/posts\/9191\/revisions"}],"predecessor-version":[{"id":9220,"href":"https:\/\/madresdesterradas.es\/index.php\/wp-json\/wp\/v2\/posts\/9191\/revisions\/9220"}],"wp:featuredmedia":[{"embeddable":true,"href":"https:\/\/madresdesterradas.es\/index.php\/wp-json\/wp\/v2\/media\/9206"}],"wp:attachment":[{"href":"https:\/\/madresdesterradas.es\/index.php\/wp-json\/wp\/v2\/media?parent=9191"}],"wp:term":[{"taxonomy":"category","embeddable":true,"href":"https:\/\/madresdesterradas.es\/index.php\/wp-json\/wp\/v2\/categories?post=9191"},{"taxonomy":"post_tag","embeddable":true,"href":"https:\/\/madresdesterradas.es\/index.php\/wp-json\/wp\/v2\/tags?post=9191"}],"curies":[{"name":"wp","href":"https:\/\/api.w.org\/{rel}","templated":true}]}}