{"id":8806,"date":"2021-07-14T15:11:30","date_gmt":"2021-07-14T14:11:30","guid":{"rendered":"http:\/\/madresdesterradas.es\/?p=8806"},"modified":"2021-07-14T15:11:32","modified_gmt":"2021-07-14T14:11:32","slug":"ruta-del-agua-ayora","status":"publish","type":"post","link":"https:\/\/madresdesterradas.es\/index.php\/2021\/07\/14\/ruta-del-agua-ayora\/","title":{"rendered":"Ruta del agua (Ayora)"},"content":{"rendered":"\n<p>La Ruta del Agua de Ayora, es una ruta de senderismo que nos muestra la importancia y el aprovechamiento que a lo largo del tiempo se ha realizado de este bien no renovable: el agua.<\/p>\n\n\n\n<p>Esta ruta combina tramos de caminos asfaltados y sendas se\u00f1alizadas, con una primera parte del trayecto (as\u00ed como el tramo final, ya que es una ruta circular) en el casco urbano. <\/p>\n\n\n\n<p>La longitud total del recorrido es de 6,2 km, tomando como punto de salida el Parque de los Morerales (conocido como \u00abel lago\u00bb en todo el valle).<\/p>\n\n\n\n<figure class=\"wp-block-image size-large\"><img loading=\"lazy\" decoding=\"async\" width=\"525\" height=\"700\" src=\"https:\/\/madresdesterradas.es\/wp-content\/uploads\/2021\/07\/CYMERA_20210710_165821.jpg\" alt=\"\" class=\"wp-image-9016\" srcset=\"https:\/\/madresdesterradas.es\/wp-content\/uploads\/2021\/07\/CYMERA_20210710_165821.jpg 525w, https:\/\/madresdesterradas.es\/wp-content\/uploads\/2021\/07\/CYMERA_20210710_165821-225x300.jpg 225w, https:\/\/madresdesterradas.es\/wp-content\/uploads\/2021\/07\/CYMERA_20210710_165821-395x527.jpg 395w\" sizes=\"auto, (max-width: 525px) 100vw, 525px\" \/><\/figure>\n\n\n\n<p>Durante la ruta encontramos los siguientes puntos de inter\u00e9s:<\/p>\n\n\n\n<p class=\"has-medium-font-size\"><span style=\"text-decoration: underline;\">Parque de los Morerales <\/span><\/p>\n\n\n\n<p>Fue dise\u00f1ado como remodelaci\u00f3n de una antigua zona de huertas, que qued\u00f3 anegada tras la gran riada de 1982. Se mejor\u00f3 y acondicion\u00f3 el espacio, convirti\u00e9ndolo en un lugar de reuni\u00f3n y disfrute, cercano al centro hist\u00f3rico. Ten\u00e9is patos, zona de juegos, puente&#8230;y es conocido como \u00abel lago\u00bb en todo el Valle.<\/p>\n\n\n\n<div class=\"wp-block-image\"><figure class=\"aligncenter size-large\"><img loading=\"lazy\" decoding=\"async\" width=\"700\" height=\"700\" src=\"https:\/\/madresdesterradas.es\/wp-content\/uploads\/2021\/07\/CYMERA_20210711_100114.jpg\" alt=\"\" class=\"wp-image-9039\" srcset=\"https:\/\/madresdesterradas.es\/wp-content\/uploads\/2021\/07\/CYMERA_20210711_100114.jpg 700w, https:\/\/madresdesterradas.es\/wp-content\/uploads\/2021\/07\/CYMERA_20210711_100114-300x300.jpg 300w, https:\/\/madresdesterradas.es\/wp-content\/uploads\/2021\/07\/CYMERA_20210711_100114-150x150.jpg 150w, https:\/\/madresdesterradas.es\/wp-content\/uploads\/2021\/07\/CYMERA_20210711_100114-85x85.jpg 85w, https:\/\/madresdesterradas.es\/wp-content\/uploads\/2021\/07\/CYMERA_20210711_100114-170x170.jpg 170w, https:\/\/madresdesterradas.es\/wp-content\/uploads\/2021\/07\/CYMERA_20210711_100114-395x395.jpg 395w\" sizes=\"auto, (max-width: 700px) 100vw, 700px\" \/><figcaption>Foto de Ayora Turismo<\/figcaption><\/figure><\/div>\n\n\n\n<p class=\"has-medium-font-size\"><span style=\"text-decoration: underline;\">Lavadero P\u00fablico<\/span><\/p>\n\n\n\n<p>Tiene su origen a finales del S.XIX,c uando se edific\u00f3 con un tama\u00f1o cuatro veces superior al actual. En 1978, fue remodelado rehaci\u00e9ndose muros y tejados, se redujo a su tama\u00f1o actual de 67m\u00b2, debido a su menor uso, pero se conserva la acequia donde se lavaba con sus losas de piedra originales.<\/p>\n\n\n\n<div class=\"wp-block-image\"><figure class=\"aligncenter size-large\"><img loading=\"lazy\" decoding=\"async\" width=\"700\" height=\"525\" src=\"https:\/\/madresdesterradas.es\/wp-content\/uploads\/2021\/07\/CYMERA_20210710_164724.jpg\" alt=\"\" class=\"wp-image-9020\" srcset=\"https:\/\/madresdesterradas.es\/wp-content\/uploads\/2021\/07\/CYMERA_20210710_164724.jpg 700w, https:\/\/madresdesterradas.es\/wp-content\/uploads\/2021\/07\/CYMERA_20210710_164724-300x225.jpg 300w, https:\/\/madresdesterradas.es\/wp-content\/uploads\/2021\/07\/CYMERA_20210710_164724-395x296.jpg 395w\" sizes=\"auto, (max-width: 700px) 100vw, 700px\" \/><\/figure><\/div>\n\n\n\n<p>El agua que transcurre por el lavadero proviene de la Balsa Mayor, que a su vez recoge el agua del nacimiento de Fuente Redonda, principal manantial que abastece a toda la poblaci\u00f3n.<\/p>\n\n\n\n<p>Con la llegada en 1965 de la red de alcantarillado y el agua potable en Ayora, as\u00ed como las lavadoras el\u00e9ctricas, cay\u00f3 en desuso.<\/p>\n\n\n\n<p>Se puede observar en las paredes de su interior las estacas de madera donde se colgaba la ropa, adem\u00e1s de la pasarela que cruza la acequia central, la cual conserva las losas de piedra originales contra las que se frotaba la ropa al lavarlas.<\/p>\n\n\n\n<p class=\"has-medium-font-size\"><span style=\"text-decoration: underline;\">Molino de Eliseo: <\/span><\/p>\n\n\n\n<p>En este punto se encontraba el ya desaparecido, Molino de Eliseo. En su lugar, se puede observar el gran entramado de acequias, dep\u00f3sitos y balsones que permite distribuir y aprovechar totalmente el agua en la localidad. La acequia que pasa por este punto se conoce como \u00abEntremolinos\u00bb, y es una de las tres acequias que canaliza el agua en la poblaci\u00f3n.<\/p>\n\n\n\n<p>El agua de esta acequia, tiene su origen en Fuente Redonda, desde se conduce hasta la Balsa Mayor. La acequia se divide en tres ramales: en primer lugar, el del Chorrillo, que pasa Parque de los Morerales (izquierda); en segundo lugar, el Central, que a su vez se divide en dos, uno llamado Entremolinos, y otro, llamado \u00abdel Lugar\u00bb que es el que discurre por el lavadero; finalmente, unos metros m\u00e1s adelante veremos el que transcurre por el lado derecho, que se conoce como Partidores.<\/p>\n\n\n\n<div class=\"wp-block-image\"><figure class=\"aligncenter size-large\"><img loading=\"lazy\" decoding=\"async\" width=\"700\" height=\"525\" src=\"https:\/\/madresdesterradas.es\/wp-content\/uploads\/2021\/07\/CYMERA_20210710_165302.jpg\" alt=\"\" class=\"wp-image-9018\" srcset=\"https:\/\/madresdesterradas.es\/wp-content\/uploads\/2021\/07\/CYMERA_20210710_165302.jpg 700w, https:\/\/madresdesterradas.es\/wp-content\/uploads\/2021\/07\/CYMERA_20210710_165302-300x225.jpg 300w, https:\/\/madresdesterradas.es\/wp-content\/uploads\/2021\/07\/CYMERA_20210710_165302-395x296.jpg 395w\" sizes=\"auto, (max-width: 700px) 100vw, 700px\" \/><figcaption>Vemos la distribuci\u00f3n de acequias a la izquierda del cartel<\/figcaption><\/figure><\/div>\n\n\n\n<p>Frente al partidor, observamos un huerto que a\u00fan posee su bardiza en el lado del camino. <\/p>\n\n\n\n<p class=\"has-medium-font-size\"><span style=\"text-decoration: underline;\">Rambla del Rasmal<\/span><\/p>\n\n\n\n<p>Tiene su origen en las faldas del \u00abMontemayor\u00bb, tercer punto de mayor altitud en la localidad, y llega hasta el conocido monte de la Virgen del Rosario (donde ten\u00e9is una ermita y pod\u00e9is hacer tambi\u00e9n una peque\u00f1a excursi\u00f3n).<\/p>\n\n\n\n<p>Esta rambla, ha estado anegada en varias ocasiones por fuertes lluvias, dado que recoge el agua de gran parte de la zona lim\u00edtrofe entre Ayora y Zarra.<\/p>\n\n\n\n<div class=\"wp-block-image\"><figure class=\"aligncenter size-large\"><img loading=\"lazy\" decoding=\"async\" width=\"700\" height=\"525\" src=\"https:\/\/madresdesterradas.es\/wp-content\/uploads\/2021\/07\/CYMERA_20210710_173414.jpg\" alt=\"\" class=\"wp-image-9028\" srcset=\"https:\/\/madresdesterradas.es\/wp-content\/uploads\/2021\/07\/CYMERA_20210710_173414.jpg 700w, https:\/\/madresdesterradas.es\/wp-content\/uploads\/2021\/07\/CYMERA_20210710_173414-300x225.jpg 300w, https:\/\/madresdesterradas.es\/wp-content\/uploads\/2021\/07\/CYMERA_20210710_173414-395x296.jpg 395w\" sizes=\"auto, (max-width: 700px) 100vw, 700px\" \/><\/figure><\/div>\n\n\n\n<p class=\"has-medium-font-size\"><span style=\"text-decoration: underline;\">Mirador de Ayora: <\/span><\/p>\n\n\n\n<p>Punto elevado 660 m. sobre el nivel del mar, nos da una visi\u00f3n panor\u00e1mica de Ayora y gran parte del Valle.<\/p>\n\n\n\n<p>A partir ver aqu\u00ed, tendremos que andar un buen tramo por pistas forestales y caminos de menor envergadura hasta llegar al siguiente punto, en el que tendremos que coger un desv\u00edo en el camino y bordear una casa (a mano derecha) para llegar al siguiente punto.<\/p>\n\n\n\n<p class=\"has-medium-font-size\"><span style=\"text-decoration: underline;\">Minado<\/span>: <\/p>\n\n\n\n<p>T\u00fanel horizontal de 2,1 km de largo excavado en la piedra, con el objetivo de alcanzar el acu\u00edfero y extraer el agua del subsuelo para aprovecharla en la superficie. Se termin\u00f3 de construir en 1957, empleando en su construc ci\u00f3n \u00fanicamente la fuerza generada por el hombre y las t\u00e9cnicas novedosas de la \u00e9poca (barrenos) para atravesar la piedra.<\/p>\n\n\n\n<div class=\"wp-block-image\"><figure class=\"aligncenter size-large\"><img loading=\"lazy\" decoding=\"async\" width=\"700\" height=\"525\" src=\"https:\/\/madresdesterradas.es\/wp-content\/uploads\/2021\/07\/CYMERA_20210710_175034.jpg\" alt=\"\" class=\"wp-image-9023\" srcset=\"https:\/\/madresdesterradas.es\/wp-content\/uploads\/2021\/07\/CYMERA_20210710_175034.jpg 700w, https:\/\/madresdesterradas.es\/wp-content\/uploads\/2021\/07\/CYMERA_20210710_175034-300x225.jpg 300w, https:\/\/madresdesterradas.es\/wp-content\/uploads\/2021\/07\/CYMERA_20210710_175034-395x296.jpg 395w\" sizes=\"auto, (max-width: 700px) 100vw, 700px\" \/><\/figure><\/div>\n\n\n\n<p>Llamamos \u00abminado\u00bb al largo t\u00fanel horizontal excavado en la piedra que se adentra, con cierta pendiente, hasta alcanzar el pozo madre, punto de contacto con el acu\u00edfero. El objetivo de este t\u00fanel es extraer el agua del subsuelo para aprovecharla en la superficie, abasteciendo la zona lim\u00edtrofe entre Ayora y Zarra. Durante el trayecto del agua hasta la superficie se recogen las aguas del fre\u00e1tico y las filtraciones que se incorporan a la galer\u00eda en la longitud de su trazado. <\/p>\n\n\n\n<p>Esta construcci\u00f3n se comenz\u00f3 en el a\u00f1o 1946, finaliz\u00e1ndose las obras en el a\u00f1o 1957. La galer\u00eda est\u00e1 comunicada con el exterior mediante cinco pozos por donde acced\u00edan los trabajadores a las obras. Estos pozos tambi\u00e9n eran los puntos de extracci\u00f3n de los materiales que se sacaban del t\u00fanel, el cual era perforado empleando barrenos, que facilitaba la fracturaci\u00f3n de la piedra. <\/p>\n\n\n\n<p class=\"has-medium-font-size\"><span style=\"text-decoration: underline;\">Fuente Redonda: <\/span><\/p>\n\n\n\n<p>Las aguas de este nacimiento son las que riegan la huerta de Ayora, junto con la extra\u00edda del minado, que se encuentra a pocos metros de esta fuente. Los dos caudales de agua se unen en la acequia madre, que ramifica el agua por toda la localidad. <\/p>\n\n\n\n<div class=\"wp-block-image\"><figure class=\"aligncenter size-large\"><img loading=\"lazy\" decoding=\"async\" width=\"700\" height=\"700\" src=\"https:\/\/madresdesterradas.es\/wp-content\/uploads\/2021\/07\/CYMERA_20210710_174808.jpg\" alt=\"\" class=\"wp-image-9026\" srcset=\"https:\/\/madresdesterradas.es\/wp-content\/uploads\/2021\/07\/CYMERA_20210710_174808.jpg 700w, https:\/\/madresdesterradas.es\/wp-content\/uploads\/2021\/07\/CYMERA_20210710_174808-300x300.jpg 300w, https:\/\/madresdesterradas.es\/wp-content\/uploads\/2021\/07\/CYMERA_20210710_174808-150x150.jpg 150w, https:\/\/madresdesterradas.es\/wp-content\/uploads\/2021\/07\/CYMERA_20210710_174808-85x85.jpg 85w, https:\/\/madresdesterradas.es\/wp-content\/uploads\/2021\/07\/CYMERA_20210710_174808-170x170.jpg 170w, https:\/\/madresdesterradas.es\/wp-content\/uploads\/2021\/07\/CYMERA_20210710_174808-395x395.jpg 395w\" sizes=\"auto, (max-width: 700px) 100vw, 700px\" \/><\/figure><\/div>\n\n\n\n<p>El marcado terreno calizo del Valle de Ayora, hace posible la existencia de numerosos manantiales, fuentes y acuiferos en todo su territorio, siendo el m\u00e1s reconocido de ellos el lugar donde nos encontramos, Fuente Redonda.<\/p>\n\n\n\n<p>Podemos decir que esta fuente es uno de los puntos m\u00e1s importantes de la ruta, ya que es el origen de gran parte del agua que iremos viendo en nuestro recorrido. La ruta en s\u00ed, sigue el trayecto de la acequia que aqu\u00ed nace, y que se divide en tres en Partidores, tras su paso por la Balsa Mayor. En este punto vemos la salida del agua del minado a la superficie, llegando aqu\u00ed por dos acequias.<\/p>\n\n\n\n<p class=\"has-medium-font-size\"><span style=\"text-decoration: underline;\">Dep\u00f3sito de la Pedriza: <\/span><\/p>\n\n\n\n<p>Desde 1975 este es el lugar en donde se almacena y trata el agua, suministrada a la poblaci\u00f3n a trav\u00e9s del sistema de tuber\u00edas. El agua que recibe el dep\u00f3sito llega hasta el directamente desde el minado, por una tuber\u00eda soterrada para evitar la posible contaminaci\u00f3n.<\/p>\n\n\n\n<p>Despu\u00e9s, nos iremos acercando al pueblo, no olvid\u00e9is haceros una foto en este mirador con su #Ayora. \ud83d\ude09<\/p>\n\n\n\n<div class=\"wp-block-image\"><figure class=\"aligncenter size-large\"><img loading=\"lazy\" decoding=\"async\" width=\"525\" height=\"700\" src=\"https:\/\/madresdesterradas.es\/wp-content\/uploads\/2021\/07\/CYMERA_20210710_170647.jpg\" alt=\"\" class=\"wp-image-9013\" srcset=\"https:\/\/madresdesterradas.es\/wp-content\/uploads\/2021\/07\/CYMERA_20210710_170647.jpg 525w, https:\/\/madresdesterradas.es\/wp-content\/uploads\/2021\/07\/CYMERA_20210710_170647-225x300.jpg 225w, https:\/\/madresdesterradas.es\/wp-content\/uploads\/2021\/07\/CYMERA_20210710_170647-395x527.jpg 395w\" sizes=\"auto, (max-width: 525px) 100vw, 525px\" \/><\/figure><\/div>\n\n\n\n<p class=\"has-medium-font-size\"><span style=\"text-decoration: underline;\">Molino de la Noguera: <\/span><\/p>\n\n\n\n<p>Molino hidr\u00e1ulico impulsado por agua, eran las m\u00e1quinas empleadas para triturar cereales hasta mediados el S. XX. Este es el \u00fanico molino de este tips que se conserva en perfecto estado en la comarca, ya que, en los a\u00f1os posteriores a la aparici\u00f3n del molino el\u00e9ctrico, los antiguos hidr\u00e1ulicos fueron desmantelados.<\/p>\n\n\n\n<div class=\"wp-block-image\"><figure class=\"aligncenter size-large\"><img loading=\"lazy\" decoding=\"async\" width=\"700\" height=\"525\" src=\"https:\/\/madresdesterradas.es\/wp-content\/uploads\/2021\/07\/CYMERA_20210710_174411.jpg\" alt=\"\" class=\"wp-image-9022\" srcset=\"https:\/\/madresdesterradas.es\/wp-content\/uploads\/2021\/07\/CYMERA_20210710_174411.jpg 700w, https:\/\/madresdesterradas.es\/wp-content\/uploads\/2021\/07\/CYMERA_20210710_174411-300x225.jpg 300w, https:\/\/madresdesterradas.es\/wp-content\/uploads\/2021\/07\/CYMERA_20210710_174411-395x296.jpg 395w\" sizes=\"auto, (max-width: 700px) 100vw, 700px\" \/><\/figure><\/div>\n\n\n\n<p>Los molinos hidr\u00e1ulicos estuvieron muy presentes en todo el Valle hasta el S. XX, teniendo un especial auge en el S. XIX. Con esta aparici\u00f3n, se pasa de emplear energ\u00eda muscular generada por el hombre, a energ\u00eda cin\u00e9tica mediante la fuerza del agua. El transcurso del agua genera un movimiento rotatorio que impulsa el giro de una muela de piedra (voladera) sobre otra piedra similar que se encuentra fija. Entre ambas piedras se crea una fricci\u00f3n que muele los granos de ma\u00edz o trigo y los convierte en harina.<\/p>\n\n\n\n<div class=\"wp-block-image\"><figure class=\"aligncenter size-large\"><img loading=\"lazy\" decoding=\"async\" width=\"700\" height=\"525\" src=\"https:\/\/madresdesterradas.es\/wp-content\/uploads\/2021\/07\/CYMERA_20210710_170530.jpg\" alt=\"\" class=\"wp-image-9014\" srcset=\"https:\/\/madresdesterradas.es\/wp-content\/uploads\/2021\/07\/CYMERA_20210710_170530.jpg 700w, https:\/\/madresdesterradas.es\/wp-content\/uploads\/2021\/07\/CYMERA_20210710_170530-300x225.jpg 300w, https:\/\/madresdesterradas.es\/wp-content\/uploads\/2021\/07\/CYMERA_20210710_170530-395x296.jpg 395w\" sizes=\"auto, (max-width: 700px) 100vw, 700px\" \/><\/figure><\/div>\n\n\n\n<p>Se desconoce cu\u00e1ndo se construy\u00f3 el Molino de la Noguera, pero se sabe que anteriormente perteneci\u00f3 a la gente pudiente del pueblo, llegando a ser propiedad de los se\u00f1ores de la Villa o del clero. Ten\u00edan un papel fundamental en la elaboraci\u00f3n de las harinas, base de la dieta en \u00e9pocas anteriores, con lo que deb\u00edan de ser administrados por los dirigentes para asegurar un reparto justo tiempo de uso.<\/p>\n\n\n\n<p>En Ayora llegaron a estar en funcionamiento seis molinos hidr\u00e1ulicos, que fueron quedando poco a poco en desuso y reduci\u00e9ndose a medida que se impuso la electrificaci\u00f3n de las f\u00e1bricas de harina, con mayor capacidad de molturaci\u00f3n. De los seis molinos originales, solamente queda perfectamente conservado y en funcionamiento el de la Noguera, capaz de moler 600 kg de grano en un d\u00eda, una gran cantidad para la \u00e9poca.<\/p>\n\n\n\n<p class=\"has-medium-font-size\"><span style=\"text-decoration: underline;\">Fuente Ayora: <\/span><\/p>\n\n\n\n<p>Quiz\u00e1s el lugar m\u00e1s destacado de toda la ruta. Realmente, est\u00e1 pr\u00e1cticamente al lado del Molino de la Noguera, pero tendremos que dar un poco de vuelta rodeando varias propiedades para poder llegar.<\/p>\n\n\n\n<div class=\"wp-block-image\"><figure class=\"aligncenter size-large\"><img loading=\"lazy\" decoding=\"async\" width=\"700\" height=\"525\" src=\"https:\/\/madresdesterradas.es\/wp-content\/uploads\/2021\/07\/CYMERA_20210710_170343.jpg\" alt=\"\" class=\"wp-image-9015\" srcset=\"https:\/\/madresdesterradas.es\/wp-content\/uploads\/2021\/07\/CYMERA_20210710_170343.jpg 700w, https:\/\/madresdesterradas.es\/wp-content\/uploads\/2021\/07\/CYMERA_20210710_170343-300x225.jpg 300w, https:\/\/madresdesterradas.es\/wp-content\/uploads\/2021\/07\/CYMERA_20210710_170343-395x296.jpg 395w\" sizes=\"auto, (max-width: 700px) 100vw, 700px\" \/><figcaption>Un poco antes de llegar a la fuente, tenemos est\u00e1 preciosa curva \ud83d\ude0d en la que la vegetaci\u00f3n se va abriendo paso<\/figcaption><\/figure><\/div>\n\n\n\n<p>La Fuente Ayora es de gran belleza, al tratarse de una cascada natural formada por la calcificaci\u00f3n acumulada con el paso del tiempo. <\/p>\n\n\n\n<p>Existe el dicho popular de que en este punto se origin\u00f3 el nombre de Ayora, ya que, en \u00e9pocas pasadas, las personas que ven\u00edan hasta aqu\u00ed para coger agua ped\u00edan el turno diciendo: \u00bfHay hora? Frase que terminar\u00eda por convertirse en Ayora, nombre de la poblaci\u00f3n.<\/p>\n\n\n\n<div class=\"wp-block-image\"><figure class=\"aligncenter size-large\"><img loading=\"lazy\" decoding=\"async\" width=\"700\" height=\"525\" src=\"https:\/\/madresdesterradas.es\/wp-content\/uploads\/2021\/07\/CYMERA_20210710_165631.jpg\" alt=\"\" class=\"wp-image-9017\" srcset=\"https:\/\/madresdesterradas.es\/wp-content\/uploads\/2021\/07\/CYMERA_20210710_165631.jpg 700w, https:\/\/madresdesterradas.es\/wp-content\/uploads\/2021\/07\/CYMERA_20210710_165631-300x225.jpg 300w, https:\/\/madresdesterradas.es\/wp-content\/uploads\/2021\/07\/CYMERA_20210710_165631-395x296.jpg 395w\" sizes=\"auto, (max-width: 700px) 100vw, 700px\" \/><\/figure><\/div>\n\n\n\n<p class=\"has-medium-font-size\"><span style=\"text-decoration: underline;\">Balsa Mayor: <\/span><\/p>\n\n\n\n<p>Con unas medidas de 60 x 45 m, es la balsde mayor tama\u00f1o en la localidad, de ah\u00ed su nombre Inicialmente, se proyect\u00f3 con instalaciones para el disfrute de la poblaci\u00f3n (con un bar y un tobog\u00e1n), pero al final decidi\u00f3 darle su utilidad inicial de balsa de abastecimiento de agua para el riego, estando prohibido el ba\u00f1o.<\/p>\n\n\n\n<div class=\"wp-block-image\"><figure class=\"aligncenter size-large\"><img loading=\"lazy\" decoding=\"async\" width=\"700\" height=\"700\" src=\"https:\/\/madresdesterradas.es\/wp-content\/uploads\/2021\/07\/CYMERA_20210711_101136.jpg\" alt=\"\" class=\"wp-image-9040\" srcset=\"https:\/\/madresdesterradas.es\/wp-content\/uploads\/2021\/07\/CYMERA_20210711_101136.jpg 700w, https:\/\/madresdesterradas.es\/wp-content\/uploads\/2021\/07\/CYMERA_20210711_101136-300x300.jpg 300w, https:\/\/madresdesterradas.es\/wp-content\/uploads\/2021\/07\/CYMERA_20210711_101136-150x150.jpg 150w, https:\/\/madresdesterradas.es\/wp-content\/uploads\/2021\/07\/CYMERA_20210711_101136-85x85.jpg 85w, https:\/\/madresdesterradas.es\/wp-content\/uploads\/2021\/07\/CYMERA_20210711_101136-170x170.jpg 170w, https:\/\/madresdesterradas.es\/wp-content\/uploads\/2021\/07\/CYMERA_20210711_101136-395x395.jpg 395w\" sizes=\"auto, (max-width: 700px) 100vw, 700px\" \/><figcaption>Hay que desviarse del camino para llegar a la balsa. Im\u00e1genes de Patrimonio Ayora.<\/figcaption><\/figure><\/div>\n\n\n\n<p class=\"has-medium-font-size\"><span style=\"text-decoration: underline;\">Antiguo dep\u00f3sito de agua: <\/span><\/p>\n\n\n\n<p>Inaugurado en 1966, a la que la red de alcantarillado local. Esta construcci\u00f3n signific\u00f3 una revoluci\u00f3n en el agua potable para la \u00e9poca, pero solo fue usado hasta el a\u00f1o 1971, ya que no ten\u00eda el suficiente desnivel para abastecer con presi\u00f3n las partes m\u00e1s altas pueblo.<\/p>\n\n\n\n<p>Despu\u00e9s de esto, volv\u00e9is al parque del lago, en el que podr\u00e9is ver varios murales con algunos de los lugares m\u00e1s emblem\u00e1ticos de la ruta.<\/p>\n\n\n\n<div class=\"wp-block-image\"><figure class=\"aligncenter size-large\"><img loading=\"lazy\" decoding=\"async\" width=\"700\" height=\"700\" src=\"https:\/\/madresdesterradas.es\/wp-content\/uploads\/2021\/07\/CYMERA_20210710_173813.jpg\" alt=\"\" class=\"wp-image-9027\" srcset=\"https:\/\/madresdesterradas.es\/wp-content\/uploads\/2021\/07\/CYMERA_20210710_173813.jpg 700w, https:\/\/madresdesterradas.es\/wp-content\/uploads\/2021\/07\/CYMERA_20210710_173813-300x300.jpg 300w, https:\/\/madresdesterradas.es\/wp-content\/uploads\/2021\/07\/CYMERA_20210710_173813-150x150.jpg 150w, https:\/\/madresdesterradas.es\/wp-content\/uploads\/2021\/07\/CYMERA_20210710_173813-85x85.jpg 85w, https:\/\/madresdesterradas.es\/wp-content\/uploads\/2021\/07\/CYMERA_20210710_173813-170x170.jpg 170w, https:\/\/madresdesterradas.es\/wp-content\/uploads\/2021\/07\/CYMERA_20210710_173813-395x395.jpg 395w\" sizes=\"auto, (max-width: 700px) 100vw, 700px\" \/><\/figure><\/div>\n\n\n\n<p>Os recomendamos no hacer la ruta en verano, ya que hay muchas zonas en las que no hay sombra, con pendiente de subida&#8230;o al menos evitando las horas de m\u00e1s sol.<\/p>\n\n\n\n<p>Si quer\u00e9is ver m\u00e1s excursiones para hacer en esta zona, pod\u00e9is mirar <a href=\"https:\/\/madresdesterradas.es\/index.php\/2021\/05\/25\/actividades-valle-de-ayora-cofrentes\/\">aqu\u00ed<\/a>.<\/p>\n","protected":false},"excerpt":{"rendered":"<p>La Ruta del Agua de Ayora, es una ruta de senderismo que nos muestra la importancia y el aprovechamiento que a lo largo del tiempo se ha realizado de este bien no renovable: el agua. Esta ruta combina tramos de caminos asfaltados y sendas se\u00f1alizadas, con una primera parte del trayecto (as\u00ed como el tramo [&hellip;]<\/p>\n","protected":false},"author":1,"featured_media":9019,"comment_status":"open","ping_status":"open","sticky":false,"template":"","format":"standard","meta":{"_monsterinsights_skip_tracking":false,"_monsterinsights_sitenote_active":false,"_monsterinsights_sitenote_note":"","_monsterinsights_sitenote_category":0,"_uf_show_specific_survey":0,"_uf_disable_surveys":false,"footnotes":""},"categories":[1921],"tags":[1507,2400,3073,3094,3446,3413],"class_list":["post-8806","post","type-post","status-publish","format-standard","has-post-thumbnail","hentry","category-excursionesbio","tag-agua","tag-ayora","tag-excursiones-con-ninos","tag-excursiones-naturaleza","tag-ruta-del-agua","tag-valle-de-ayora-cofrentes"],"_links":{"self":[{"href":"https:\/\/madresdesterradas.es\/index.php\/wp-json\/wp\/v2\/posts\/8806","targetHints":{"allow":["GET"]}}],"collection":[{"href":"https:\/\/madresdesterradas.es\/index.php\/wp-json\/wp\/v2\/posts"}],"about":[{"href":"https:\/\/madresdesterradas.es\/index.php\/wp-json\/wp\/v2\/types\/post"}],"author":[{"embeddable":true,"href":"https:\/\/madresdesterradas.es\/index.php\/wp-json\/wp\/v2\/users\/1"}],"replies":[{"embeddable":true,"href":"https:\/\/madresdesterradas.es\/index.php\/wp-json\/wp\/v2\/comments?post=8806"}],"version-history":[{"count":21,"href":"https:\/\/madresdesterradas.es\/index.php\/wp-json\/wp\/v2\/posts\/8806\/revisions"}],"predecessor-version":[{"id":9043,"href":"https:\/\/madresdesterradas.es\/index.php\/wp-json\/wp\/v2\/posts\/8806\/revisions\/9043"}],"wp:featuredmedia":[{"embeddable":true,"href":"https:\/\/madresdesterradas.es\/index.php\/wp-json\/wp\/v2\/media\/9019"}],"wp:attachment":[{"href":"https:\/\/madresdesterradas.es\/index.php\/wp-json\/wp\/v2\/media?parent=8806"}],"wp:term":[{"taxonomy":"category","embeddable":true,"href":"https:\/\/madresdesterradas.es\/index.php\/wp-json\/wp\/v2\/categories?post=8806"},{"taxonomy":"post_tag","embeddable":true,"href":"https:\/\/madresdesterradas.es\/index.php\/wp-json\/wp\/v2\/tags?post=8806"}],"curies":[{"name":"wp","href":"https:\/\/api.w.org\/{rel}","templated":true}]}}