{"id":8584,"date":"2021-05-15T15:22:11","date_gmt":"2021-05-15T14:22:11","guid":{"rendered":"http:\/\/madresdesterradas.es\/?p=8584"},"modified":"2021-05-31T19:46:00","modified_gmt":"2021-05-31T18:46:00","slug":"rondalles-de-fang","status":"publish","type":"post","link":"https:\/\/madresdesterradas.es\/index.php\/2021\/05\/15\/rondalles-de-fang\/","title":{"rendered":"Rondalles de Fang"},"content":{"rendered":"\n<p>El fin de semana pasado, fuimos al Centro Cultural del Convento del Carmen (Valencia) a ver la exposici\u00f3n de Dulk que tenemos disponible hasta octubre.<\/p>\n\n\n\n<p>Siendo conscientes del delicado momento de sostenibilidad medioambiental que vive nuestro entorno m\u00e1s inmediato y con una fidelidad absoluta al mensaje que contiene la obra art\u00edstica de Antonio Segu (Dulk), la exposici\u00f3n Rondalla del Fang rescata el formato t\u00edpico de cuento valenciano. <\/p>\n\n\n\n<figure class=\"wp-block-image size-large\"><img loading=\"lazy\" decoding=\"async\" width=\"1024\" height=\"1024\" src=\"https:\/\/madresdesterradas.es\/wp-content\/uploads\/2021\/05\/CYMERA_20210531_163614.jpg\" alt=\"\" class=\"wp-image-8803\" srcset=\"https:\/\/madresdesterradas.es\/wp-content\/uploads\/2021\/05\/CYMERA_20210531_163614.jpg 1024w, https:\/\/madresdesterradas.es\/wp-content\/uploads\/2021\/05\/CYMERA_20210531_163614-300x300.jpg 300w, https:\/\/madresdesterradas.es\/wp-content\/uploads\/2021\/05\/CYMERA_20210531_163614-150x150.jpg 150w, https:\/\/madresdesterradas.es\/wp-content\/uploads\/2021\/05\/CYMERA_20210531_163614-768x768.jpg 768w, https:\/\/madresdesterradas.es\/wp-content\/uploads\/2021\/05\/CYMERA_20210531_163614-825x825.jpg 825w, https:\/\/madresdesterradas.es\/wp-content\/uploads\/2021\/05\/CYMERA_20210531_163614-85x85.jpg 85w, https:\/\/madresdesterradas.es\/wp-content\/uploads\/2021\/05\/CYMERA_20210531_163614-170x170.jpg 170w, https:\/\/madresdesterradas.es\/wp-content\/uploads\/2021\/05\/CYMERA_20210531_163614-395x395.jpg 395w\" sizes=\"auto, (max-width: 1024px) 100vw, 1024px\" \/><\/figure>\n\n\n\n<p>Nos encontramos ante una obra accesible y perceptible para todo el p\u00fablico, una ocasi\u00f3n perfecta para sentir y reflexionar junto al arte sobre una realidad que aborda uno de nuestros tesoros m\u00e1s preciados, l&#8217;Albufera de Valencia (a 20 km de la capital), convertida en una batalla entre el olvido, la supervivencia y la esperanza y nos adentraremos en las 2 salas en un relato inmersivo (nunca mejor dicho, por que en la primera sala seremos espectadores de una escena en l&#8217;Albufera, pero en la segunda sala, nos habremos metido dentro del agua y lo estaremos viendo todo desde abajo). Parece inconcebible, pero solo el 1% de la superficie de la Albufera est\u00e1 protegida como reserva natural.<\/p>\n\n\n\n<p>\u00abRondalla del Fang\u00bb nos sit\u00faa ante un nuevo paso en la trayectoria de Dulk. Una oportunidad \u00fanica de entrar dentro de una de sus obras, compuestas por personajes fant\u00e1sticos en forma de animales y plantas, con unos colores que nos trasladan al fondo de las aguas de este humedal, o a una puesta de sol en La Albufera, o al anochecer con la famosa luna de Valencia brillando en el cielo, en una noche de ensue\u00f1o. Con unas esculturas fant\u00e1sticas y majestuosas con el innegable toque fallero, con una concentraci\u00f3n de aves en torno al \u00faltimo reducto de tierra, su \u00faltimo hogar.<\/p>\n\n\n\n<div class=\"wp-block-image\"><figure class=\"aligncenter size-large is-resized\"><img loading=\"lazy\" decoding=\"async\" src=\"https:\/\/madresdesterradas.es\/wp-content\/uploads\/2021\/05\/CYMERA_20210515_162622.jpg\" alt=\"\" class=\"wp-image-8647\" width=\"663\" height=\"663\" srcset=\"https:\/\/madresdesterradas.es\/wp-content\/uploads\/2021\/05\/CYMERA_20210515_162622.jpg 1024w, https:\/\/madresdesterradas.es\/wp-content\/uploads\/2021\/05\/CYMERA_20210515_162622-300x300.jpg 300w, https:\/\/madresdesterradas.es\/wp-content\/uploads\/2021\/05\/CYMERA_20210515_162622-150x150.jpg 150w, https:\/\/madresdesterradas.es\/wp-content\/uploads\/2021\/05\/CYMERA_20210515_162622-768x768.jpg 768w, https:\/\/madresdesterradas.es\/wp-content\/uploads\/2021\/05\/CYMERA_20210515_162622-825x825.jpg 825w, https:\/\/madresdesterradas.es\/wp-content\/uploads\/2021\/05\/CYMERA_20210515_162622-85x85.jpg 85w, https:\/\/madresdesterradas.es\/wp-content\/uploads\/2021\/05\/CYMERA_20210515_162622-170x170.jpg 170w, https:\/\/madresdesterradas.es\/wp-content\/uploads\/2021\/05\/CYMERA_20210515_162622-395x395.jpg 395w\" sizes=\"auto, (max-width: 663px) 100vw, 663px\" \/><\/figure><\/div>\n\n\n\n<p>Toda la zona de tierra, vemos que se ubica en el centro de la sala y la obra crece alrededor de una peque\u00f1a isla compuesta por tierra \u00e1rida en la que se puede ver las cicatrices de la sequ\u00eda, elementos que crecen y se fusionan con el \u00e1rbol seco de la vida, hierbas donde se asoman t\u00edmidamente sus m\u00e1gicos personajes para enfrentarse a la mirada del espectador. <\/p>\n\n\n\n<p>Encontramos algunas de las especies de aves m\u00e1s representativas del parque natural, como pueden ser el calam\u00f3n, el \u00e1nade real, el chorlitejo patinegro o un simp\u00e1tico pato colorado, que transforman su mirada en un elemento de nost\u00e1lgica esperanza. Un \u00aboasis\u00bb con alegor\u00edas al paso del tiempo, la memoria, la vida y la muerte en forma de libros, calaveras (ten\u00e9is cr\u00e1neos de pato) y relojes de arena. En el \u00e1rbol encontramos elementos propios de un hogar surrealista en el mundo de las aves con nidos abandonados, retratos de especies que antes habitaban el parque&#8230;y junto a ello un Mart\u00edn pescador, unido a un conjunto a\u00e9reo que estar\u00e1 formado por una Abubilla y una Garza blanca que porta en su pico un elemento muy presente en la obra de Dulk, un farol, que aporta la luz de la esperanza a toda las especies. <\/p>\n\n\n\n<div class=\"wp-block-image\"><figure class=\"aligncenter size-large is-resized\"><img loading=\"lazy\" decoding=\"async\" src=\"https:\/\/madresdesterradas.es\/wp-content\/uploads\/2021\/05\/CYMERA_20210515_162440.jpg\" alt=\"\" class=\"wp-image-8648\" width=\"644\" height=\"859\" srcset=\"https:\/\/madresdesterradas.es\/wp-content\/uploads\/2021\/05\/CYMERA_20210515_162440.jpg 768w, https:\/\/madresdesterradas.es\/wp-content\/uploads\/2021\/05\/CYMERA_20210515_162440-225x300.jpg 225w, https:\/\/madresdesterradas.es\/wp-content\/uploads\/2021\/05\/CYMERA_20210515_162440-395x527.jpg 395w\" sizes=\"auto, (max-width: 644px) 100vw, 644px\" \/><\/figure><\/div>\n\n\n\n<p>En su centro, en su coraz\u00f3n de anhelada agua est\u00e1 un flamenco (nexo de uni\u00f3n con la otra parte de la sala) que sumerge su cabeza en un peque\u00f1o charco de agua en busca de comida, y sobre \u00e9l, un nido con una cig\u00fce\u00f1uela que espera con esperanza a una nueva generaci\u00f3n que viva mejor. <\/p>\n\n\n\n<p>En la siguiente sala, como ya hemos comentado, tenemos el fondo de L&#8217;albufera. En esta sala veremos las graves amenazas a las que est\u00e1n sometidas las especies que habitan en el parque natural de la Albufera, centr\u00e1ndose en la contaminaci\u00f3n, la escasez y la falta de calidad de su agua. Viajamos al fondo de la peque\u00f1a porci\u00f3n de agua de la primera instalaci\u00f3n, donde encontramos el flamenco con su cabeza sumergida en busca de comida. Junto a \u00e9l, y sumergidos en una sala totalmente transformada en el fondo de la laguna, buscan sustento una pareja de \u00absamarucs\u00bb, peces t\u00edpicos de L&#8217;Albufera. Una m\u00e1gica escena bajo un techo con restos de redes y pl\u00e1sticos que amenazan la peque\u00f1a porci\u00f3n de la reserva, as\u00ed como varios anzuelos que hieren a distintas especies. <\/p>\n\n\n\n<div class=\"wp-block-image\"><figure class=\"aligncenter size-large is-resized\"><img loading=\"lazy\" decoding=\"async\" src=\"https:\/\/madresdesterradas.es\/wp-content\/uploads\/2021\/05\/CYMERA_20210515_162803.jpg\" alt=\"\" class=\"wp-image-8646\" width=\"706\" height=\"706\" srcset=\"https:\/\/madresdesterradas.es\/wp-content\/uploads\/2021\/05\/CYMERA_20210515_162803.jpg 1024w, https:\/\/madresdesterradas.es\/wp-content\/uploads\/2021\/05\/CYMERA_20210515_162803-300x300.jpg 300w, https:\/\/madresdesterradas.es\/wp-content\/uploads\/2021\/05\/CYMERA_20210515_162803-150x150.jpg 150w, https:\/\/madresdesterradas.es\/wp-content\/uploads\/2021\/05\/CYMERA_20210515_162803-768x768.jpg 768w, https:\/\/madresdesterradas.es\/wp-content\/uploads\/2021\/05\/CYMERA_20210515_162803-825x825.jpg 825w, https:\/\/madresdesterradas.es\/wp-content\/uploads\/2021\/05\/CYMERA_20210515_162803-85x85.jpg 85w, https:\/\/madresdesterradas.es\/wp-content\/uploads\/2021\/05\/CYMERA_20210515_162803-170x170.jpg 170w, https:\/\/madresdesterradas.es\/wp-content\/uploads\/2021\/05\/CYMERA_20210515_162803-395x395.jpg 395w\" sizes=\"auto, (max-width: 706px) 100vw, 706px\" \/><\/figure><\/div>\n\n\n\n<p>Todas las paredes de la sala est\u00e1n intervenidas con una incre\u00edble transici\u00f3n de fondos acu\u00e1ticos y personajes que luchan por la adaptaci\u00f3n ante la extinci\u00f3n (mirad bien las pinturas de los murales de la primera sala para ver qu\u00e9 pasa con cada animal en la segunda sala). En la base de la composici\u00f3n una diana formada por tierra en diferentes estados, simboliza el punto de mira en el que se encuentran las especies de la escena. <\/p>\n\n\n\n<div class=\"wp-block-image\"><figure class=\"alignleft size-large is-resized\"><img loading=\"lazy\" decoding=\"async\" src=\"https:\/\/madresdesterradas.es\/wp-content\/uploads\/2021\/05\/CYMERA_20210515_162938.jpg\" alt=\"\" class=\"wp-image-8645\" width=\"439\" height=\"585\" srcset=\"https:\/\/madresdesterradas.es\/wp-content\/uploads\/2021\/05\/CYMERA_20210515_162938.jpg 768w, https:\/\/madresdesterradas.es\/wp-content\/uploads\/2021\/05\/CYMERA_20210515_162938-225x300.jpg 225w, https:\/\/madresdesterradas.es\/wp-content\/uploads\/2021\/05\/CYMERA_20210515_162938-395x527.jpg 395w\" sizes=\"auto, (max-width: 439px) 100vw, 439px\" \/><\/figure><\/div>\n\n\n\n<p>Una propuesta que contiene una conexi\u00f3n narrativa, pl\u00e1stica y conceptual<br>con el mensaje de la Falla Municipal 2021 (que finalmente, tendr\u00e1 lugar del 1 al 5 de septiembre de 2021).<\/p>\n\n\n\n<p>Adem\u00e1s de poder visualizar todo esto, tambi\u00e9n pod\u00e9is o\u00edr <a href=\"https:\/\/soundcloud.com\/user-241449549\/rondalla-del-fang-mar-benegas\/s-zhQshyvXDJu\">aqu\u00ed<\/a> una \u00abrondalla\u00bb, un cuento sobre el origen de nuestra laguna m\u00e1s caracter\u00edstica, escrito para la ocasi\u00f3n por Mar Benegas (autora por ejemplo de la Colecci\u00f3n La cereza), narrado por ella misma y por Jes\u00fas Ge. <\/p>\n\n\n\n<p>Al salir de esta sala, nos pasamos tambi\u00e9n a ver la exposici\u00f3n conjunta sobre las fallas, y aunque, por motivos de seguridad (en esta \u00e9poca de pandemia) estaba cerrado, si ten\u00e9is la ocasi\u00f3n, no olvid\u00e9is que en el claustro, ten\u00e9is el Espai de Telles, una zona genial con piezas libres y mesas de luz para los peques de hasta 3 a\u00f1os. <\/p>\n","protected":false},"excerpt":{"rendered":"<p>El fin de semana pasado, fuimos al Centro Cultural del Convento del Carmen (Valencia) a ver la exposici\u00f3n de Dulk que tenemos disponible hasta octubre. Siendo conscientes del delicado momento de sostenibilidad medioambiental que vive nuestro entorno m\u00e1s inmediato y con una fidelidad absoluta al mensaje que contiene la obra art\u00edstica de Antonio Segu (Dulk), [&hellip;]<\/p>\n","protected":false},"author":1,"featured_media":8787,"comment_status":"open","ping_status":"open","sticky":false,"template":"","format":"standard","meta":{"_monsterinsights_skip_tracking":false,"_monsterinsights_sitenote_active":false,"_monsterinsights_sitenote_note":"","_monsterinsights_sitenote_category":0,"_uf_show_specific_survey":0,"_uf_disable_surveys":false,"footnotes":""},"categories":[1689],"tags":[3428,3429,3424,3321,2970,2084,3426,3425],"class_list":["post-8584","post","type-post","status-publish","format-standard","has-post-thumbnail","hentry","category-nuestra-experiencia-con","tag-centre-cultural-del-carmen","tag-contaminacion","tag-dulk","tag-fallas","tag-la-albufera","tag-mar-benegas","tag-rondalla","tag-rondalles-de-fang"],"_links":{"self":[{"href":"https:\/\/madresdesterradas.es\/index.php\/wp-json\/wp\/v2\/posts\/8584","targetHints":{"allow":["GET"]}}],"collection":[{"href":"https:\/\/madresdesterradas.es\/index.php\/wp-json\/wp\/v2\/posts"}],"about":[{"href":"https:\/\/madresdesterradas.es\/index.php\/wp-json\/wp\/v2\/types\/post"}],"author":[{"embeddable":true,"href":"https:\/\/madresdesterradas.es\/index.php\/wp-json\/wp\/v2\/users\/1"}],"replies":[{"embeddable":true,"href":"https:\/\/madresdesterradas.es\/index.php\/wp-json\/wp\/v2\/comments?post=8584"}],"version-history":[{"count":9,"href":"https:\/\/madresdesterradas.es\/index.php\/wp-json\/wp\/v2\/posts\/8584\/revisions"}],"predecessor-version":[{"id":8804,"href":"https:\/\/madresdesterradas.es\/index.php\/wp-json\/wp\/v2\/posts\/8584\/revisions\/8804"}],"wp:featuredmedia":[{"embeddable":true,"href":"https:\/\/madresdesterradas.es\/index.php\/wp-json\/wp\/v2\/media\/8787"}],"wp:attachment":[{"href":"https:\/\/madresdesterradas.es\/index.php\/wp-json\/wp\/v2\/media?parent=8584"}],"wp:term":[{"taxonomy":"category","embeddable":true,"href":"https:\/\/madresdesterradas.es\/index.php\/wp-json\/wp\/v2\/categories?post=8584"},{"taxonomy":"post_tag","embeddable":true,"href":"https:\/\/madresdesterradas.es\/index.php\/wp-json\/wp\/v2\/tags?post=8584"}],"curies":[{"name":"wp","href":"https:\/\/api.w.org\/{rel}","templated":true}]}}