{"id":791,"date":"2017-05-09T14:48:38","date_gmt":"2017-05-09T14:48:38","guid":{"rendered":"https:\/\/madresdesterradas.wordpress.com\/?p=791"},"modified":"2017-05-09T14:48:38","modified_gmt":"2017-05-09T14:48:38","slug":"saco-nordico-infantil-norkid","status":"publish","type":"post","link":"https:\/\/madresdesterradas.es\/index.php\/2017\/05\/09\/saco-nordico-infantil-norkid\/","title":{"rendered":"Saco n\u00f3rdico infantil &#8211; Norkid &#8211;"},"content":{"rendered":"<p>\u00bfC\u00f3mo sobrevivir al invierno si tienes un ni\u00f1o anti-todo?<\/p>\n<p>Ya s\u00e9 que estamos en primavera y con un tiempo casi estival, pero antes de guardarlo definitivamente, os lo ten\u00eda que ense\u00f1ar (y fotografiar).<\/p>\n<p>El primer invierno, L ten\u00eda d\u00edas, as\u00ed que ni nos enteramos.<\/p>\n<p>El invierno pasado&#8230;creo que ha sido borrado de mi memoria como m\u00e9todo de autodefensa, selecci\u00f3n natural, o llamarlo como quer\u00e1is&#8230;No toler\u00f3 ni una m\u00edsera s\u00e1bana, mantas ya ni os cuento. Una vez se dorm\u00eda y lo tap\u00e1bamos, como se moviera un poco, se despertaba como si la manta tuviera una alarma antirrobo&#8230;Nos pasamos todo el invierno despert\u00e1ndonos varias veces durante la noche para taparlo. Vi esta opci\u00f3n por internet, pero el precio&#8230;me ech\u00f3 para atr\u00e1s&#8230;Finalmente (aunque no muy convencidos), compramos el t\u00edpico saco que ten\u00eda mucha gente \u00abe iba bien\u00bb. Pues a mi hijo no, gracias&#8230;<\/p>\n<p><img decoding=\"async\" src=\"https:\/\/images-eu.ssl-images-amazon.com\/images\/I\/410lo3ksc2L._AC_US218_.jpg\" alt=\"Aden + Anais up, up &amp; away - Saco de dormir de verano para beb\u00e9s (talla S-XL, muselina de algod\u00f3n)\" \/><\/p>\n<p>El saco de dormir si te vas de acampada\/campamento, bien. Tan peque\u00f1os y ya con un beb\u00e9 que anda&#8230;me da claustrofobia (\u00e9l debi\u00f3 pensar lo mismo). Lo intentamos 2-3 noches. Fue imposible. La primera conseguimos pon\u00e9rselo, las siguientes ya no. As\u00ed que lo dicho, no s\u00e9 c\u00f3mo sobreviv\u00ed al invierno (dicho as\u00ed, parece que estemos en un cap\u00edtulo de Juego de Tronos, pero de verdad, cuando es una constante tooodas las noches durante varios meses&#8230;\u00a1\u00a1\u00a1\u00a1se nota!!!!)<\/p>\n<p>2016: Winter is coming&#8230;<\/p>\n<p>A pesar del precio (75\u20ac), por lo cual descartamos esta opci\u00f3n el inverno pasado, este oto\u00f1o\/invierno decidimos comprar el saco n\u00f3rdico infantil de <a href=\"http:\/\/www.norkid.com\/es\">Norkid <\/a>porque era ya cuesti\u00f3n de vida o muerte&#8230;<\/p>\n<p>He de deciros, que S tambi\u00e9n lo tiene, y no consinti\u00f3 en pon\u00e9rselo&#8230;pero a nosotros nos salv\u00f3 las noches de qu\u00e9 manera.<\/p>\n<p>Fue bautizado por L como \u00abpijamita especial\u00bb, llegando a pedirnos que se lo pusi\u00e9ramos y neg\u00e1ndose a veces a quit\u00e1rselo.<\/p>\n<p>Hay varios modelos (pod\u00e9is verlos arriba en el enlace). Es reversible. Se lava en la lavadora, se seca extendido al aire libre y viene en una funda con asa.<\/p>\n<p><!--more--><\/p>\n<p>Cuando nos hemos ido de viaje, nos lo hemos llevado.\u00a0La funda tambi\u00e9n la hemos lavado en alguna ocasi\u00f3n, porque al llev\u00e1rnosla, pues se ha ensuciado un poco.<\/p>\n<p><img loading=\"lazy\" decoding=\"async\" class=\"alignnone size-full wp-image-794\" src=\"https:\/\/madresdesterradas.es\/wp-content\/uploads\/2017\/05\/img_20170509_144104.jpg\" alt=\"IMG_20170509_144104\" width=\"3480\" height=\"4640\" srcset=\"https:\/\/madresdesterradas.es\/wp-content\/uploads\/2017\/05\/img_20170509_144104.jpg 3480w, https:\/\/madresdesterradas.es\/wp-content\/uploads\/2017\/05\/img_20170509_144104-225x300.jpg 225w, https:\/\/madresdesterradas.es\/wp-content\/uploads\/2017\/05\/img_20170509_144104-768x1024.jpg 768w, https:\/\/madresdesterradas.es\/wp-content\/uploads\/2017\/05\/img_20170509_144104-1255x1673.jpg 1255w, https:\/\/madresdesterradas.es\/wp-content\/uploads\/2017\/05\/img_20170509_144104-825x1100.jpg 825w, https:\/\/madresdesterradas.es\/wp-content\/uploads\/2017\/05\/img_20170509_144104-395x527.jpg 395w\" sizes=\"auto, (max-width: 3480px) 100vw, 3480px\" \/><\/p>\n<p><img loading=\"lazy\" decoding=\"async\" class=\"alignnone size-full wp-image-795\" src=\"https:\/\/madresdesterradas.es\/wp-content\/uploads\/2017\/05\/img_20170509_144112.jpg\" alt=\"IMG_20170509_144112\" width=\"3480\" height=\"4640\" srcset=\"https:\/\/madresdesterradas.es\/wp-content\/uploads\/2017\/05\/img_20170509_144112.jpg 3480w, https:\/\/madresdesterradas.es\/wp-content\/uploads\/2017\/05\/img_20170509_144112-225x300.jpg 225w, https:\/\/madresdesterradas.es\/wp-content\/uploads\/2017\/05\/img_20170509_144112-768x1024.jpg 768w, https:\/\/madresdesterradas.es\/wp-content\/uploads\/2017\/05\/img_20170509_144112-1255x1673.jpg 1255w, https:\/\/madresdesterradas.es\/wp-content\/uploads\/2017\/05\/img_20170509_144112-825x1100.jpg 825w, https:\/\/madresdesterradas.es\/wp-content\/uploads\/2017\/05\/img_20170509_144112-395x527.jpg 395w\" sizes=\"auto, (max-width: 3480px) 100vw, 3480px\" \/><\/p>\n<figure id=\"attachment_796\" aria-describedby=\"caption-attachment-796\" style=\"width: 3480px\" class=\"wp-caption alignnone\"><img loading=\"lazy\" decoding=\"async\" class=\"alignnone size-full wp-image-796\" src=\"https:\/\/madresdesterradas.es\/wp-content\/uploads\/2017\/05\/img_20170509_144130.jpg\" alt=\"IMG_20170509_144130\" width=\"3480\" height=\"4640\" srcset=\"https:\/\/madresdesterradas.es\/wp-content\/uploads\/2017\/05\/img_20170509_144130.jpg 3480w, https:\/\/madresdesterradas.es\/wp-content\/uploads\/2017\/05\/img_20170509_144130-225x300.jpg 225w, https:\/\/madresdesterradas.es\/wp-content\/uploads\/2017\/05\/img_20170509_144130-768x1024.jpg 768w, https:\/\/madresdesterradas.es\/wp-content\/uploads\/2017\/05\/img_20170509_144130-1255x1673.jpg 1255w, https:\/\/madresdesterradas.es\/wp-content\/uploads\/2017\/05\/img_20170509_144130-825x1100.jpg 825w, https:\/\/madresdesterradas.es\/wp-content\/uploads\/2017\/05\/img_20170509_144130-395x527.jpg 395w\" sizes=\"auto, (max-width: 3480px) 100vw, 3480px\" \/><figcaption id=\"caption-attachment-796\" class=\"wp-caption-text\">Parte posterior<\/figcaption><\/figure>\n<div id='gallery-1' class='gallery galleryid-791 gallery-columns-3 gallery-size-thumbnail'><figure class='gallery-item'>\n\t\t\t<div class='gallery-icon portrait'>\n\t\t\t\t<a href='https:\/\/madresdesterradas.es\/index.php\/2017\/05\/09\/saco-nordico-infantil-norkid\/img_20170509_144241\/'><img loading=\"lazy\" decoding=\"async\" width=\"150\" height=\"150\" src=\"https:\/\/madresdesterradas.es\/wp-content\/uploads\/2017\/05\/img_20170509_144241-150x150.jpg\" class=\"attachment-thumbnail size-thumbnail\" alt=\"\" srcset=\"https:\/\/madresdesterradas.es\/wp-content\/uploads\/2017\/05\/img_20170509_144241-150x150.jpg 150w, https:\/\/madresdesterradas.es\/wp-content\/uploads\/2017\/05\/img_20170509_144241-85x85.jpg 85w, https:\/\/madresdesterradas.es\/wp-content\/uploads\/2017\/05\/img_20170509_144241-170x170.jpg 170w\" sizes=\"auto, (max-width: 150px) 100vw, 150px\" \/><\/a>\n\t\t\t<\/div><\/figure><figure class='gallery-item'>\n\t\t\t<div class='gallery-icon portrait'>\n\t\t\t\t<a href='https:\/\/madresdesterradas.es\/index.php\/2017\/05\/09\/saco-nordico-infantil-norkid\/img_20170509_144250\/'><img loading=\"lazy\" decoding=\"async\" width=\"150\" height=\"150\" src=\"https:\/\/madresdesterradas.es\/wp-content\/uploads\/2017\/05\/img_20170509_144250-150x150.jpg\" class=\"attachment-thumbnail size-thumbnail\" alt=\"\" srcset=\"https:\/\/madresdesterradas.es\/wp-content\/uploads\/2017\/05\/img_20170509_144250-150x150.jpg 150w, https:\/\/madresdesterradas.es\/wp-content\/uploads\/2017\/05\/img_20170509_144250-85x85.jpg 85w, https:\/\/madresdesterradas.es\/wp-content\/uploads\/2017\/05\/img_20170509_144250-170x170.jpg 170w\" sizes=\"auto, (max-width: 150px) 100vw, 150px\" \/><\/a>\n\t\t\t<\/div><\/figure>\n\t\t<\/div>\n\n<p>&nbsp;<\/p>\n<p>Intent\u00e9 hacerle fotos muchas veces, pero entre que se lo pon\u00edamos justo en el momento de dormir y la escasa colaboraci\u00f3n cuando quieres hacerle una foto&#8230;no tengo nada decente que ense\u00f1aros&#8230;<\/p>\n<p>S\u00f3lo deciros que L se lavaba los dientes con \u00e9l, sub\u00eda taburetes, corr\u00eda, saltaba y se mov\u00eda con completa libertad, sin la sensaci\u00f3n de estar encerrado en algo, y nosotros con la tranquilidad de que no iba a tener una hipotermia nocturna.<\/p>\n<p>Durante el invierno, ha pegado un estir\u00f3n y se le ha quedado peque\u00f1o, as\u00ed que los hombros se le escurr\u00edan un poco, pero a \u00e9l le resultaba igual de c\u00f3modo que antes.<\/p>\n<div id='gallery-2' class='gallery galleryid-791 gallery-columns-1 gallery-size-thumbnail'><figure class='gallery-item'>\n\t\t\t<div class='gallery-icon portrait'>\n\t\t\t\t<a href='https:\/\/madresdesterradas.es\/index.php\/2017\/05\/09\/saco-nordico-infantil-norkid\/inkedimg-20161201-wa0079_li\/'><img loading=\"lazy\" decoding=\"async\" width=\"150\" height=\"150\" src=\"https:\/\/madresdesterradas.es\/wp-content\/uploads\/2017\/05\/inkedimg-20161201-wa0079_li-150x150.jpg\" class=\"attachment-thumbnail size-thumbnail\" alt=\"\" srcset=\"https:\/\/madresdesterradas.es\/wp-content\/uploads\/2017\/05\/inkedimg-20161201-wa0079_li-150x150.jpg 150w, https:\/\/madresdesterradas.es\/wp-content\/uploads\/2017\/05\/inkedimg-20161201-wa0079_li-85x85.jpg 85w, https:\/\/madresdesterradas.es\/wp-content\/uploads\/2017\/05\/inkedimg-20161201-wa0079_li-170x170.jpg 170w\" sizes=\"auto, (max-width: 150px) 100vw, 150px\" \/><\/a>\n\t\t\t<\/div><\/figure><figure class='gallery-item'>\n\t\t\t<div class='gallery-icon landscape'>\n\t\t\t\t<a href='https:\/\/madresdesterradas.es\/index.php\/2017\/05\/09\/saco-nordico-infantil-norkid\/20161201_220757\/'><img loading=\"lazy\" decoding=\"async\" width=\"150\" height=\"150\" src=\"https:\/\/madresdesterradas.es\/wp-content\/uploads\/2017\/05\/20161201_220757-150x150.jpg\" class=\"attachment-thumbnail size-thumbnail\" alt=\"\" srcset=\"https:\/\/madresdesterradas.es\/wp-content\/uploads\/2017\/05\/20161201_220757-150x150.jpg 150w, https:\/\/madresdesterradas.es\/wp-content\/uploads\/2017\/05\/20161201_220757-85x85.jpg 85w, https:\/\/madresdesterradas.es\/wp-content\/uploads\/2017\/05\/20161201_220757-170x170.jpg 170w\" sizes=\"auto, (max-width: 150px) 100vw, 150px\" \/><\/a>\n\t\t\t<\/div><\/figure><figure class='gallery-item'>\n\t\t\t<div class='gallery-icon portrait'>\n\t\t\t\t<a href='https:\/\/madresdesterradas.es\/index.php\/2017\/05\/09\/saco-nordico-infantil-norkid\/inkedimg_20170408_093831_li\/'><img loading=\"lazy\" decoding=\"async\" width=\"150\" height=\"150\" src=\"https:\/\/madresdesterradas.es\/wp-content\/uploads\/2017\/05\/inkedimg_20170408_093831_li-150x150.jpg\" class=\"attachment-thumbnail size-thumbnail\" alt=\"\" srcset=\"https:\/\/madresdesterradas.es\/wp-content\/uploads\/2017\/05\/inkedimg_20170408_093831_li-150x150.jpg 150w, https:\/\/madresdesterradas.es\/wp-content\/uploads\/2017\/05\/inkedimg_20170408_093831_li-85x85.jpg 85w, https:\/\/madresdesterradas.es\/wp-content\/uploads\/2017\/05\/inkedimg_20170408_093831_li-170x170.jpg 170w\" sizes=\"auto, (max-width: 150px) 100vw, 150px\" \/><\/a>\n\t\t\t<\/div><\/figure><figure class='gallery-item'>\n\t\t\t<div class='gallery-icon portrait'>\n\t\t\t\t<a href='https:\/\/madresdesterradas.es\/index.php\/2017\/05\/09\/saco-nordico-infantil-norkid\/inkedimg_20170408_093739_li\/'><img loading=\"lazy\" decoding=\"async\" width=\"150\" height=\"150\" src=\"https:\/\/madresdesterradas.es\/wp-content\/uploads\/2017\/05\/inkedimg_20170408_093739_li-150x150.jpg\" class=\"attachment-thumbnail size-thumbnail\" alt=\"\" srcset=\"https:\/\/madresdesterradas.es\/wp-content\/uploads\/2017\/05\/inkedimg_20170408_093739_li-150x150.jpg 150w, https:\/\/madresdesterradas.es\/wp-content\/uploads\/2017\/05\/inkedimg_20170408_093739_li-85x85.jpg 85w, https:\/\/madresdesterradas.es\/wp-content\/uploads\/2017\/05\/inkedimg_20170408_093739_li-170x170.jpg 170w\" sizes=\"auto, (max-width: 150px) 100vw, 150px\" \/><\/a>\n\t\t\t<\/div><\/figure><figure class='gallery-item'>\n\t\t\t<div class='gallery-icon portrait'>\n\t\t\t\t<a href='https:\/\/madresdesterradas.es\/index.php\/2017\/05\/09\/saco-nordico-infantil-norkid\/inkedimg_20170407_083211_li\/'><img loading=\"lazy\" decoding=\"async\" width=\"150\" height=\"150\" src=\"https:\/\/madresdesterradas.es\/wp-content\/uploads\/2017\/05\/inkedimg_20170407_083211_li-150x150.jpg\" class=\"attachment-thumbnail size-thumbnail\" alt=\"\" srcset=\"https:\/\/madresdesterradas.es\/wp-content\/uploads\/2017\/05\/inkedimg_20170407_083211_li-150x150.jpg 150w, https:\/\/madresdesterradas.es\/wp-content\/uploads\/2017\/05\/inkedimg_20170407_083211_li-85x85.jpg 85w, https:\/\/madresdesterradas.es\/wp-content\/uploads\/2017\/05\/inkedimg_20170407_083211_li-170x170.jpg 170w\" sizes=\"auto, (max-width: 150px) 100vw, 150px\" \/><\/a>\n\t\t\t<\/div><\/figure>\n\t\t<\/div>\n\n<p>&nbsp;<\/p>\n<p>Visto lo visto, salvo que cambiemos de costumbre con el paso del tiempo, y a pesar del \u20ac\u20ac\u20ac\u20ac\u20ac, creo que el pr\u00f3ximo oto\u00f1o\/invierno, repetiremos.<\/p>\n<p>&nbsp;<\/p>\n","protected":false},"excerpt":{"rendered":"<p>\u00bfC\u00f3mo sobrevivir al invierno si tienes un ni\u00f1o anti-todo? Ya s\u00e9 que estamos en primavera y con un tiempo casi estival, pero antes de guardarlo definitivamente, os lo ten\u00eda que ense\u00f1ar (y fotografiar). El primer invierno, L ten\u00eda d\u00edas, as\u00ed que ni nos enteramos. El invierno pasado&#8230;creo que ha sido borrado de mi memoria como [&hellip;]<\/p>\n","protected":false},"author":1,"featured_media":796,"comment_status":"open","ping_status":"open","sticky":false,"template":"","format":"standard","meta":{"_monsterinsights_skip_tracking":false,"_monsterinsights_sitenote_active":false,"_monsterinsights_sitenote_note":"","_monsterinsights_sitenote_category":0,"_uf_show_specific_survey":0,"_uf_disable_surveys":false,"footnotes":""},"categories":[1689],"tags":[2534,2535,2536,2265,2537,2538,2539,2540,2541,2542,2543,2274,2544],"class_list":["post-791","post","type-post","status-publish","format-standard","has-post-thumbnail","hentry","category-nuestra-experiencia-con","tag-childrens-nordic-bag","tag-eternal-nigths","tag-frio","tag-invierno","tag-no-me-tapes","tag-noches-eternas","tag-nordic-bag","tag-norkid","tag-saco-infantil","tag-saco-nordico-infantil","tag-sobreviviendo","tag-winter","tag-winter-is-coming"],"_links":{"self":[{"href":"https:\/\/madresdesterradas.es\/index.php\/wp-json\/wp\/v2\/posts\/791","targetHints":{"allow":["GET"]}}],"collection":[{"href":"https:\/\/madresdesterradas.es\/index.php\/wp-json\/wp\/v2\/posts"}],"about":[{"href":"https:\/\/madresdesterradas.es\/index.php\/wp-json\/wp\/v2\/types\/post"}],"author":[{"embeddable":true,"href":"https:\/\/madresdesterradas.es\/index.php\/wp-json\/wp\/v2\/users\/1"}],"replies":[{"embeddable":true,"href":"https:\/\/madresdesterradas.es\/index.php\/wp-json\/wp\/v2\/comments?post=791"}],"version-history":[{"count":0,"href":"https:\/\/madresdesterradas.es\/index.php\/wp-json\/wp\/v2\/posts\/791\/revisions"}],"wp:featuredmedia":[{"embeddable":true,"href":"https:\/\/madresdesterradas.es\/index.php\/wp-json\/wp\/v2\/media\/796"}],"wp:attachment":[{"href":"https:\/\/madresdesterradas.es\/index.php\/wp-json\/wp\/v2\/media?parent=791"}],"wp:term":[{"taxonomy":"category","embeddable":true,"href":"https:\/\/madresdesterradas.es\/index.php\/wp-json\/wp\/v2\/categories?post=791"},{"taxonomy":"post_tag","embeddable":true,"href":"https:\/\/madresdesterradas.es\/index.php\/wp-json\/wp\/v2\/tags?post=791"}],"curies":[{"name":"wp","href":"https:\/\/api.w.org\/{rel}","templated":true}]}}