{"id":7734,"date":"2021-02-08T19:37:35","date_gmt":"2021-02-08T18:37:35","guid":{"rendered":"http:\/\/madresdesterradas.es\/?p=7734"},"modified":"2021-02-08T20:25:56","modified_gmt":"2021-02-08T19:25:56","slug":"el-grotlin","status":"publish","type":"post","link":"https:\/\/madresdesterradas.es\/index.php\/2021\/02\/08\/el-grotlin\/","title":{"rendered":"El Grotlin"},"content":{"rendered":"\n<blockquote class=\"wp-block-quote is-style-large is-layout-flow wp-block-quote-is-layout-flow\"><p><em>Yo s\u00e9 cu\u00e1ndo el Grotlin a tu casa ha entrado, <\/em><\/p><p><em>por una rendija o por el tejado. <\/em><\/p><p><em>Aquello que piensas que puede ser<\/em><\/p><p><em>es lo que tus ojos te har\u00e1n ver<\/em><\/p><\/blockquote>\n\n\n\n<p class=\"has-cyan-bluish-gray-background-color has-background\">Resumen esquem\u00e1tico<\/p>\n\n\n\n<ul class=\"wp-block-list\"><li>T\u00edtulo: El Grotlin<\/li><li>Autor e ilustrador: Benji Davies<\/li><li>Editorial: Andana Editorial<\/li><li>Edici\u00f3n: 2017<\/li><li>N\u00famero de p\u00e1ginas: 32<\/li><li>Edad recomendada: a partir de 4 a\u00f1os<\/li><li>PVP: 15&#8217;90 \u20ac<\/li><li>ISBN: 987-84-16394-77-7<\/li><\/ul>\n\n\n\n<p class=\"has-cyan-bluish-gray-background-color has-background\">El libro<\/p>\n\n\n\n<p>Benji Davies nos lleva en esta ocasi\u00f3n a un barrio londinense en el siglo XIX, en puede que su libro \u00abm\u00e1s oscuro\u00bb&#8230;<\/p>\n\n\n\n<p>\u00bfQu\u00e9 es el Grotlin? \u00bfQu\u00e9 est\u00e1 pasando por las noches? \u00bfQu\u00e9 asusta a los habitantes y se oculta sigiloso? \u00bfQu\u00e9 ser\u00e1 esta criatura?<\/p>\n\n\n\n<figure class=\"wp-block-image size-large\"><img loading=\"lazy\" decoding=\"async\" width=\"852\" height=\"1024\" src=\"https:\/\/madresdesterradas.es\/wp-content\/uploads\/2021\/02\/PicsArt_02-07-09.09.273-852x1024.jpg\" alt=\"\" class=\"wp-image-7737\" srcset=\"https:\/\/madresdesterradas.es\/wp-content\/uploads\/2021\/02\/PicsArt_02-07-09.09.273-852x1024.jpg 852w, https:\/\/madresdesterradas.es\/wp-content\/uploads\/2021\/02\/PicsArt_02-07-09.09.273-250x300.jpg 250w, https:\/\/madresdesterradas.es\/wp-content\/uploads\/2021\/02\/PicsArt_02-07-09.09.273-768x923.jpg 768w, https:\/\/madresdesterradas.es\/wp-content\/uploads\/2021\/02\/PicsArt_02-07-09.09.273-1278x1536.jpg 1278w, https:\/\/madresdesterradas.es\/wp-content\/uploads\/2021\/02\/PicsArt_02-07-09.09.273-1705x2048.jpg 1705w, https:\/\/madresdesterradas.es\/wp-content\/uploads\/2021\/02\/PicsArt_02-07-09.09.273-1255x1508.jpg 1255w, https:\/\/madresdesterradas.es\/wp-content\/uploads\/2021\/02\/PicsArt_02-07-09.09.273-825x991.jpg 825w, https:\/\/madresdesterradas.es\/wp-content\/uploads\/2021\/02\/PicsArt_02-07-09.09.273-395x475.jpg 395w\" sizes=\"auto, (max-width: 852px) 100vw, 852px\" \/><figcaption>Rubi se va a su habitaci\u00f3n, sin parar de pensar en la canci\u00f3n que ha o\u00eddo en el organillo. Oye un ruido \u00bfser\u00e1 un rat\u00f3n? Pero ve que algo se lleva su quinqu\u00e9&#8230;no se atreve a mirar para ver qu\u00e9 es&#8230;es El Grotlin, y tiene miedo<\/figcaption><\/figure>\n\n\n\n<blockquote class=\"wp-block-quote is-layout-flow wp-block-quote-is-layout-flow\"><p>Pero no teng\u00e1is miedo a dormir ni a so\u00f1ar, porque las apariencias, pueden enga\u00f1ar. <\/p><\/blockquote>\n\n\n\n<figure class=\"wp-block-image size-large\"><img loading=\"lazy\" decoding=\"async\" width=\"909\" height=\"1024\" src=\"https:\/\/madresdesterradas.es\/wp-content\/uploads\/2021\/02\/PicsArt_02-07-09.10.212-909x1024.jpg\" alt=\"\" class=\"wp-image-7738\" srcset=\"https:\/\/madresdesterradas.es\/wp-content\/uploads\/2021\/02\/PicsArt_02-07-09.10.212-909x1024.jpg 909w, https:\/\/madresdesterradas.es\/wp-content\/uploads\/2021\/02\/PicsArt_02-07-09.10.212-266x300.jpg 266w, https:\/\/madresdesterradas.es\/wp-content\/uploads\/2021\/02\/PicsArt_02-07-09.10.212-768x865.jpg 768w, https:\/\/madresdesterradas.es\/wp-content\/uploads\/2021\/02\/PicsArt_02-07-09.10.212-1363x1536.jpg 1363w, https:\/\/madresdesterradas.es\/wp-content\/uploads\/2021\/02\/PicsArt_02-07-09.10.212-1818x2048.jpg 1818w, https:\/\/madresdesterradas.es\/wp-content\/uploads\/2021\/02\/PicsArt_02-07-09.10.212-1255x1414.jpg 1255w, https:\/\/madresdesterradas.es\/wp-content\/uploads\/2021\/02\/PicsArt_02-07-09.10.212-825x929.jpg 825w, https:\/\/madresdesterradas.es\/wp-content\/uploads\/2021\/02\/PicsArt_02-07-09.10.212-395x445.jpg 395w\" sizes=\"auto, (max-width: 909px) 100vw, 909px\" \/><figcaption>Sam nota un golpe de viento&#8230;\u00bfQu\u00e9 habr\u00e1 sido? Cada uno de los habitantes \u00abha notado\u00bb algo, unos han visto una sombra, a otros les ha desaparecido algo&#8230;a Vickers, el polic\u00eda, le ha quitado su colada&#8230;<\/figcaption><\/figure>\n\n\n\n<p>Es una criatura muy r\u00e1pida, y el agente Vickers le pierde la pista. Solo sabemos qu\u00e9 se ha llevado (y no entendemos nada) \u00bfQu\u00e9 estar\u00e1 tramando esta criatura?<\/p>\n\n\n\n<p>Llegados a este punto, si hab\u00e9is (los peques le prestan mucha m\u00e1s atenci\u00f3n que nosotros a los cuentos&#8230;) sido observadores, ya sabr\u00e9is qui\u00e9n es El Grotlin \u00bfqui\u00e9n pens\u00e1is que es esta criatura que act\u00faa por la noche? \u00bfQu\u00e9 estar\u00e1 tramando?<\/p>\n\n\n\n<figure class=\"wp-block-image size-large\"><img loading=\"lazy\" decoding=\"async\" width=\"1024\" height=\"635\" src=\"https:\/\/madresdesterradas.es\/wp-content\/uploads\/2021\/02\/PicsArt_02-07-09.11.122-1024x635.jpg\" alt=\"\" class=\"wp-image-7736\" srcset=\"https:\/\/madresdesterradas.es\/wp-content\/uploads\/2021\/02\/PicsArt_02-07-09.11.122-1024x635.jpg 1024w, https:\/\/madresdesterradas.es\/wp-content\/uploads\/2021\/02\/PicsArt_02-07-09.11.122-300x186.jpg 300w, https:\/\/madresdesterradas.es\/wp-content\/uploads\/2021\/02\/PicsArt_02-07-09.11.122-768x476.jpg 768w, https:\/\/madresdesterradas.es\/wp-content\/uploads\/2021\/02\/PicsArt_02-07-09.11.122-1536x952.jpg 1536w, https:\/\/madresdesterradas.es\/wp-content\/uploads\/2021\/02\/PicsArt_02-07-09.11.122-2048x1270.jpg 2048w, https:\/\/madresdesterradas.es\/wp-content\/uploads\/2021\/02\/PicsArt_02-07-09.11.122-1255x778.jpg 1255w, https:\/\/madresdesterradas.es\/wp-content\/uploads\/2021\/02\/PicsArt_02-07-09.11.122-825x512.jpg 825w, https:\/\/madresdesterradas.es\/wp-content\/uploads\/2021\/02\/PicsArt_02-07-09.11.122-395x245.jpg 395w\" sizes=\"auto, (max-width: 1024px) 100vw, 1024px\" \/><figcaption>Y&#8230;\u00bfqu\u00e9 trama el Grotlin? La manera de escapar a su vida de cautiverio.<\/figcaption><\/figure>\n\n\n\n<figure class=\"wp-block-image size-large\"><img loading=\"lazy\" decoding=\"async\" width=\"1024\" height=\"963\" src=\"https:\/\/madresdesterradas.es\/wp-content\/uploads\/2021\/02\/PicsArt_02-07-09.11.562-1024x963.jpg\" alt=\"\" class=\"wp-image-7735\" srcset=\"https:\/\/madresdesterradas.es\/wp-content\/uploads\/2021\/02\/PicsArt_02-07-09.11.562-1024x963.jpg 1024w, https:\/\/madresdesterradas.es\/wp-content\/uploads\/2021\/02\/PicsArt_02-07-09.11.562-300x282.jpg 300w, https:\/\/madresdesterradas.es\/wp-content\/uploads\/2021\/02\/PicsArt_02-07-09.11.562-768x722.jpg 768w, https:\/\/madresdesterradas.es\/wp-content\/uploads\/2021\/02\/PicsArt_02-07-09.11.562-1536x1444.jpg 1536w, https:\/\/madresdesterradas.es\/wp-content\/uploads\/2021\/02\/PicsArt_02-07-09.11.562-2048x1925.jpg 2048w, https:\/\/madresdesterradas.es\/wp-content\/uploads\/2021\/02\/PicsArt_02-07-09.11.562-1255x1180.jpg 1255w, https:\/\/madresdesterradas.es\/wp-content\/uploads\/2021\/02\/PicsArt_02-07-09.11.562-825x776.jpg 825w, https:\/\/madresdesterradas.es\/wp-content\/uploads\/2021\/02\/PicsArt_02-07-09.11.562-610x575.jpg 610w, https:\/\/madresdesterradas.es\/wp-content\/uploads\/2021\/02\/PicsArt_02-07-09.11.562-288x271.jpg 288w, https:\/\/madresdesterradas.es\/wp-content\/uploads\/2021\/02\/PicsArt_02-07-09.11.562-401x378.jpg 401w, https:\/\/madresdesterradas.es\/wp-content\/uploads\/2021\/02\/PicsArt_02-07-09.11.562-260x245.jpg 260w, https:\/\/madresdesterradas.es\/wp-content\/uploads\/2021\/02\/PicsArt_02-07-09.11.562-395x371.jpg 395w\" sizes=\"auto, (max-width: 1024px) 100vw, 1024px\" \/><figcaption>Ten\u00eda un gran plan oculto&#8230;la peque\u00f1a Rubi al fin vio con sus ojos&#8230;un monito muy listo que se escapaba de una vida muy triste.<\/figcaption><\/figure>\n\n\n\n<p class=\"has-cyan-bluish-gray-background-color has-background\">Sobre el autor<\/p>\n\n\n\n<p>Seguro que todos lo conoc\u00e9is, pero por si acaso, Benji Davies es ilustrador, autor y director de animaci\u00f3n.&nbsp;Benji estudi\u00f3 animaci\u00f3n en la universidad, donde aprendi\u00f3 a contar historias con ilustraciones.<\/p>\n\n\n\n<p>Sus libros se pueden leer en m\u00e1s de treinta y cinco idiomas y se han vendido m\u00e1s de 6 millones de copias en todo el mundo, un hecho que le ha convertido en uno de los autores de \u00e1lbumes ilustrados m\u00e1s premiados y vendidos del momento.&nbsp;<\/p>\n\n\n\n<p>Actualmente, vive en el este de Londres con su esposa e hija.&nbsp;<\/p>\n\n\n\n<p>Su primer libro \u00e1lbum ilustrado,&nbsp;<strong><em>La ballena,&nbsp;<\/em><\/strong>gan\u00f3 el Premio Oscar de los libros y se ha convertido en todo un \u00e9xito de ventas. Su segundo \u00e1lbum,&nbsp;<strong><em>La isla del abuelo<\/em><\/strong>, gan\u00f3 la categor\u00eda de libros infantiles de los premios AOI World Ilustraci\u00f3n y tambi\u00e9n es uno de los m\u00e1s vendidos en las librer\u00edas de todo el mundo.<\/p>\n\n\n\n<p class=\"has-cyan-bluish-gray-background-color has-background\">Comentarios<\/p>\n\n\n\n<p>Un maravilloso libro rimado de Benji Davies, al estilo g\u00f3tico, inspirado en Edgar Allan Poe, con sus ilustraciones caracter\u00edsticas (e inconfundibles) que son maravillosas, tiernas y muy expresivas.<\/p>\n\n\n\n<p>El nombre surgi\u00f3 como mezcla de ideas entre grotty (grotesco) y goblin\/gremlin.<\/p>\n\n\n\n<p>El Grotlin nos sirve para hablar de emociones y de los miedos que les pueden surgir a los ni\u00f1os con las cosas que no ven. Descubrir lo que nos provoca temor es una buena medida para enfrentarnos a todo aquello que nos crea inseguridad. Al mismo tiempo, el libro tambi\u00e9n nos hace reflexionar sobre los enga\u00f1os que se pueden esconder tras las apariencias. <\/p>\n\n\n\n<p>Nos encanta la idea de hacer un libro en un escenario \u00abat\u00edpico\u00bb, oscuro y por la noche.<\/p>\n\n\n\n<p>Os proponemos como actividades hacer un globo con diferentes objetos (que no sean robados, please!), hacer una m\u00e1scara de mono o aprovechar para hablar de emociones o miedo a la oscuridad.<\/p>\n","protected":false},"excerpt":{"rendered":"<p>Yo s\u00e9 cu\u00e1ndo el Grotlin a tu casa ha entrado, por una rendija o por el tejado. Aquello que piensas que puede ser es lo que tus ojos te har\u00e1n ver Resumen esquem\u00e1tico T\u00edtulo: El Grotlin Autor e ilustrador: Benji Davies Editorial: Andana Editorial Edici\u00f3n: 2017 N\u00famero de p\u00e1ginas: 32 Edad recomendada: a partir de [&hellip;]<\/p>\n","protected":false},"author":1,"featured_media":7739,"comment_status":"open","ping_status":"open","sticky":false,"template":"","format":"standard","meta":{"_monsterinsights_skip_tracking":false,"_monsterinsights_sitenote_active":false,"_monsterinsights_sitenote_note":"","_monsterinsights_sitenote_category":0,"_uf_show_specific_survey":0,"_uf_disable_surveys":false,"footnotes":""},"categories":[1351],"tags":[1968,2745,2748,3283,1816],"class_list":["post-7734","post","type-post","status-publish","format-standard","has-post-thumbnail","hentry","category-libros","tag-album-ilustrado","tag-benji-davies","tag-editorial-andana","tag-el-grotlin","tag-libros-para-ninos"],"_links":{"self":[{"href":"https:\/\/madresdesterradas.es\/index.php\/wp-json\/wp\/v2\/posts\/7734","targetHints":{"allow":["GET"]}}],"collection":[{"href":"https:\/\/madresdesterradas.es\/index.php\/wp-json\/wp\/v2\/posts"}],"about":[{"href":"https:\/\/madresdesterradas.es\/index.php\/wp-json\/wp\/v2\/types\/post"}],"author":[{"embeddable":true,"href":"https:\/\/madresdesterradas.es\/index.php\/wp-json\/wp\/v2\/users\/1"}],"replies":[{"embeddable":true,"href":"https:\/\/madresdesterradas.es\/index.php\/wp-json\/wp\/v2\/comments?post=7734"}],"version-history":[{"count":8,"href":"https:\/\/madresdesterradas.es\/index.php\/wp-json\/wp\/v2\/posts\/7734\/revisions"}],"predecessor-version":[{"id":7769,"href":"https:\/\/madresdesterradas.es\/index.php\/wp-json\/wp\/v2\/posts\/7734\/revisions\/7769"}],"wp:featuredmedia":[{"embeddable":true,"href":"https:\/\/madresdesterradas.es\/index.php\/wp-json\/wp\/v2\/media\/7739"}],"wp:attachment":[{"href":"https:\/\/madresdesterradas.es\/index.php\/wp-json\/wp\/v2\/media?parent=7734"}],"wp:term":[{"taxonomy":"category","embeddable":true,"href":"https:\/\/madresdesterradas.es\/index.php\/wp-json\/wp\/v2\/categories?post=7734"},{"taxonomy":"post_tag","embeddable":true,"href":"https:\/\/madresdesterradas.es\/index.php\/wp-json\/wp\/v2\/tags?post=7734"}],"curies":[{"name":"wp","href":"https:\/\/api.w.org\/{rel}","templated":true}]}}