{"id":7685,"date":"2021-02-01T10:34:53","date_gmt":"2021-02-01T09:34:53","guid":{"rendered":"http:\/\/madresdesterradas.es\/?p=7685"},"modified":"2021-02-01T11:32:51","modified_gmt":"2021-02-01T10:32:51","slug":"coleccion-el-seto-de-las-zarzas","status":"publish","type":"post","link":"https:\/\/madresdesterradas.es\/index.php\/2021\/02\/01\/coleccion-el-seto-de-las-zarzas\/","title":{"rendered":"Colecci\u00f3n El seto de las zarzas"},"content":{"rendered":"\n<p>\u00abEl seto de las zarzas\u00bb es un conjunto de libros escritos e ilustrados por Jill Barklem (1951-2017) a principios de los a\u00f1os 80. Fueron re-editados en 2010 por Noguer Ediciones y en 2018 (aunque los compramos el a\u00f1o pasado) fueron reeditados estos 4 que os dejamos a continuaci\u00f3n, por Blackie Books.<\/p>\n\n\n\n<p>Tenemos:<\/p>\n\n\n\n<div class=\"wp-block-media-text alignwide is-stacked-on-mobile\"><figure class=\"wp-block-media-text__media\"><img loading=\"lazy\" decoding=\"async\" width=\"768\" height=\"1024\" src=\"https:\/\/madresdesterradas.es\/wp-content\/uploads\/2021\/02\/PXL_20210130_145006408-768x1024.jpg\" alt=\"\" class=\"wp-image-7693 size-full\" srcset=\"https:\/\/madresdesterradas.es\/wp-content\/uploads\/2021\/02\/PXL_20210130_145006408-768x1024.jpg 768w, https:\/\/madresdesterradas.es\/wp-content\/uploads\/2021\/02\/PXL_20210130_145006408-225x300.jpg 225w, https:\/\/madresdesterradas.es\/wp-content\/uploads\/2021\/02\/PXL_20210130_145006408-1152x1536.jpg 1152w, https:\/\/madresdesterradas.es\/wp-content\/uploads\/2021\/02\/PXL_20210130_145006408-1536x2048.jpg 1536w, https:\/\/madresdesterradas.es\/wp-content\/uploads\/2021\/02\/PXL_20210130_145006408-1255x1673.jpg 1255w, https:\/\/madresdesterradas.es\/wp-content\/uploads\/2021\/02\/PXL_20210130_145006408-825x1100.jpg 825w, https:\/\/madresdesterradas.es\/wp-content\/uploads\/2021\/02\/PXL_20210130_145006408-395x527.jpg 395w, https:\/\/madresdesterradas.es\/wp-content\/uploads\/2021\/02\/PXL_20210130_145006408-scaled.jpg 1920w\" sizes=\"auto, (max-width: 768px) 100vw, 768px\" \/><\/figure><div class=\"wp-block-media-text__content\">\n<ul class=\"wp-block-list\" id=\"block-5013eb9f-5d83-4f66-8b24-95d2a686498e\"><li>Cuento de primavera<\/li><li>Cuento de verano<\/li><li>Cuento de oto\u00f1o<\/li><li>Cuento de invierno<\/li><\/ul>\n<\/div><\/div>\n\n\n\n<p>Son libros de peque\u00f1o tama\u00f1o (14&#215;17 cm) de 32 p\u00e1ginas y de tapa dura.  Incluso en la tapa, pod\u00e9is ver el cambio de las zarzas a lo largo de las estaciones. Cuestan aproximadamente 11&#8217;30\u20ac cada unidad (seg\u00fan puntos de venta).<\/p>\n\n\n\n<p>Sus ilustraciones son muy detalladas, transmitiendo a la perfecci\u00f3n los colores y paisajes de cada temporada; nos recuerdan un poco a Peter Rabbit (de Beatrix Potter) y nos trasladan a los cuentos de nuestra infancia. Tambi\u00e9n est\u00e1n muy enriquecidas, ilustrando con gran detalle almacenes, habitaciones, largas galer\u00edas excavadas y decoradas al mil\u00edmetro&#8230;<\/p>\n\n\n\n<p>\u00bfQuer\u00e9is saber algo m\u00e1s sobre estos entra\u00f1ables ratoncitos? Pues viven aqu\u00ed:<\/p>\n\n\n\n<figure class=\"wp-block-image size-large\"><img loading=\"lazy\" decoding=\"async\" width=\"1024\" height=\"586\" src=\"https:\/\/madresdesterradas.es\/wp-content\/uploads\/2021\/02\/PXL_20210130_124715887-1024x586.jpg\" alt=\"\" class=\"wp-image-7697\" srcset=\"https:\/\/madresdesterradas.es\/wp-content\/uploads\/2021\/02\/PXL_20210130_124715887-1024x586.jpg 1024w, https:\/\/madresdesterradas.es\/wp-content\/uploads\/2021\/02\/PXL_20210130_124715887-300x172.jpg 300w, https:\/\/madresdesterradas.es\/wp-content\/uploads\/2021\/02\/PXL_20210130_124715887-768x439.jpg 768w, https:\/\/madresdesterradas.es\/wp-content\/uploads\/2021\/02\/PXL_20210130_124715887-1536x879.jpg 1536w, https:\/\/madresdesterradas.es\/wp-content\/uploads\/2021\/02\/PXL_20210130_124715887-2048x1172.jpg 2048w, https:\/\/madresdesterradas.es\/wp-content\/uploads\/2021\/02\/PXL_20210130_124715887-1255x718.jpg 1255w, https:\/\/madresdesterradas.es\/wp-content\/uploads\/2021\/02\/PXL_20210130_124715887-825x472.jpg 825w, https:\/\/madresdesterradas.es\/wp-content\/uploads\/2021\/02\/PXL_20210130_124715887-395x226.jpg 395w\" sizes=\"auto, (max-width: 1024px) 100vw, 1024px\" \/><figcaption>Aqu\u00ed ten\u00e9is la guarda del libro, con un mapa sobre d\u00f3nde est\u00e1 ubicada cada zona de las que nos hablan en los libros, para poder hacernos una idea de por d\u00f3nde juegan, se pierden o meriendan los ratoncitos<\/figcaption><\/figure>\n\n\n\n<p>Durante generaciones, muchas familias de ratones han construido sus hogares entre las ra\u00edces y los troncos de los \u00e1rboles del Seto de las Zarzas, un frondoso para\u00edso de mil colores entre los campos llenos de luz al otro lado del r\u00edo. Son una comunidad secreta de ratoncitos que respetan y aman la naturaleza.<\/p>\n\n\n\n<p>Los ratones del Seto de las Zarzas andan siempre muy ocupados. Cuando hace buen tiempo, recogen flores, fruta, bayas y nueces en los campos que los rodean, y preparan mermeladas y conservas deliciosas que guardan en el Almac\u00e9n del Tronco para los meses de invierno.<\/p>\n\n\n\n<p>Pero, aunque los ratones trabajan mucho, tambi\u00e9n encuentran tiempo para divertirse. A lo largo del a\u00f1o, celebran los d\u00edas se\u00f1alados con fiestas y banquetes, ya sea un cumplea\u00f1os, una boda o la llegada de la primavera\u2026 Lo importante es encontrar una oportunidad parajuntarse y pasarlo bien.<\/p>\n\n\n\n<figure class=\"wp-block-image size-large\"><img loading=\"lazy\" decoding=\"async\" width=\"768\" height=\"1024\" src=\"https:\/\/madresdesterradas.es\/wp-content\/uploads\/2021\/02\/CYMERA_20210201_071930.jpg\" alt=\"\" class=\"wp-image-7703\" srcset=\"https:\/\/madresdesterradas.es\/wp-content\/uploads\/2021\/02\/CYMERA_20210201_071930.jpg 768w, https:\/\/madresdesterradas.es\/wp-content\/uploads\/2021\/02\/CYMERA_20210201_071930-225x300.jpg 225w, https:\/\/madresdesterradas.es\/wp-content\/uploads\/2021\/02\/CYMERA_20210201_071930-395x527.jpg 395w\" sizes=\"auto, (max-width: 768px) 100vw, 768px\" \/><figcaption>En Cuento de primavera veremos la organizaci\u00f3n para la fiesta de cumplea\u00f1os de Lino Pelosuave<\/figcaption><\/figure>\n\n\n\n<figure class=\"wp-block-image size-large\"><img loading=\"lazy\" decoding=\"async\" width=\"1024\" height=\"1024\" src=\"https:\/\/madresdesterradas.es\/wp-content\/uploads\/2021\/02\/CYMERA_20210201_072135.jpg\" alt=\"\" class=\"wp-image-7707\" srcset=\"https:\/\/madresdesterradas.es\/wp-content\/uploads\/2021\/02\/CYMERA_20210201_072135.jpg 1024w, https:\/\/madresdesterradas.es\/wp-content\/uploads\/2021\/02\/CYMERA_20210201_072135-300x300.jpg 300w, https:\/\/madresdesterradas.es\/wp-content\/uploads\/2021\/02\/CYMERA_20210201_072135-150x150.jpg 150w, https:\/\/madresdesterradas.es\/wp-content\/uploads\/2021\/02\/CYMERA_20210201_072135-768x768.jpg 768w, https:\/\/madresdesterradas.es\/wp-content\/uploads\/2021\/02\/CYMERA_20210201_072135-825x825.jpg 825w, https:\/\/madresdesterradas.es\/wp-content\/uploads\/2021\/02\/CYMERA_20210201_072135-85x85.jpg 85w, https:\/\/madresdesterradas.es\/wp-content\/uploads\/2021\/02\/CYMERA_20210201_072135-170x170.jpg 170w, https:\/\/madresdesterradas.es\/wp-content\/uploads\/2021\/02\/CYMERA_20210201_072135-395x395.jpg 395w\" sizes=\"auto, (max-width: 1024px) 100vw, 1024px\" \/><figcaption>El Cuento de verano, gira en torno a la boda de la Se\u00f1orita Amapola Vistalegre (responsable de la lecher\u00eda) y el Sr. Polvor\u00f3n, que se ocupaba del molino.<\/figcaption><\/figure>\n\n\n\n<figure class=\"wp-block-image size-large\"><img loading=\"lazy\" decoding=\"async\" width=\"768\" height=\"1024\" src=\"https:\/\/madresdesterradas.es\/wp-content\/uploads\/2021\/02\/CYMERA_20210201_072628.jpg\" alt=\"\" class=\"wp-image-7708\" srcset=\"https:\/\/madresdesterradas.es\/wp-content\/uploads\/2021\/02\/CYMERA_20210201_072628.jpg 768w, https:\/\/madresdesterradas.es\/wp-content\/uploads\/2021\/02\/CYMERA_20210201_072628-225x300.jpg 225w, https:\/\/madresdesterradas.es\/wp-content\/uploads\/2021\/02\/CYMERA_20210201_072628-395x527.jpg 395w\" sizes=\"auto, (max-width: 768px) 100vw, 768px\" \/><figcaption>En el Cuento de Oto\u00f1o, se narra c\u00f3mo se pierde la ratoncita Rosal\u00eda, hija del marqu\u00e9s de Ratapl\u00e1s, y todos salen en su busca.<\/figcaption><\/figure>\n\n\n\n<figure class=\"wp-block-image size-large\"><img loading=\"lazy\" decoding=\"async\" width=\"1024\" height=\"1024\" src=\"https:\/\/madresdesterradas.es\/wp-content\/uploads\/2021\/02\/CYMERA_20210201_072811.jpg\" alt=\"\" class=\"wp-image-7704\" srcset=\"https:\/\/madresdesterradas.es\/wp-content\/uploads\/2021\/02\/CYMERA_20210201_072811.jpg 1024w, https:\/\/madresdesterradas.es\/wp-content\/uploads\/2021\/02\/CYMERA_20210201_072811-300x300.jpg 300w, https:\/\/madresdesterradas.es\/wp-content\/uploads\/2021\/02\/CYMERA_20210201_072811-150x150.jpg 150w, https:\/\/madresdesterradas.es\/wp-content\/uploads\/2021\/02\/CYMERA_20210201_072811-768x768.jpg 768w, https:\/\/madresdesterradas.es\/wp-content\/uploads\/2021\/02\/CYMERA_20210201_072811-825x825.jpg 825w, https:\/\/madresdesterradas.es\/wp-content\/uploads\/2021\/02\/CYMERA_20210201_072811-85x85.jpg 85w, https:\/\/madresdesterradas.es\/wp-content\/uploads\/2021\/02\/CYMERA_20210201_072811-170x170.jpg 170w, https:\/\/madresdesterradas.es\/wp-content\/uploads\/2021\/02\/CYMERA_20210201_072811-395x395.jpg 395w\" sizes=\"auto, (max-width: 1024px) 100vw, 1024px\" \/><figcaption>Y en Cuento de invierno, tras una intensa nevada, nos hablan sobre la organizaci\u00f3n de un Baile de la Nieve, que se celebrar\u00e1 en el Sal\u00f3n de Hielo y para el que todos los ratones colaboran<\/figcaption><\/figure>\n\n\n\n<p>El texto es algo largo para ni\u00f1os muy peque\u00f1os, con los que podemos dedicarnos a ver y narrar las ilustraciones, porque, como os dec\u00edamos, sin muy detalladas, y para los que est\u00e9n inici\u00e1ndose en la lectura, puede que algo complicado de leer, pero creo que todos coincidimos en lo precioso que es cada uno de los libros.<\/p>\n\n\n\n<p>\u00bfQu\u00e9 os ha parecido la colecci\u00f3n \u00ab<strong>El seto de las zarzas<\/strong>\u00ab? A nosotros los dibujos nos enamoraron, pensamos en comprar uno para cada estaci\u00f3n pero claro&#8230;\u00bfY si luego se terminaban? As\u00ed que en un par de viajes a nuestra librer\u00eda de referencia, nos hicimos con todos. \ud83d\ude09<\/p>\n\n\n\n<p>Si se han cumplido nuestros temores y est\u00e1n agotados en librer\u00edas, pod\u00e9is comprarlo a golpe de click <a href=\"https:\/\/amzn.to\/3j6xta3\">aqu\u00ed<\/a>, con el enlace de afiliados, y nos llevamos una peque\u00f1a comisi\u00f3n.<\/p>\n","protected":false},"excerpt":{"rendered":"<p>\u00abEl seto de las zarzas\u00bb es un conjunto de libros escritos e ilustrados por Jill Barklem (1951-2017) a principios de los a\u00f1os 80. Fueron re-editados en 2010 por Noguer Ediciones y en 2018 (aunque los compramos el a\u00f1o pasado) fueron reeditados estos 4 que os dejamos a continuaci\u00f3n, por Blackie Books. Tenemos: Cuento de primavera [&hellip;]<\/p>\n","protected":false},"author":1,"featured_media":7695,"comment_status":"open","ping_status":"open","sticky":false,"template":"","format":"standard","meta":{"_monsterinsights_skip_tracking":false,"_monsterinsights_sitenote_active":false,"_monsterinsights_sitenote_note":"","_monsterinsights_sitenote_category":0,"_uf_show_specific_survey":0,"_uf_disable_surveys":false,"footnotes":""},"categories":[1351],"tags":[1968,3276,3280,3279,3277,3278,3281,3275,2024,1704,3274],"class_list":["post-7685","post","type-post","status-publish","format-standard","has-post-thumbnail","hentry","category-libros","tag-album-ilustrado","tag-coleccion-el-seto-de-las-zarzas","tag-cuento-de-invierno","tag-cuento-de-otono","tag-cuento-de-primavera","tag-cuento-de-verano","tag-cuentos-para-ninos","tag-el-seto-de-las-zarzas","tag-estaciones","tag-ideas-para-regalar","tag-ratones"],"_links":{"self":[{"href":"https:\/\/madresdesterradas.es\/index.php\/wp-json\/wp\/v2\/posts\/7685","targetHints":{"allow":["GET"]}}],"collection":[{"href":"https:\/\/madresdesterradas.es\/index.php\/wp-json\/wp\/v2\/posts"}],"about":[{"href":"https:\/\/madresdesterradas.es\/index.php\/wp-json\/wp\/v2\/types\/post"}],"author":[{"embeddable":true,"href":"https:\/\/madresdesterradas.es\/index.php\/wp-json\/wp\/v2\/users\/1"}],"replies":[{"embeddable":true,"href":"https:\/\/madresdesterradas.es\/index.php\/wp-json\/wp\/v2\/comments?post=7685"}],"version-history":[{"count":19,"href":"https:\/\/madresdesterradas.es\/index.php\/wp-json\/wp\/v2\/posts\/7685\/revisions"}],"predecessor-version":[{"id":7712,"href":"https:\/\/madresdesterradas.es\/index.php\/wp-json\/wp\/v2\/posts\/7685\/revisions\/7712"}],"wp:featuredmedia":[{"embeddable":true,"href":"https:\/\/madresdesterradas.es\/index.php\/wp-json\/wp\/v2\/media\/7695"}],"wp:attachment":[{"href":"https:\/\/madresdesterradas.es\/index.php\/wp-json\/wp\/v2\/media?parent=7685"}],"wp:term":[{"taxonomy":"category","embeddable":true,"href":"https:\/\/madresdesterradas.es\/index.php\/wp-json\/wp\/v2\/categories?post=7685"},{"taxonomy":"post_tag","embeddable":true,"href":"https:\/\/madresdesterradas.es\/index.php\/wp-json\/wp\/v2\/tags?post=7685"}],"curies":[{"name":"wp","href":"https:\/\/api.w.org\/{rel}","templated":true}]}}