{"id":6884,"date":"2020-11-16T00:15:22","date_gmt":"2020-11-15T23:15:22","guid":{"rendered":"http:\/\/madresdesterradas.es\/?p=6884"},"modified":"2020-11-23T19:24:14","modified_gmt":"2020-11-23T18:24:14","slug":"la-vida-editorial-edelvives","status":"publish","type":"post","link":"https:\/\/madresdesterradas.es\/index.php\/2020\/11\/16\/la-vida-editorial-edelvives\/","title":{"rendered":"La Vida (Editorial Edelvives)"},"content":{"rendered":"\n<p class=\"has-vivid-purple-background-color has-background\">Informaci\u00f3n t\u00e9cnica<\/p>\n\n\n\n<ul class=\"wp-block-list\"><li>T\u00edtulo: La Vida<\/li><li>Texto: Cynthia Rylant<\/li><li>Ilustraciones: Brendan Wenzel<\/li><li>Editorial: Edelvives<\/li><li>N\u00famero de p\u00e1ginas: 44<\/li><li>Tama\u00f1o: 226mm x 276mm<\/li><li>Tapa dura<\/li><li>A\u00f1o de edici\u00f3n: 2020<\/li><li>PVP: 13&#8217;30\u20ac<\/li><li>ISBN: 978-84-140-2799-8<\/li><\/ul>\n\n\n\n<p class=\"has-vivid-purple-background-color has-background\">El libro<\/p>\n\n\n\n<p>No hab\u00edamos o\u00eddo hablar de \u00e9l. Lo vimos en la estanter\u00eda de la librer\u00eda. La vida. \u00bfDe qu\u00e9 ir\u00eda? \u00bfEl ciclo de la vida? \u00bfPersonas? \u00bfAnimales?<\/p>\n\n\n\n<p>Lo cogimos, lo ojeamos y claramente, lo compramos.<\/p>\n\n\n\n<p>Nos gustaron mucho las ilustraciones, nos gust\u00f3 el mensaje a nivel mediaombiental, y nos encant\u00f3 la doble lectura que podemos adaptar para nuestro d\u00eda a d\u00eda, para aquellos d\u00edas o temporadas malas, en que pensamos que todo sale mal, que no podemos m\u00e1s y que se nos van las ganas de luchar. <\/p>\n\n\n\n<p>Si veis el v\u00eddeo del final, las ilustraciones con el texto, es un homenaje a la naturaleza, y si analiz\u00e1is solo el texto, es una oda a la vida, un mensaje de resiliencia. En fin, que lo tuvimos clar\u00edsimo, ya nos dec\u00eds qu\u00e9 opin\u00e1is. <\/p>\n\n\n\n<p>Quiz\u00e1s en nuestros ni\u00f1os, esto a\u00fan no se haya dado, pero habr\u00e1 un momento en su vida, en la que se dar\u00e1, y si recuerdan el mensaje que por aqu\u00ed os citamos textualmente del libro, seguro que se sentir\u00e1n mejor.<\/p>\n\n\n\n<blockquote class=\"wp-block-quote is-layout-flow wp-block-quote-is-layout-flow\"><p><span style=\"background-color:#ffffff\" class=\"background-color\"><span style=\"color:#8ed1fc\" class=\"color\">La vida siempre empieza con algo peque\u00f1o. Incluso para los elefantes. Despu\u00e9s, crece. Bajo el sol y bajo la luna, la vida va creciendo.<\/span><\/span><\/p><\/blockquote>\n\n\n\n<figure class=\"wp-block-image size-large\"><img loading=\"lazy\" decoding=\"async\" width=\"1024\" height=\"1024\" src=\"https:\/\/madresdesterradas.es\/wp-content\/uploads\/2020\/11\/PicsArt_11-16-12.08.03-1024x1024.jpg\" alt=\"\" class=\"wp-image-6893\" srcset=\"https:\/\/madresdesterradas.es\/wp-content\/uploads\/2020\/11\/PicsArt_11-16-12.08.03-1024x1024.jpg 1024w, https:\/\/madresdesterradas.es\/wp-content\/uploads\/2020\/11\/PicsArt_11-16-12.08.03-300x300.jpg 300w, https:\/\/madresdesterradas.es\/wp-content\/uploads\/2020\/11\/PicsArt_11-16-12.08.03-150x150.jpg 150w, https:\/\/madresdesterradas.es\/wp-content\/uploads\/2020\/11\/PicsArt_11-16-12.08.03-768x768.jpg 768w, https:\/\/madresdesterradas.es\/wp-content\/uploads\/2020\/11\/PicsArt_11-16-12.08.03-1536x1536.jpg 1536w, https:\/\/madresdesterradas.es\/wp-content\/uploads\/2020\/11\/PicsArt_11-16-12.08.03-2048x2048.jpg 2048w, https:\/\/madresdesterradas.es\/wp-content\/uploads\/2020\/11\/PicsArt_11-16-12.08.03-1255x1255.jpg 1255w, https:\/\/madresdesterradas.es\/wp-content\/uploads\/2020\/11\/PicsArt_11-16-12.08.03-825x825.jpg 825w, https:\/\/madresdesterradas.es\/wp-content\/uploads\/2020\/11\/PicsArt_11-16-12.08.03-85x85.jpg 85w, https:\/\/madresdesterradas.es\/wp-content\/uploads\/2020\/11\/PicsArt_11-16-12.08.03-170x170.jpg 170w, https:\/\/madresdesterradas.es\/wp-content\/uploads\/2020\/11\/PicsArt_11-16-12.08.03-395x395.jpg 395w\" sizes=\"auto, (max-width: 1024px) 100vw, 1024px\" \/><\/figure>\n\n\n\n<p>Cada animal adora una cosa en la vida, al igual que nosotros. La vida no siempre es f\u00e1cil.<\/p>\n\n\n\n<blockquote class=\"wp-block-quote is-layout-flow wp-block-quote-is-layout-flow\"><p><span style=\"color:#fcb900\" class=\"color\"><span style=\"background-color:#ffffff\" class=\"background-color\">Es probable que, de vez en cuando, la naturaleza se desate. Pero al fin regresar\u00e1 la calma.  Y siempre habr\u00e1 un nuevo camino que tomar. <\/span><\/span><\/p><\/blockquote>\n\n\n\n<figure class=\"wp-block-image size-large\"><img loading=\"lazy\" decoding=\"async\" width=\"1024\" height=\"1024\" src=\"https:\/\/madresdesterradas.es\/wp-content\/uploads\/2020\/11\/PicsArt_11-16-12.09.08-1024x1024.jpg\" alt=\"\" class=\"wp-image-6894\" srcset=\"https:\/\/madresdesterradas.es\/wp-content\/uploads\/2020\/11\/PicsArt_11-16-12.09.08-1024x1024.jpg 1024w, https:\/\/madresdesterradas.es\/wp-content\/uploads\/2020\/11\/PicsArt_11-16-12.09.08-300x300.jpg 300w, https:\/\/madresdesterradas.es\/wp-content\/uploads\/2020\/11\/PicsArt_11-16-12.09.08-150x150.jpg 150w, https:\/\/madresdesterradas.es\/wp-content\/uploads\/2020\/11\/PicsArt_11-16-12.09.08-768x768.jpg 768w, https:\/\/madresdesterradas.es\/wp-content\/uploads\/2020\/11\/PicsArt_11-16-12.09.08-1536x1536.jpg 1536w, https:\/\/madresdesterradas.es\/wp-content\/uploads\/2020\/11\/PicsArt_11-16-12.09.08-2048x2048.jpg 2048w, https:\/\/madresdesterradas.es\/wp-content\/uploads\/2020\/11\/PicsArt_11-16-12.09.08-1255x1255.jpg 1255w, https:\/\/madresdesterradas.es\/wp-content\/uploads\/2020\/11\/PicsArt_11-16-12.09.08-825x825.jpg 825w, https:\/\/madresdesterradas.es\/wp-content\/uploads\/2020\/11\/PicsArt_11-16-12.09.08-85x85.jpg 85w, https:\/\/madresdesterradas.es\/wp-content\/uploads\/2020\/11\/PicsArt_11-16-12.09.08-170x170.jpg 170w, https:\/\/madresdesterradas.es\/wp-content\/uploads\/2020\/11\/PicsArt_11-16-12.09.08-395x395.jpg 395w\" sizes=\"auto, (max-width: 1024px) 100vw, 1024px\" \/><\/figure>\n\n\n\n<blockquote class=\"wp-block-quote is-layout-flow wp-block-quote-is-layout-flow\"><p><span style=\"color:#f78da7\" class=\"color\">Recuerda: en cada rinc\u00f3n del mundo, hay algo que adorar y algo que proteger.<\/span><\/p><\/blockquote>\n\n\n\n<p>Si alg\u00fan d\u00eda parece que nunca m\u00e1s nos pasar\u00e1 nada bonito, el libro nos recuerda que confiemos en los gansos salvajes, que siempre encuentran el camino de vuelta a casa, en el lobo, en el ciervo que se cruza en tu camino. Todos saben que todo cambia. Y siguen adelante. Y nosotros tambi\u00e9n hemos de hacerlo, pase lo que pase, la vida sigue. Y siempre sale el sol.<\/p>\n\n\n\n<blockquote class=\"wp-block-quote is-layout-flow wp-block-quote-is-layout-flow\"><p><span style=\"color:#7bdcb5\" class=\"color\">Y vale la pena levantarse por la ma\u00f1ana para ver qu\u00e9 deparar\u00e1 el d\u00eda.<\/span><\/p><\/blockquote>\n\n\n\n<p>Nos llevamos por tanto muchas ilustraciones bonitas y mensajes de: \u00abregresar\u00e1 la calma\u00bb, \u00aben alguna parte siempre hay algo que adorar\u00bb, \u00absiempre habr\u00e1 alguien que necesite protecci\u00f3n\u00bb, \u00abvale la pena levantarse cada ma\u00f1ana\u00bb.<\/p>\n\n\n\n<p>Con respecto a la edad, quiz\u00e1 el mensaje vaya m\u00e1s dirigido para ni\u00f1os de 6 a 8 a\u00f1os seg\u00fan lo que indica la editorial, pero creemos que bien puede ser un libro para m\u00e1s peque\u00f1os.<\/p>\n\n\n\n<p>\u00bfQu\u00e9 os ha parecido? Puede que al saber que est\u00e1, vosotros tambi\u00e9n lo ve\u00e1is un libro imprescindible. Resiliencia y superaci\u00f3n, amor a la vida pase lo que pase, proteger la naturaleza&#8230;creemos que son cosas imprescindibles.<\/p>\n\n\n\n<p>Si quer\u00e9is verlo al completo, os lo hemos dejado <a href=\"https:\/\/youtu.be\/-SuxE9687F8\">aqu\u00ed<\/a>.<\/p>\n\n\n\n<p>Creemos que lo mejor es que compr\u00e9is libros en librer\u00edas y peque\u00f1os comercios, pero a veces, no tenemos a nuestro alcance, no tenemos tiempo o un sinf\u00edn de problemas, as\u00ed que si os ha gustado este libro y quer\u00e9is comprarlo por internet (ya sab\u00e9is que las listas de necesidades crecen barbaridades), os dejamos <a href=\"https:\/\/www.amazon.es\/gp\/product\/8414027997\/ref=as_li_tl?ie=UTF8&amp;camp=3638&amp;creative=24630&amp;creativeASIN=8414027997&amp;linkCode=as2&amp;tag=madresdesterr-21&amp;linkId=295260bbc076b23139397d1ca8b0425e\">aqu\u00ed<\/a> el enlace y nos ayuda a mantener el blog.<\/p>\n","protected":false},"excerpt":{"rendered":"<p>Informaci\u00f3n t\u00e9cnica T\u00edtulo: La Vida Texto: Cynthia Rylant Ilustraciones: Brendan Wenzel Editorial: Edelvives N\u00famero de p\u00e1ginas: 44 Tama\u00f1o: 226mm x 276mm Tapa dura A\u00f1o de edici\u00f3n: 2020 PVP: 13&#8217;30\u20ac ISBN: 978-84-140-2799-8 El libro No hab\u00edamos o\u00eddo hablar de \u00e9l. Lo vimos en la estanter\u00eda de la librer\u00eda. La vida. \u00bfDe qu\u00e9 ir\u00eda? \u00bfEl ciclo de [&hellip;]<\/p>\n","protected":false},"author":1,"featured_media":6896,"comment_status":"open","ping_status":"open","sticky":false,"template":"","format":"standard","meta":{"_monsterinsights_skip_tracking":false,"_monsterinsights_sitenote_active":false,"_monsterinsights_sitenote_note":"","_monsterinsights_sitenote_category":0,"_uf_show_specific_survey":0,"_uf_disable_surveys":false,"footnotes":""},"categories":[1351],"tags":[1463,1513,1970,1971,3162,1451,3163,2013,3164,3165],"class_list":["post-6884","post","type-post","status-publish","format-standard","has-post-thumbnail","hentry","category-libros","tag-animales","tag-calma","tag-edelvives","tag-editorial-edelvives","tag-la-vida","tag-naturaleza","tag-resilencia","tag-superacion","tag-tranquilidad","tag-vivir"],"_links":{"self":[{"href":"https:\/\/madresdesterradas.es\/index.php\/wp-json\/wp\/v2\/posts\/6884","targetHints":{"allow":["GET"]}}],"collection":[{"href":"https:\/\/madresdesterradas.es\/index.php\/wp-json\/wp\/v2\/posts"}],"about":[{"href":"https:\/\/madresdesterradas.es\/index.php\/wp-json\/wp\/v2\/types\/post"}],"author":[{"embeddable":true,"href":"https:\/\/madresdesterradas.es\/index.php\/wp-json\/wp\/v2\/users\/1"}],"replies":[{"embeddable":true,"href":"https:\/\/madresdesterradas.es\/index.php\/wp-json\/wp\/v2\/comments?post=6884"}],"version-history":[{"count":8,"href":"https:\/\/madresdesterradas.es\/index.php\/wp-json\/wp\/v2\/posts\/6884\/revisions"}],"predecessor-version":[{"id":6952,"href":"https:\/\/madresdesterradas.es\/index.php\/wp-json\/wp\/v2\/posts\/6884\/revisions\/6952"}],"wp:featuredmedia":[{"embeddable":true,"href":"https:\/\/madresdesterradas.es\/index.php\/wp-json\/wp\/v2\/media\/6896"}],"wp:attachment":[{"href":"https:\/\/madresdesterradas.es\/index.php\/wp-json\/wp\/v2\/media?parent=6884"}],"wp:term":[{"taxonomy":"category","embeddable":true,"href":"https:\/\/madresdesterradas.es\/index.php\/wp-json\/wp\/v2\/categories?post=6884"},{"taxonomy":"post_tag","embeddable":true,"href":"https:\/\/madresdesterradas.es\/index.php\/wp-json\/wp\/v2\/tags?post=6884"}],"curies":[{"name":"wp","href":"https:\/\/api.w.org\/{rel}","templated":true}]}}