{"id":6325,"date":"2020-08-10T16:12:02","date_gmt":"2020-08-10T15:12:02","guid":{"rendered":"http:\/\/madresdesterradas.es\/?p=6325"},"modified":"2020-08-10T16:12:04","modified_gmt":"2020-08-10T15:12:04","slug":"ruta-de-la-ribera","status":"publish","type":"post","link":"https:\/\/madresdesterradas.es\/index.php\/2020\/08\/10\/ruta-de-la-ribera\/","title":{"rendered":"Ruta de la Ribera"},"content":{"rendered":"\n<p>Aqu\u00ed ten\u00e9is otra peque\u00f1a ruta, fenomenal para hacer con ni\u00f1os. La ruta de la Ribera, o lo que es lo mismo, el camino de Benasque a Ansils.<\/p>\n\n\n\n<p>Ten\u00e9is 2 posibilidades para ir andando de Benasque a Ansils:<\/p>\n\n\n\n<ol class=\"wp-block-list\"><li>Realizar la ruta de la Ribera<\/li><li>Realizar el mismo recorrido pero por carretera (en cuyo caso, pod\u00e9is ir con carrito y ten\u00e9is m\u00e1s sombra)<\/li><\/ol>\n\n\n\n<p class=\"has-background has-light-green-cyan-background-color\">Datos<\/p>\n\n\n\n<p>La ruta se inicia a la entrada de Benasque, antes de cruzar el puente, a mano derecha, y recorre la ribera del r\u00edo \u00c9sera. <\/p>\n\n\n\n<p>La ruta de La Ribera de Ben\u00e1s (Benasque) a Ansils, es un paseo de unos 45 minutos (ya sab\u00e9is, yendo con ni\u00f1os, parando a ver animales, plantas, piedras&#8230;duplicar la duraci\u00f3n).<\/p>\n\n\n\n<figure class=\"wp-block-image size-large\"><img loading=\"lazy\" decoding=\"async\" width=\"1024\" height=\"768\" src=\"https:\/\/madresdesterradas.es\/wp-content\/uploads\/2020\/08\/IMG_20200727_114206-1024x768.jpg\" alt=\"\" class=\"wp-image-6408\" srcset=\"https:\/\/madresdesterradas.es\/wp-content\/uploads\/2020\/08\/IMG_20200727_114206-1024x768.jpg 1024w, https:\/\/madresdesterradas.es\/wp-content\/uploads\/2020\/08\/IMG_20200727_114206-300x225.jpg 300w, https:\/\/madresdesterradas.es\/wp-content\/uploads\/2020\/08\/IMG_20200727_114206-768x576.jpg 768w, https:\/\/madresdesterradas.es\/wp-content\/uploads\/2020\/08\/IMG_20200727_114206-1536x1152.jpg 1536w, https:\/\/madresdesterradas.es\/wp-content\/uploads\/2020\/08\/IMG_20200727_114206-2048x1536.jpg 2048w, https:\/\/madresdesterradas.es\/wp-content\/uploads\/2020\/08\/IMG_20200727_114206-1255x941.jpg 1255w, https:\/\/madresdesterradas.es\/wp-content\/uploads\/2020\/08\/IMG_20200727_114206-825x619.jpg 825w, https:\/\/madresdesterradas.es\/wp-content\/uploads\/2020\/08\/IMG_20200727_114206-395x296.jpg 395w\" sizes=\"auto, (max-width: 1024px) 100vw, 1024px\" \/><\/figure>\n\n\n\n<p>El desnivel es de unos 21 metros y unos 2 km de longitud.<\/p>\n\n\n\n<p>A lo largo del camino, ten\u00e9is una zona de sombra, posteriormente pasamos a un claro de sol con alg\u00fan \u00e1rbol y cuando ya cogemos el desv\u00edo a Ansils, vamos por un camino completamente a la sombra.<\/p>\n\n\n\n<p>En la zona de inicio del camino, hay varios bancos para descansar, o leer, bajo chopos, fresnos y la vegetaci\u00f3n de la ribera. Y a un lado del camino, tenemos tambi\u00e9n una zona de juego (aunque al sol).<\/p>\n\n\n\n<figure class=\"wp-block-image size-large\"><img loading=\"lazy\" decoding=\"async\" width=\"1024\" height=\"1024\" src=\"https:\/\/madresdesterradas.es\/wp-content\/uploads\/2020\/07\/PicsArt_08-02-12.34.49-1024x1024.jpg\" alt=\"\" class=\"wp-image-6340\" srcset=\"https:\/\/madresdesterradas.es\/wp-content\/uploads\/2020\/07\/PicsArt_08-02-12.34.49-1024x1024.jpg 1024w, https:\/\/madresdesterradas.es\/wp-content\/uploads\/2020\/07\/PicsArt_08-02-12.34.49-300x300.jpg 300w, https:\/\/madresdesterradas.es\/wp-content\/uploads\/2020\/07\/PicsArt_08-02-12.34.49-150x150.jpg 150w, https:\/\/madresdesterradas.es\/wp-content\/uploads\/2020\/07\/PicsArt_08-02-12.34.49-768x768.jpg 768w, https:\/\/madresdesterradas.es\/wp-content\/uploads\/2020\/07\/PicsArt_08-02-12.34.49-1536x1536.jpg 1536w, https:\/\/madresdesterradas.es\/wp-content\/uploads\/2020\/07\/PicsArt_08-02-12.34.49-2048x2048.jpg 2048w, https:\/\/madresdesterradas.es\/wp-content\/uploads\/2020\/07\/PicsArt_08-02-12.34.49-1255x1255.jpg 1255w, https:\/\/madresdesterradas.es\/wp-content\/uploads\/2020\/07\/PicsArt_08-02-12.34.49-825x825.jpg 825w, https:\/\/madresdesterradas.es\/wp-content\/uploads\/2020\/07\/PicsArt_08-02-12.34.49-85x85.jpg 85w, https:\/\/madresdesterradas.es\/wp-content\/uploads\/2020\/07\/PicsArt_08-02-12.34.49-170x170.jpg 170w, https:\/\/madresdesterradas.es\/wp-content\/uploads\/2020\/07\/PicsArt_08-02-12.34.49-395x395.jpg 395w\" sizes=\"auto, (max-width: 1024px) 100vw, 1024px\" \/><\/figure>\n\n\n\n<figure class=\"wp-block-image size-large\"><img loading=\"lazy\" decoding=\"async\" width=\"1024\" height=\"1024\" src=\"https:\/\/madresdesterradas.es\/wp-content\/uploads\/2020\/07\/PicsArt_08-02-12.36.25-1024x1024.jpg\" alt=\"\" class=\"wp-image-6341\" srcset=\"https:\/\/madresdesterradas.es\/wp-content\/uploads\/2020\/07\/PicsArt_08-02-12.36.25-1024x1024.jpg 1024w, https:\/\/madresdesterradas.es\/wp-content\/uploads\/2020\/07\/PicsArt_08-02-12.36.25-300x300.jpg 300w, https:\/\/madresdesterradas.es\/wp-content\/uploads\/2020\/07\/PicsArt_08-02-12.36.25-150x150.jpg 150w, https:\/\/madresdesterradas.es\/wp-content\/uploads\/2020\/07\/PicsArt_08-02-12.36.25-768x768.jpg 768w, https:\/\/madresdesterradas.es\/wp-content\/uploads\/2020\/07\/PicsArt_08-02-12.36.25-1536x1536.jpg 1536w, https:\/\/madresdesterradas.es\/wp-content\/uploads\/2020\/07\/PicsArt_08-02-12.36.25-2048x2048.jpg 2048w, https:\/\/madresdesterradas.es\/wp-content\/uploads\/2020\/07\/PicsArt_08-02-12.36.25-1255x1255.jpg 1255w, https:\/\/madresdesterradas.es\/wp-content\/uploads\/2020\/07\/PicsArt_08-02-12.36.25-825x825.jpg 825w, https:\/\/madresdesterradas.es\/wp-content\/uploads\/2020\/07\/PicsArt_08-02-12.36.25-85x85.jpg 85w, https:\/\/madresdesterradas.es\/wp-content\/uploads\/2020\/07\/PicsArt_08-02-12.36.25-170x170.jpg 170w, https:\/\/madresdesterradas.es\/wp-content\/uploads\/2020\/07\/PicsArt_08-02-12.36.25-395x395.jpg 395w\" sizes=\"auto, (max-width: 1024px) 100vw, 1024px\" \/><\/figure>\n\n\n\n<p>Cuando termin\u00e9is la ruta, lleg\u00e1is a las escuelas, la ermita de San Gregorio y un chopo centenario, as\u00ed como un parque en el que seguro que ten\u00e9is que parar varios minutos. <\/p>\n\n\n\n<p>Si volv\u00e9is por el lado de la carretera, el camino es algo m\u00e1s corto, casi en su totalidad a la sombra, y finaliza a la altura de Sommos Hotel. <\/p>\n\n\n\n<div class=\"wp-block-media-text alignwide is-stacked-on-mobile\"><figure class=\"wp-block-media-text__media\"><img loading=\"lazy\" decoding=\"async\" width=\"766\" height=\"1024\" src=\"https:\/\/madresdesterradas.es\/wp-content\/uploads\/2020\/08\/Screenshot_20200810-1441162-766x1024.png\" alt=\"\" class=\"wp-image-6426\" srcset=\"https:\/\/madresdesterradas.es\/wp-content\/uploads\/2020\/08\/Screenshot_20200810-1441162-766x1024.png 766w, https:\/\/madresdesterradas.es\/wp-content\/uploads\/2020\/08\/Screenshot_20200810-1441162-224x300.png 224w, https:\/\/madresdesterradas.es\/wp-content\/uploads\/2020\/08\/Screenshot_20200810-1441162-768x1027.png 768w, https:\/\/madresdesterradas.es\/wp-content\/uploads\/2020\/08\/Screenshot_20200810-1441162-825x1103.png 825w, https:\/\/madresdesterradas.es\/wp-content\/uploads\/2020\/08\/Screenshot_20200810-1441162-395x528.png 395w, https:\/\/madresdesterradas.es\/wp-content\/uploads\/2020\/08\/Screenshot_20200810-1441162.png 1077w\" sizes=\"auto, (max-width: 766px) 100vw, 766px\" \/><\/figure><div class=\"wp-block-media-text__content\">\n<p class=\"has-normal-font-size\">Al pasar por el puente, pod\u00e9is ver el barranco de Rem\u00e1scaro, bajando de la monta\u00f1a con m\u00faltiples fragmentos de roca.<\/p>\n<\/div><\/div>\n\n\n\n<p>Justo antes de llegar a este punto, ten\u00e9is unos \u00e1rboles estupendos para trepar y columpiarse. Poco despu\u00e9s ten\u00e9is otro pino centenario con un banco y una sombra muy cotizada.<\/p>\n\n\n\n<figure class=\"wp-block-image size-large\"><img loading=\"lazy\" decoding=\"async\" width=\"1024\" height=\"1024\" src=\"https:\/\/madresdesterradas.es\/wp-content\/uploads\/2020\/08\/PicsArt_08-10-04.17.58-1024x1024.jpg\" alt=\"\" class=\"wp-image-6425\" srcset=\"https:\/\/madresdesterradas.es\/wp-content\/uploads\/2020\/08\/PicsArt_08-10-04.17.58-1024x1024.jpg 1024w, https:\/\/madresdesterradas.es\/wp-content\/uploads\/2020\/08\/PicsArt_08-10-04.17.58-300x300.jpg 300w, https:\/\/madresdesterradas.es\/wp-content\/uploads\/2020\/08\/PicsArt_08-10-04.17.58-150x150.jpg 150w, https:\/\/madresdesterradas.es\/wp-content\/uploads\/2020\/08\/PicsArt_08-10-04.17.58-768x768.jpg 768w, https:\/\/madresdesterradas.es\/wp-content\/uploads\/2020\/08\/PicsArt_08-10-04.17.58-1536x1536.jpg 1536w, https:\/\/madresdesterradas.es\/wp-content\/uploads\/2020\/08\/PicsArt_08-10-04.17.58-2048x2048.jpg 2048w, https:\/\/madresdesterradas.es\/wp-content\/uploads\/2020\/08\/PicsArt_08-10-04.17.58-1255x1255.jpg 1255w, https:\/\/madresdesterradas.es\/wp-content\/uploads\/2020\/08\/PicsArt_08-10-04.17.58-825x825.jpg 825w, https:\/\/madresdesterradas.es\/wp-content\/uploads\/2020\/08\/PicsArt_08-10-04.17.58-85x85.jpg 85w, https:\/\/madresdesterradas.es\/wp-content\/uploads\/2020\/08\/PicsArt_08-10-04.17.58-170x170.jpg 170w, https:\/\/madresdesterradas.es\/wp-content\/uploads\/2020\/08\/PicsArt_08-10-04.17.58-395x395.jpg 395w\" sizes=\"auto, (max-width: 1024px) 100vw, 1024px\" \/><\/figure>\n\n\n\n<p>Ansils es un pueblo peque\u00f1o pero precioso, con calles adoquinadas y casonas antiguas, a cual m\u00e1s bonita. Despu\u00e9s de que los ni\u00f1os jueguen un poco en el parque de la entrada, os recomendamos dar una vuelta por sus calles. <\/p>\n\n\n\n<figure class=\"wp-block-image size-large\"><img loading=\"lazy\" decoding=\"async\" width=\"799\" height=\"1024\" src=\"https:\/\/madresdesterradas.es\/wp-content\/uploads\/2020\/08\/Screenshot_20200810-1418042-799x1024.png\" alt=\"\" class=\"wp-image-6416\" srcset=\"https:\/\/madresdesterradas.es\/wp-content\/uploads\/2020\/08\/Screenshot_20200810-1418042-799x1024.png 799w, https:\/\/madresdesterradas.es\/wp-content\/uploads\/2020\/08\/Screenshot_20200810-1418042-234x300.png 234w, https:\/\/madresdesterradas.es\/wp-content\/uploads\/2020\/08\/Screenshot_20200810-1418042-768x984.png 768w, https:\/\/madresdesterradas.es\/wp-content\/uploads\/2020\/08\/Screenshot_20200810-1418042-825x1057.png 825w, https:\/\/madresdesterradas.es\/wp-content\/uploads\/2020\/08\/Screenshot_20200810-1418042-395x506.png 395w, https:\/\/madresdesterradas.es\/wp-content\/uploads\/2020\/08\/Screenshot_20200810-1418042.png 1027w\" sizes=\"auto, (max-width: 799px) 100vw, 799px\" \/><figcaption>En toda la comarca, hay un mural destacado con reproducciones de las puertas m\u00e1s significativas de la localidad, as\u00ed como su ubicaci\u00f3n<\/figcaption><\/figure>\n\n\n\n<figure class=\"wp-block-image size-large\"><img loading=\"lazy\" decoding=\"async\" width=\"1024\" height=\"1024\" src=\"https:\/\/madresdesterradas.es\/wp-content\/uploads\/2020\/08\/PicsArt_08-10-02.30.37-1024x1024.jpg\" alt=\"\" class=\"wp-image-6415\" srcset=\"https:\/\/madresdesterradas.es\/wp-content\/uploads\/2020\/08\/PicsArt_08-10-02.30.37-1024x1024.jpg 1024w, https:\/\/madresdesterradas.es\/wp-content\/uploads\/2020\/08\/PicsArt_08-10-02.30.37-300x300.jpg 300w, https:\/\/madresdesterradas.es\/wp-content\/uploads\/2020\/08\/PicsArt_08-10-02.30.37-150x150.jpg 150w, https:\/\/madresdesterradas.es\/wp-content\/uploads\/2020\/08\/PicsArt_08-10-02.30.37-768x768.jpg 768w, https:\/\/madresdesterradas.es\/wp-content\/uploads\/2020\/08\/PicsArt_08-10-02.30.37-1536x1536.jpg 1536w, https:\/\/madresdesterradas.es\/wp-content\/uploads\/2020\/08\/PicsArt_08-10-02.30.37-2048x2048.jpg 2048w, https:\/\/madresdesterradas.es\/wp-content\/uploads\/2020\/08\/PicsArt_08-10-02.30.37-1255x1255.jpg 1255w, https:\/\/madresdesterradas.es\/wp-content\/uploads\/2020\/08\/PicsArt_08-10-02.30.37-825x825.jpg 825w, https:\/\/madresdesterradas.es\/wp-content\/uploads\/2020\/08\/PicsArt_08-10-02.30.37-85x85.jpg 85w, https:\/\/madresdesterradas.es\/wp-content\/uploads\/2020\/08\/PicsArt_08-10-02.30.37-170x170.jpg 170w, https:\/\/madresdesterradas.es\/wp-content\/uploads\/2020\/08\/PicsArt_08-10-02.30.37-395x395.jpg 395w\" sizes=\"auto, (max-width: 1024px) 100vw, 1024px\" \/><\/figure>\n\n\n\n<p>En la calle principal, ten\u00e9is el restaurante Ansils, el restaurante m\u00e1s gourmet del valle.<\/p>\n\n\n\n<figure class=\"wp-block-image size-large\"><img loading=\"lazy\" decoding=\"async\" width=\"1024\" height=\"1024\" src=\"https:\/\/madresdesterradas.es\/wp-content\/uploads\/2020\/08\/PicsArt_08-10-02.14.10-1024x1024.jpg\" alt=\"\" class=\"wp-image-6418\" srcset=\"https:\/\/madresdesterradas.es\/wp-content\/uploads\/2020\/08\/PicsArt_08-10-02.14.10-1024x1024.jpg 1024w, https:\/\/madresdesterradas.es\/wp-content\/uploads\/2020\/08\/PicsArt_08-10-02.14.10-300x300.jpg 300w, https:\/\/madresdesterradas.es\/wp-content\/uploads\/2020\/08\/PicsArt_08-10-02.14.10-150x150.jpg 150w, https:\/\/madresdesterradas.es\/wp-content\/uploads\/2020\/08\/PicsArt_08-10-02.14.10-768x768.jpg 768w, https:\/\/madresdesterradas.es\/wp-content\/uploads\/2020\/08\/PicsArt_08-10-02.14.10-1536x1536.jpg 1536w, https:\/\/madresdesterradas.es\/wp-content\/uploads\/2020\/08\/PicsArt_08-10-02.14.10-2048x2048.jpg 2048w, https:\/\/madresdesterradas.es\/wp-content\/uploads\/2020\/08\/PicsArt_08-10-02.14.10-1255x1255.jpg 1255w, https:\/\/madresdesterradas.es\/wp-content\/uploads\/2020\/08\/PicsArt_08-10-02.14.10-825x825.jpg 825w, https:\/\/madresdesterradas.es\/wp-content\/uploads\/2020\/08\/PicsArt_08-10-02.14.10-85x85.jpg 85w, https:\/\/madresdesterradas.es\/wp-content\/uploads\/2020\/08\/PicsArt_08-10-02.14.10-170x170.jpg 170w, https:\/\/madresdesterradas.es\/wp-content\/uploads\/2020\/08\/PicsArt_08-10-02.14.10-395x395.jpg 395w\" sizes=\"auto, (max-width: 1024px) 100vw, 1024px\" \/><\/figure>\n\n\n\n<div class=\"wp-block-media-text alignwide is-stacked-on-mobile\"><figure class=\"wp-block-media-text__media\"><img loading=\"lazy\" decoding=\"async\" width=\"745\" height=\"1024\" src=\"https:\/\/madresdesterradas.es\/wp-content\/uploads\/2020\/08\/Screenshot_20200810-1440162-745x1024.png\" alt=\"\" class=\"wp-image-6428\" srcset=\"https:\/\/madresdesterradas.es\/wp-content\/uploads\/2020\/08\/Screenshot_20200810-1440162-745x1024.png 745w, https:\/\/madresdesterradas.es\/wp-content\/uploads\/2020\/08\/Screenshot_20200810-1440162-218x300.png 218w, https:\/\/madresdesterradas.es\/wp-content\/uploads\/2020\/08\/Screenshot_20200810-1440162-768x1056.png 768w, https:\/\/madresdesterradas.es\/wp-content\/uploads\/2020\/08\/Screenshot_20200810-1440162-825x1134.png 825w, https:\/\/madresdesterradas.es\/wp-content\/uploads\/2020\/08\/Screenshot_20200810-1440162-395x543.png 395w, https:\/\/madresdesterradas.es\/wp-content\/uploads\/2020\/08\/Screenshot_20200810-1440162.png 1080w\" sizes=\"auto, (max-width: 745px) 100vw, 745px\" \/><\/figure><div class=\"wp-block-media-text__content\">\n<p class=\"has-normal-font-size\">Y muy cerca, ten\u00e9is un centro de h\u00edpica que se llama Anima Equi, donde los ni\u00f1os pueden montar en pony o a caballo o hacer una ruta a caballo por los alrededores.<\/p>\n<\/div><\/div>\n\n\n\n<p>Desde Ansils, tenemos una ruta hacia Conques, otra hacia Cerler y otra hacia la Selva de Anciles.<\/p>\n\n\n\n<p>Si quer\u00e9is ver m\u00e1s excursiones con ni\u00f1os en el Pirineo aragon\u00e9s, os dejamos aqu\u00ed un <a href=\"https:\/\/madresdesterradas.es\/index.php\/2020\/08\/05\/rutas-con-ninos-en-benasque\/\">link<\/a>.<\/p>\n","protected":false},"excerpt":{"rendered":"<p>Aqu\u00ed ten\u00e9is otra peque\u00f1a ruta, fenomenal para hacer con ni\u00f1os. La ruta de la Ribera, o lo que es lo mismo, el camino de Benasque a Ansils. Ten\u00e9is 2 posibilidades para ir andando de Benasque a Ansils: Realizar la ruta de la Ribera Realizar el mismo recorrido pero por carretera (en cuyo caso, pod\u00e9is ir [&hellip;]<\/p>\n","protected":false},"author":1,"featured_media":6344,"comment_status":"open","ping_status":"open","sticky":false,"template":"","format":"standard","meta":{"_monsterinsights_skip_tracking":false,"_monsterinsights_sitenote_active":false,"_monsterinsights_sitenote_note":"","_monsterinsights_sitenote_category":0,"_uf_show_specific_survey":0,"_uf_disable_surveys":false,"footnotes":""},"categories":[1921],"tags":[3071,3073,3075,3072,3076,3074],"class_list":["post-6325","post","type-post","status-publish","format-standard","has-post-thumbnail","hentry","category-excursionesbio","tag-benasque","tag-excursiones-con-ninos","tag-pirineo-aragones","tag-pirineos","tag-pirineos-con-ninos","tag-rutas-en-benasque"],"_links":{"self":[{"href":"https:\/\/madresdesterradas.es\/index.php\/wp-json\/wp\/v2\/posts\/6325","targetHints":{"allow":["GET"]}}],"collection":[{"href":"https:\/\/madresdesterradas.es\/index.php\/wp-json\/wp\/v2\/posts"}],"about":[{"href":"https:\/\/madresdesterradas.es\/index.php\/wp-json\/wp\/v2\/types\/post"}],"author":[{"embeddable":true,"href":"https:\/\/madresdesterradas.es\/index.php\/wp-json\/wp\/v2\/users\/1"}],"replies":[{"embeddable":true,"href":"https:\/\/madresdesterradas.es\/index.php\/wp-json\/wp\/v2\/comments?post=6325"}],"version-history":[{"count":21,"href":"https:\/\/madresdesterradas.es\/index.php\/wp-json\/wp\/v2\/posts\/6325\/revisions"}],"predecessor-version":[{"id":6430,"href":"https:\/\/madresdesterradas.es\/index.php\/wp-json\/wp\/v2\/posts\/6325\/revisions\/6430"}],"wp:featuredmedia":[{"embeddable":true,"href":"https:\/\/madresdesterradas.es\/index.php\/wp-json\/wp\/v2\/media\/6344"}],"wp:attachment":[{"href":"https:\/\/madresdesterradas.es\/index.php\/wp-json\/wp\/v2\/media?parent=6325"}],"wp:term":[{"taxonomy":"category","embeddable":true,"href":"https:\/\/madresdesterradas.es\/index.php\/wp-json\/wp\/v2\/categories?post=6325"},{"taxonomy":"post_tag","embeddable":true,"href":"https:\/\/madresdesterradas.es\/index.php\/wp-json\/wp\/v2\/tags?post=6325"}],"curies":[{"name":"wp","href":"https:\/\/api.w.org\/{rel}","templated":true}]}}