{"id":6281,"date":"2020-06-28T23:45:55","date_gmt":"2020-06-28T22:45:55","guid":{"rendered":"http:\/\/madresdesterradas.es\/?p=6281"},"modified":"2020-11-23T20:25:42","modified_gmt":"2020-11-23T19:25:42","slug":"los-dos-lobos","status":"publish","type":"post","link":"https:\/\/madresdesterradas.es\/index.php\/2020\/06\/28\/los-dos-lobos\/","title":{"rendered":"Los dos lobos"},"content":{"rendered":"\n<blockquote class=\"wp-block-quote is-layout-flow wp-block-quote-is-layout-flow\"><p><em>Habla sin controlar tu ira y obtendr\u00e1s el mejor discurso del que arrepentirte<\/em>.<\/p><cite>Ambrose Bierce (1842-1914). <br>Militar, editor, periodista , escritor y sat\u00edrico estadounidense.<\/cite><\/blockquote>\n\n\n\n<p class=\"has-pale-cyan-blue-color has-text-color has-background\" style=\"background-color:#1a5c78\"><strong>Ficha<\/strong><\/p>\n\n\n\n<ul class=\"wp-block-list\"><li>T\u00edtulo: Los dos lobos<\/li><li>Autor: Wilfred (Guillermo Gil Schr\u00f6der)<\/li><li>Editorial: Akiara books<\/li><li>A\u00f1o de edici\u00f3n: 2018<\/li><li>N\u00famero de p\u00e1ginas: 40<\/li><li>Edad recomendada: +5 a\u00f1os<\/li><li>ISBN: 978-84-17440-10-7<\/li><\/ul>\n\n\n\n<p class=\"has-pale-cyan-blue-color has-text-color has-background\" style=\"background-color:#1a5c78\"><strong>\u00bfPor qu\u00e9 lo compramos?<\/strong><\/p>\n\n\n\n<p>Este post viene con a\u00f1os de retraso<s> porque se borr\u00f3 accidentalmente y una vez borrado, no apetece reescribir las cosas y pensar \u00bfantes estaba mejor escrito? \u00bfqu\u00e9 puse aqu\u00ed? \u00a1uff!<\/s>, pero vamos a intentar volver al momento de su compra.<\/p>\n\n\n\n<p>\u00bfOs ha pasado alguna vez que antes (\u00e9poca preni\u00f1os) cuando ten\u00edais un rato libre, sal\u00edais a dar una vuelta y mirabais escaparates de ropa, de decoraci\u00f3n, zapater\u00edas&#8230;y desde que sois madres o padres, cuando sal\u00eds por ah\u00ed acab\u00e1is mirando ropa de ni\u00f1os, juguetes y, por supuesto, libros? y no por que nosotras seamos <em>la loca de los libros<\/em>&#8230;fiu fiu&#8230;<\/p>\n\n\n\n<p><br>Pues justo esto es lo que nos pas\u00f3 con el libro que os contamos a continuaci\u00f3n. Est\u00e1bamos dando una vuelta, sin intenci\u00f3n de comprar nada PALABRA, y de repente vimos una portada que nos llam\u00f3 mucho la atenci\u00f3n, ojeamos el libro y lo tuvimos que comprar.<\/p>\n\n\n\n<p>A lo mejor record\u00e1is cuando en la edad de piedra no exist\u00eda WhatsApp y nos reenvi\u00e1bamos historias en presentaciones PowerPoint por mail&#8230;\u00bfrecord\u00e1is una leyenda de un indio Cherokee que hablaba con su nieto? <\/p>\n\n\n\n<p>M\u00e1s o menos la leyenda era as\u00ed: <em>El nieto le preguntaba a su abuelo y \u00e9l le contaba que cada uno tenemos dos lobos en nuestro interior, uno bueno y uno malvado. El malvado se alimenta de incomprensi\u00f3n, odio, avaricia, rencor&#8230; y el bueno se alimenta de la sinceridad, amabilidad, bondad&#8230;\u00bfy qui\u00e9n de estos lobos es el que ganar\u00e1? pues aquel al que t\u00fa alimentes.<\/em><\/p>\n\n\n\n<p class=\"has-background\" style=\"background-color:#1a5c78\"><span style=\"color:#8ed1fc\" class=\"color\"><strong>Las ilustraciones<\/strong><\/span><\/p>\n\n\n\n<p>Guillermo adapt\u00f3 esta vieja leyenda de los indios cheroquis y se encarg\u00f3 de ilustrarla con tinta en diferentes tonos, sobre 2 colores base, el azul y el rojo, de una manera fant\u00e1stica, con una gran fuerza a la hora de expresar el momento que nos desvela el texto.<\/p>\n\n\n\n<p>De hecho, las cubiertas internas son una en tonos rojizos y la otra en azules. Aqu\u00ed las ten\u00e9is:<\/p>\n\n\n\n<figure class=\"wp-block-image size-large is-resized\"><img loading=\"lazy\" decoding=\"async\" src=\"https:\/\/madresdesterradas.es\/wp-content\/uploads\/2020\/06\/PicsArt_06-28-06.19.43-1024x1024.jpg\" alt=\"\" class=\"wp-image-6294\" width=\"512\" height=\"512\" srcset=\"https:\/\/madresdesterradas.es\/wp-content\/uploads\/2020\/06\/PicsArt_06-28-06.19.43-1024x1024.jpg 1024w, https:\/\/madresdesterradas.es\/wp-content\/uploads\/2020\/06\/PicsArt_06-28-06.19.43-300x300.jpg 300w, https:\/\/madresdesterradas.es\/wp-content\/uploads\/2020\/06\/PicsArt_06-28-06.19.43-150x150.jpg 150w, https:\/\/madresdesterradas.es\/wp-content\/uploads\/2020\/06\/PicsArt_06-28-06.19.43-768x768.jpg 768w, https:\/\/madresdesterradas.es\/wp-content\/uploads\/2020\/06\/PicsArt_06-28-06.19.43-1536x1536.jpg 1536w, https:\/\/madresdesterradas.es\/wp-content\/uploads\/2020\/06\/PicsArt_06-28-06.19.43-2048x2048.jpg 2048w, https:\/\/madresdesterradas.es\/wp-content\/uploads\/2020\/06\/PicsArt_06-28-06.19.43-1255x1255.jpg 1255w, https:\/\/madresdesterradas.es\/wp-content\/uploads\/2020\/06\/PicsArt_06-28-06.19.43-825x825.jpg 825w, https:\/\/madresdesterradas.es\/wp-content\/uploads\/2020\/06\/PicsArt_06-28-06.19.43-85x85.jpg 85w, https:\/\/madresdesterradas.es\/wp-content\/uploads\/2020\/06\/PicsArt_06-28-06.19.43-170x170.jpg 170w, https:\/\/madresdesterradas.es\/wp-content\/uploads\/2020\/06\/PicsArt_06-28-06.19.43-395x395.jpg 395w\" sizes=\"auto, (max-width: 512px) 100vw, 512px\" \/><\/figure>\n\n\n\n<p>\u00bfA que ten\u00e9is ganas de ver el interior?<\/p>\n\n\n\n<figure class=\"wp-block-image size-large is-resized\"><img loading=\"lazy\" decoding=\"async\" src=\"https:\/\/madresdesterradas.es\/wp-content\/uploads\/2020\/06\/Collage-2020-06-28-18_36_56-1024x1024.jpg\" alt=\"\" class=\"wp-image-6295\" width=\"577\" height=\"577\" srcset=\"https:\/\/madresdesterradas.es\/wp-content\/uploads\/2020\/06\/Collage-2020-06-28-18_36_56-1024x1024.jpg 1024w, https:\/\/madresdesterradas.es\/wp-content\/uploads\/2020\/06\/Collage-2020-06-28-18_36_56-300x300.jpg 300w, https:\/\/madresdesterradas.es\/wp-content\/uploads\/2020\/06\/Collage-2020-06-28-18_36_56-150x150.jpg 150w, https:\/\/madresdesterradas.es\/wp-content\/uploads\/2020\/06\/Collage-2020-06-28-18_36_56-768x768.jpg 768w, https:\/\/madresdesterradas.es\/wp-content\/uploads\/2020\/06\/Collage-2020-06-28-18_36_56-825x825.jpg 825w, https:\/\/madresdesterradas.es\/wp-content\/uploads\/2020\/06\/Collage-2020-06-28-18_36_56-85x85.jpg 85w, https:\/\/madresdesterradas.es\/wp-content\/uploads\/2020\/06\/Collage-2020-06-28-18_36_56-170x170.jpg 170w, https:\/\/madresdesterradas.es\/wp-content\/uploads\/2020\/06\/Collage-2020-06-28-18_36_56-395x395.jpg 395w, https:\/\/madresdesterradas.es\/wp-content\/uploads\/2020\/06\/Collage-2020-06-28-18_36_56.jpg 1080w\" sizes=\"auto, (max-width: 577px) 100vw, 577px\" \/><\/figure>\n\n\n\n<figure class=\"wp-block-image size-large\"><img loading=\"lazy\" decoding=\"async\" width=\"1024\" height=\"1024\" src=\"https:\/\/madresdesterradas.es\/wp-content\/uploads\/2020\/06\/PicsArt_06-28-06.22.49-1024x1024.jpg\" alt=\"\" class=\"wp-image-6293\" srcset=\"https:\/\/madresdesterradas.es\/wp-content\/uploads\/2020\/06\/PicsArt_06-28-06.22.49-1024x1024.jpg 1024w, https:\/\/madresdesterradas.es\/wp-content\/uploads\/2020\/06\/PicsArt_06-28-06.22.49-300x300.jpg 300w, https:\/\/madresdesterradas.es\/wp-content\/uploads\/2020\/06\/PicsArt_06-28-06.22.49-150x150.jpg 150w, https:\/\/madresdesterradas.es\/wp-content\/uploads\/2020\/06\/PicsArt_06-28-06.22.49-768x768.jpg 768w, https:\/\/madresdesterradas.es\/wp-content\/uploads\/2020\/06\/PicsArt_06-28-06.22.49-1536x1536.jpg 1536w, https:\/\/madresdesterradas.es\/wp-content\/uploads\/2020\/06\/PicsArt_06-28-06.22.49-2048x2048.jpg 2048w, https:\/\/madresdesterradas.es\/wp-content\/uploads\/2020\/06\/PicsArt_06-28-06.22.49-1255x1255.jpg 1255w, https:\/\/madresdesterradas.es\/wp-content\/uploads\/2020\/06\/PicsArt_06-28-06.22.49-825x825.jpg 825w, https:\/\/madresdesterradas.es\/wp-content\/uploads\/2020\/06\/PicsArt_06-28-06.22.49-85x85.jpg 85w, https:\/\/madresdesterradas.es\/wp-content\/uploads\/2020\/06\/PicsArt_06-28-06.22.49-170x170.jpg 170w, https:\/\/madresdesterradas.es\/wp-content\/uploads\/2020\/06\/PicsArt_06-28-06.22.49-395x395.jpg 395w\" sizes=\"auto, (max-width: 1024px) 100vw, 1024px\" \/><\/figure>\n\n\n\n<p class=\"has-pale-cyan-blue-color has-text-color has-background\" style=\"background-color:#1a5c78\"><strong>La historia<\/strong><\/p>\n\n\n\n<p>En esta ocasi\u00f3n, tenemos a nuestro viejo abuelo indio, reflexionando como cada d\u00eda en medio del desierto, cuando se acerc\u00f3 una peque\u00f1a india, muy enojada, apretando sus pu\u00f1os, muy irritada, as\u00ed que el anciano le indic\u00f3 que se sentara junto a \u00e9l en una roca.<\/p>\n\n\n\n<p>Le cont\u00f3 que \u00e9l se hab\u00eda enfadado muchas veces, una de ellas golpe\u00f3 una mesa, y se rompi\u00f3, otra vez se qued\u00f3 sin voz 2 d\u00edas por gritar; otra vez, sinti\u00f3 tanto odio y estaba tan furioso, que no vio ni el verano, ni la primavera, ni el invierno ni el oto\u00f1o. En dicha situaci\u00f3n de ira, se choc\u00f3 con una piedra, en la que estaban sentados, y le dio una patada tan fuerte, que entonces ya no pudo caminar, y al mirar al suelo, es cuando vio a los 2 lobos. <\/p>\n\n\n\n<p>Un lobo era grande y bonito, estaba lleno de amor, jugaba, daba saltos de alegr\u00eda, era feliz por estar vivo. <\/p>\n\n\n\n<p>El otro lobo, solo quer\u00eda morder, hasta su propia cola. Viv\u00eda enfadado, lleno de odio, ten\u00eda miedo. Si el otro lobo se le acercaba, intentaba atacarlo. Siempre estaba solo. <\/p>\n\n\n\n<p>\u00bfCu\u00e1l de los 2 ganar\u00e1?<\/p>\n\n\n\n<p class=\"has-pale-cyan-blue-color has-text-color has-background\" style=\"background-color:#1a5c78\"><strong>Comentarios finales<\/strong><\/p>\n\n\n\n<p>El texto est\u00e1 narrado de una manera sencilla, con poco texto en cada hoja, destacando algunas palabras en un tama\u00f1o m\u00e1s grande para llamar la atenci\u00f3n del lector. <\/p>\n\n\n\n<figure class=\"wp-block-gallery columns-2 is-cropped wp-block-gallery-1 is-layout-flex wp-block-gallery-is-layout-flex\"><ul class=\"blocks-gallery-grid\"><li class=\"blocks-gallery-item\"><figure><img loading=\"lazy\" decoding=\"async\" width=\"1024\" height=\"768\" src=\"https:\/\/madresdesterradas.es\/wp-content\/uploads\/2020\/06\/IMG_20200628_181152-1024x768.jpg\" alt=\"\" data-id=\"6296\" data-full-url=\"https:\/\/madresdesterradas.es\/wp-content\/uploads\/2020\/06\/IMG_20200628_181152-scaled.jpg\" data-link=\"https:\/\/madresdesterradas.es\/img_20200628_181152\/\" class=\"wp-image-6296\" srcset=\"https:\/\/madresdesterradas.es\/wp-content\/uploads\/2020\/06\/IMG_20200628_181152-1024x768.jpg 1024w, https:\/\/madresdesterradas.es\/wp-content\/uploads\/2020\/06\/IMG_20200628_181152-300x225.jpg 300w, https:\/\/madresdesterradas.es\/wp-content\/uploads\/2020\/06\/IMG_20200628_181152-768x576.jpg 768w, https:\/\/madresdesterradas.es\/wp-content\/uploads\/2020\/06\/IMG_20200628_181152-1536x1152.jpg 1536w, https:\/\/madresdesterradas.es\/wp-content\/uploads\/2020\/06\/IMG_20200628_181152-2048x1536.jpg 2048w, https:\/\/madresdesterradas.es\/wp-content\/uploads\/2020\/06\/IMG_20200628_181152-1255x941.jpg 1255w, https:\/\/madresdesterradas.es\/wp-content\/uploads\/2020\/06\/IMG_20200628_181152-825x619.jpg 825w, https:\/\/madresdesterradas.es\/wp-content\/uploads\/2020\/06\/IMG_20200628_181152-395x296.jpg 395w\" sizes=\"auto, (max-width: 1024px) 100vw, 1024px\" \/><\/figure><\/li><li class=\"blocks-gallery-item\"><figure><img loading=\"lazy\" decoding=\"async\" width=\"1024\" height=\"768\" src=\"https:\/\/madresdesterradas.es\/wp-content\/uploads\/2020\/06\/IMG_20200628_181201-1024x768.jpg\" alt=\"\" data-id=\"6297\" data-full-url=\"https:\/\/madresdesterradas.es\/wp-content\/uploads\/2020\/06\/IMG_20200628_181201-scaled.jpg\" data-link=\"https:\/\/madresdesterradas.es\/img_20200628_181201\/\" class=\"wp-image-6297\" srcset=\"https:\/\/madresdesterradas.es\/wp-content\/uploads\/2020\/06\/IMG_20200628_181201-1024x768.jpg 1024w, https:\/\/madresdesterradas.es\/wp-content\/uploads\/2020\/06\/IMG_20200628_181201-300x225.jpg 300w, https:\/\/madresdesterradas.es\/wp-content\/uploads\/2020\/06\/IMG_20200628_181201-768x576.jpg 768w, https:\/\/madresdesterradas.es\/wp-content\/uploads\/2020\/06\/IMG_20200628_181201-1536x1152.jpg 1536w, https:\/\/madresdesterradas.es\/wp-content\/uploads\/2020\/06\/IMG_20200628_181201-2048x1536.jpg 2048w, https:\/\/madresdesterradas.es\/wp-content\/uploads\/2020\/06\/IMG_20200628_181201-1255x941.jpg 1255w, https:\/\/madresdesterradas.es\/wp-content\/uploads\/2020\/06\/IMG_20200628_181201-825x619.jpg 825w, https:\/\/madresdesterradas.es\/wp-content\/uploads\/2020\/06\/IMG_20200628_181201-395x296.jpg 395w\" sizes=\"auto, (max-width: 1024px) 100vw, 1024px\" \/><\/figure><\/li><\/ul><\/figure>\n\n\n\n<p>El libro est\u00e1 publicado por la editorial <strong>Akiara books<\/strong>, editorial que se preocupa de que sus libros transmitan alg\u00fan mensaje para nuestro crecimiento interior; de hecho, este es el n\u00famero 4 de la colecci\u00f3n <strong>Akialbum<\/strong>.<\/p>\n\n\n\n<p>Tiene una gu\u00eda de lectura para padres al final del libro e incluso una p\u00e1gina en la que nos hace ciertas reflexiones, por citar algunas:<\/p>\n\n\n\n<blockquote class=\"wp-block-quote is-layout-flow wp-block-quote-is-layout-flow\"><p>\u00bfRecuerdas alg\u00fan momento en el que haya ganado el lobo malo? \u00bfQu\u00e9 consecuencias tuvo? \u00bfC\u00f3mo te sentiste? M\u00edralo.<\/p><p>\u00bfRecuerdas alg\u00fan momento en el que haya ganado el lobo bueno? \u00bfQu\u00e9 consecuencias tuvo? \u00bfC\u00f3mo te sentiste? M\u00edralo.<\/p><p>\u00bfConoces el alimento m\u00e1s poderoso del mundo? T\u00f3matelo a diario, para siempre.<\/p><\/blockquote>\n\n\n\n<p>Todos sentimos en alg\u00fan momento esa dualidad, estos \u00ablobos\u00bb pueden dominarnos o pueden ayudarnos a crecer, ense\u00f1arnos. Nosotros decidiremos c\u00f3mo queremos vivir, si a la defensiva y atacando o saltando de alegr\u00eda. <\/p>\n\n\n\n<p>Como pod\u00e9is ver no se trata de dejar de alimentar a uno de los lobos ya que las expresiones no deben de ser reprimidas, pero hay que reconocerlas, verbalizarlas, buscar la soluci\u00f3n, hay que saber guiarlas y encauzarlas en su justa medida (cosa que ya sabemos todos que en ocasiones, es complicado, y m\u00e1s si hablamos de nuestros hijos). <\/p>\n\n\n\n<p>Este tipo de emociones no hay que esconderlas, pueden ser emociones que nos resulten desagradables (miedo, tristeza, ira&#8230;las llamadas emociones \u00abnegativas\u00bb), por supuesto, pero son igualmente necesarias, no son \u00abmalas\u00bb.<\/p>\n\n\n\n<p>Hay que trabajar con los ni\u00f1os desde peque\u00f1os para que consigan controlar su enfado y su rabia, ya sab\u00e9is la importancia que tiene la educaci\u00f3n emocional, y este libro es un buen recurso para hacerlo \u00bfno os parece?<\/p>\n\n\n\n<p><\/p>\n\n\n\n<p>Si quieres comprar este libro, pregunta en tu tienda de referencia y ayudemos al peque\u00f1o comercio. Si no tienes cerca, horario compatible, tiempo para ir a buscar, etc y te decantas por internet, te dejamos el <a href=\"https:\/\/www.amazon.es\/gp\/product\/8417440100\/ref=as_li_tl?ie=UTF8&amp;camp=3638&amp;creative=24630&amp;creativeASIN=8417440100&amp;linkCode=as2&amp;tag=madresdesterr-21&amp;linkId=b0674998332bbd22064440a4ee208b00\">enlace de Amazon<\/a> y nos ayudas un poco con el blog. \ud83d\ude09<\/p>\n","protected":false},"excerpt":{"rendered":"<p>Habla sin controlar tu ira y obtendr\u00e1s el mejor discurso del que arrepentirte. Ambrose Bierce (1842-1914). Militar, editor, periodista , escritor y sat\u00edrico estadounidense. Ficha T\u00edtulo: Los dos lobos Autor: Wilfred (Guillermo Gil Schr\u00f6der) Editorial: Akiara books A\u00f1o de edici\u00f3n: 2018 N\u00famero de p\u00e1ginas: 40 Edad recomendada: +5 a\u00f1os ISBN: 978-84-17440-10-7 \u00bfPor qu\u00e9 lo compramos? [&hellip;]<\/p>\n","protected":false},"author":1,"featured_media":6291,"comment_status":"open","ping_status":"open","sticky":false,"template":"","format":"standard","meta":{"_monsterinsights_skip_tracking":false,"_monsterinsights_sitenote_active":false,"_monsterinsights_sitenote_note":"","_monsterinsights_sitenote_category":0,"_uf_show_specific_survey":0,"_uf_disable_surveys":false,"footnotes":""},"categories":[1351],"tags":[3068,2657,1829,1832,1704,3067,1711,3066,2659,3069],"class_list":["post-6281","post","type-post","status-publish","format-standard","has-post-thumbnail","hentry","category-libros","tag-akiara-books","tag-educacion-emocional","tag-emociones","tag-hoy-leemos","tag-ideas-para-regalar","tag-los-dos-lobos","tag-resena","tag-sentimientos","tag-trabajar-las-emociones","tag-wilfred"],"_links":{"self":[{"href":"https:\/\/madresdesterradas.es\/index.php\/wp-json\/wp\/v2\/posts\/6281","targetHints":{"allow":["GET"]}}],"collection":[{"href":"https:\/\/madresdesterradas.es\/index.php\/wp-json\/wp\/v2\/posts"}],"about":[{"href":"https:\/\/madresdesterradas.es\/index.php\/wp-json\/wp\/v2\/types\/post"}],"author":[{"embeddable":true,"href":"https:\/\/madresdesterradas.es\/index.php\/wp-json\/wp\/v2\/users\/1"}],"replies":[{"embeddable":true,"href":"https:\/\/madresdesterradas.es\/index.php\/wp-json\/wp\/v2\/comments?post=6281"}],"version-history":[{"count":12,"href":"https:\/\/madresdesterradas.es\/index.php\/wp-json\/wp\/v2\/posts\/6281\/revisions"}],"predecessor-version":[{"id":6965,"href":"https:\/\/madresdesterradas.es\/index.php\/wp-json\/wp\/v2\/posts\/6281\/revisions\/6965"}],"wp:featuredmedia":[{"embeddable":true,"href":"https:\/\/madresdesterradas.es\/index.php\/wp-json\/wp\/v2\/media\/6291"}],"wp:attachment":[{"href":"https:\/\/madresdesterradas.es\/index.php\/wp-json\/wp\/v2\/media?parent=6281"}],"wp:term":[{"taxonomy":"category","embeddable":true,"href":"https:\/\/madresdesterradas.es\/index.php\/wp-json\/wp\/v2\/categories?post=6281"},{"taxonomy":"post_tag","embeddable":true,"href":"https:\/\/madresdesterradas.es\/index.php\/wp-json\/wp\/v2\/tags?post=6281"}],"curies":[{"name":"wp","href":"https:\/\/api.w.org\/{rel}","templated":true}]}}