{"id":5559,"date":"2020-05-21T08:20:47","date_gmt":"2020-05-21T07:20:47","guid":{"rendered":"http:\/\/madresdesterradas.es\/?p=5559"},"modified":"2020-05-21T08:20:48","modified_gmt":"2020-05-21T07:20:48","slug":"itinerario-botanico","status":"publish","type":"post","link":"https:\/\/madresdesterradas.es\/index.php\/2020\/05\/21\/itinerario-botanico\/","title":{"rendered":"Itinerario bot\u00e1nico"},"content":{"rendered":"\n<p class=\"has-small-font-size\"><em>Empezamos a escribir esto pre-confinamiento. Lo terminamos ahora deseando llegar pronto a la fase en la que se pueda salir con la familia al aire libre, a hacer aunque sea una peque\u00f1a ruta. <\/em><\/p>\n\n\n\n<p>Hoy os vamos a hablar de la ruta del bot\u00e1nico. Tiene unos 800 m de trayecto que discurren por el conocido \u00abpla de Sanxa\u00bb y una duraci\u00f3n de 40 minutos. El camino, transcurre tambi\u00e9n sobre maderas de antiguas v\u00edas de tren.<\/p>\n\n\n\n<p>La ruta parte pr\u00e1cticamente desde el mirador o el embarcadero de la Albufera (mirador de Pujol), d\u00f3nde ver\u00e9is que hay mucha gente haci\u00e9ndose fotos y cruzando la carretera a lo loco.<\/p>\n\n\n\n<p>Si vais desde Valencia, para aparcar, salvo que encontr\u00e9is un sitio justo al pasar por el embarcadero, es m\u00e1s recomendable que continu\u00e9is por la CV500 hasta la siguiente rotonda (donde se coge el desv\u00edo hacia El Palmar), hag\u00e1is un cambio de sentido y entr\u00e9is en la zona de la ruta, ya que si ven\u00eds desde Valencia est\u00e1 prohibido girar hacia la izquierda (as\u00ed os ahorr\u00e1is problemas, un susto y una multa). Esta rotonda tiene el p\u00e1jaro s\u00edmbolo de l&#8217;Albufera dibujado y \u00a1Ojo! Es fotoluminiscente.<\/p>\n\n\n\n<p>En el caso de que encontr\u00e9is sitio cuando est\u00e9is llegando a la zona del embarcadero, y quer\u00e9is aparcar all\u00ed, deber\u00e9is cruzar al otro lado de la carretera y avanzar un poquito m\u00e1s. Enseguida ver\u00e9is el camino a la izquierda.<\/p>\n\n\n\n<figure class=\"wp-block-image size-large is-resized\"><img loading=\"lazy\" decoding=\"async\" src=\"https:\/\/madresdesterradas.es\/wp-content\/uploads\/2020\/05\/IMG_20200308_115207-768x1024.jpg\" alt=\"\" class=\"wp-image-6031\" width=\"384\" height=\"512\" srcset=\"https:\/\/madresdesterradas.es\/wp-content\/uploads\/2020\/05\/IMG_20200308_115207-768x1024.jpg 768w, https:\/\/madresdesterradas.es\/wp-content\/uploads\/2020\/05\/IMG_20200308_115207-225x300.jpg 225w, https:\/\/madresdesterradas.es\/wp-content\/uploads\/2020\/05\/IMG_20200308_115207-1152x1536.jpg 1152w, https:\/\/madresdesterradas.es\/wp-content\/uploads\/2020\/05\/IMG_20200308_115207-1536x2048.jpg 1536w, https:\/\/madresdesterradas.es\/wp-content\/uploads\/2020\/05\/IMG_20200308_115207-1255x1673.jpg 1255w, https:\/\/madresdesterradas.es\/wp-content\/uploads\/2020\/05\/IMG_20200308_115207-825x1100.jpg 825w, https:\/\/madresdesterradas.es\/wp-content\/uploads\/2020\/05\/IMG_20200308_115207-395x527.jpg 395w, https:\/\/madresdesterradas.es\/wp-content\/uploads\/2020\/05\/IMG_20200308_115207-scaled.jpg 1920w\" sizes=\"auto, (max-width: 384px) 100vw, 384px\" \/><figcaption>Esta es la zona a la que se puede acceder si hac\u00e9is cambio de sentido. Al fondo se ve incluso el autob\u00fas y la zona de embarcadero de La Albufera<\/figcaption><\/figure>\n\n\n\n<p>El inicio de estas rutas, est\u00e1 tambi\u00e9n muy cerca de las paradas de EMT, por lo que no es necesario que coj\u00e1is el coche (pero tened en cuenta la frecuencia de paso y que vais con ni\u00f1os \ud83d\ude05).<\/p>\n\n\n\n<p>En el mismo punto, se inicia tambi\u00e9n la ruta de La Gola del Pujol, as\u00ed que \u00fanicamente ten\u00e9is que seguir la se\u00f1al verde (hacia la derecha) que indica la ruta del bot\u00e1nico.<\/p>\n\n\n\n<p>Paradas:<\/p>\n\n\n\n<ol class=\"wp-block-list\"><li>Pla de Na Sanxa<\/li><li>Maquia mediterr\u00e1nea<\/li><li>El palmito, el mirto y el espino negro<\/li><li>El pino carrasco y la siempreviva<\/li><li>El brezo, la albaida y el labi\u00e9rnago<\/li><li>El pino rodeno y la zarzaparrilla<\/li><li>El bay\u00f3n, el juguarzo y la coscoja<\/li><li>El lentisco y la estepa negra<\/li><li>El romero, el aladierno y la madreselva<\/li><li>La uva negra y la cisca<\/li><\/ol>\n\n\n\n<p class=\"has-small-font-size\"><\/p>\n\n\n\n<p>Ah\u00ed vamos con el resumen:<\/p>\n\n\n\n<p class=\"has-text-color has-background has-very-light-gray-color has-light-green-cyan-background-color\"><strong>Parada 1<\/strong><\/p>\n\n\n\n<p><span style=\"color:#00d084\" class=\"color\"><strong>Pla de la Sanxa<\/strong><\/span>: La primera referencia de esta zona, data de finales del s. XIV (una mujer, Sanxa, fue autorizada a que sus cabras pastaran en esta zona), pero nos remontaremos a la novela de Blasco Ib\u00e1\u00f1ez,<em> Ca\u00f1as y barro<\/em>, donde se narra la leyenda de \u00abla Sanxa y el Pastor\u00bb. Un pastor ten\u00eda como \u00fanica amiga una serpiente, llamada Sanxa, a la que le daba todos los d\u00edas leche de sus cabras y jugaba con ella. Tuvo que ausentarse e ir a la guerra, a su vuelta, Sanxa hab\u00eda crecido mucho, y se enrosc\u00f3 alrededor del pastor como siempre hab\u00eda hecho, asfixi\u00e1ndolo. <\/p>\n\n\n\n<p class=\"has-small-font-size\"><em>Ya que este es el itinerario bot\u00e1nico, os a\u00f1adimos en esta ocasi\u00f3n por si es de vuestro inter\u00e9s, nombre en lat\u00edn y en valenciano.<\/em><\/p>\n\n\n\n<p class=\"has-text-color has-background has-very-light-gray-color has-light-green-cyan-background-color\"><strong>Parada 2<\/strong><\/p>\n\n\n\n<p><span style=\"color:#00d084\" class=\"color\"><strong>La maquia<\/strong><\/span> (<em>m\u00e0quia<\/em>): es el matorral denso caracter\u00edstico de la Devesa. Son arbustos &gt; 2&#8217;5 m, de hoja perenne y dura (la gente que se escond\u00eda entre la maleza, viviendo clandestinamente, se llamaba por este motivo maquis). Los matorrales densos de esta zona pueden ser coscoja, brezos, zarzaparrilla&#8230;suele acompa\u00f1arse de un pinar de pino carrasco (en menor medida, de pino rodeno).<\/p>\n\n\n\n<figure class=\"wp-block-image size-large is-resized\"><img loading=\"lazy\" decoding=\"async\" src=\"https:\/\/madresdesterradas.es\/wp-content\/uploads\/2020\/05\/Collage-2020-05-20-19_20_30-1024x1024.jpg\" alt=\"\" class=\"wp-image-6037\" width=\"641\" height=\"641\" srcset=\"https:\/\/madresdesterradas.es\/wp-content\/uploads\/2020\/05\/Collage-2020-05-20-19_20_30-1024x1024.jpg 1024w, https:\/\/madresdesterradas.es\/wp-content\/uploads\/2020\/05\/Collage-2020-05-20-19_20_30-300x300.jpg 300w, https:\/\/madresdesterradas.es\/wp-content\/uploads\/2020\/05\/Collage-2020-05-20-19_20_30-150x150.jpg 150w, https:\/\/madresdesterradas.es\/wp-content\/uploads\/2020\/05\/Collage-2020-05-20-19_20_30-768x768.jpg 768w, https:\/\/madresdesterradas.es\/wp-content\/uploads\/2020\/05\/Collage-2020-05-20-19_20_30-825x825.jpg 825w, https:\/\/madresdesterradas.es\/wp-content\/uploads\/2020\/05\/Collage-2020-05-20-19_20_30-85x85.jpg 85w, https:\/\/madresdesterradas.es\/wp-content\/uploads\/2020\/05\/Collage-2020-05-20-19_20_30-170x170.jpg 170w, https:\/\/madresdesterradas.es\/wp-content\/uploads\/2020\/05\/Collage-2020-05-20-19_20_30-395x395.jpg 395w, https:\/\/madresdesterradas.es\/wp-content\/uploads\/2020\/05\/Collage-2020-05-20-19_20_30.jpg 1080w\" sizes=\"auto, (max-width: 641px) 100vw, 641px\" \/><figcaption>De izqda a derecha y de arriba a abajo: Palmitos y zarzaparrillas. Maquia mediterr\u00e1nea y al fondo la 1\u00aa parada. Informaci\u00f3n sobre Ca\u00f1as y Barro y azulejo de Sanxa y el pastor. Pino carrasco. Parada n\u00ba 2 rodeada de palmito.<\/figcaption><\/figure>\n\n\n\n<p class=\"has-text-color has-background has-very-light-gray-color has-light-green-cyan-background-color\"><strong>Parada 3<\/strong><\/p>\n\n\n\n<p><strong><span style=\"color:#00d084\" class=\"color\">El mirto<\/span><\/strong> <em>(Myrtus communis L, la murta)<\/em>: es un arbusto arom\u00e1tico que puede alcanzar los 5 m de altura. Sus flores nacen de las axilas (uni\u00f3n entre hojas y tallo). Con sus frutos (murtones), se prepara un vino arom\u00e1tico astringente. Contiene mirtol (un alcohol) que le confiere propiedades bals\u00e1micas, antis\u00e9pticas y sedantes (utilizado popularmente para afecciones pulmonares y bronquiales). Sus hojas se utilizan en muchas fiestas y procesiones para perfumar el ambiente. <\/p>\n\n\n\n<p class=\"has-text-color has-very-dark-gray-color\"><strong><span style=\"color:#00d084\" class=\"color\">El palmito<\/span><\/strong> <em>(Rhamnus oleoides L, el margall\u00f3)<\/em>: es una palmera que puede llegar ocasionalmente hasta los 3 m. Tronco fibroso, su coraz\u00f3n o cogollo se come (aunque eso supone la muerte de la palmera). Sus frutos son ingeridos por algunos roedores. Desde tiempos remotos, sus hojas se han usado para abanicos, capazos, sombreros&#8230;y en el siglo XIX comenz\u00f3 la artesan\u00eda del palmito.<\/p>\n\n\n\n<p><span style=\"color:#00d084\" class=\"color\"><strong>El espino negro<\/strong> <\/span><em>(Chamaerops humilis L, l&#8217;arc negre)<\/em>: Es un arbusto que alcanza hasta 3 m de altura. Su fruto es redondo, inicialmente verde y luego se torna negro; sus ramas y tallos acaban en fuertes espinas. Podemos ver algunos lagartos, saltamontes, aprovechando para esconderse. El alcaud\u00f3n (peque\u00f1a ave) utiliza este arbusto para sujetar a sus presas mientras se las come (o como despensa).<\/p>\n\n\n\n<figure class=\"wp-block-image size-large\"><img loading=\"lazy\" decoding=\"async\" width=\"1024\" height=\"537\" src=\"https:\/\/madresdesterradas.es\/wp-content\/uploads\/2020\/05\/IMG_20200308_115829-1024x537.jpg\" alt=\"\" class=\"wp-image-6058\" srcset=\"https:\/\/madresdesterradas.es\/wp-content\/uploads\/2020\/05\/IMG_20200308_115829-1024x537.jpg 1024w, https:\/\/madresdesterradas.es\/wp-content\/uploads\/2020\/05\/IMG_20200308_115829-300x157.jpg 300w, https:\/\/madresdesterradas.es\/wp-content\/uploads\/2020\/05\/IMG_20200308_115829-768x403.jpg 768w, https:\/\/madresdesterradas.es\/wp-content\/uploads\/2020\/05\/IMG_20200308_115829-1536x806.jpg 1536w, https:\/\/madresdesterradas.es\/wp-content\/uploads\/2020\/05\/IMG_20200308_115829-1255x658.jpg 1255w, https:\/\/madresdesterradas.es\/wp-content\/uploads\/2020\/05\/IMG_20200308_115829-825x433.jpg 825w, https:\/\/madresdesterradas.es\/wp-content\/uploads\/2020\/05\/IMG_20200308_115829-395x207.jpg 395w, https:\/\/madresdesterradas.es\/wp-content\/uploads\/2020\/05\/IMG_20200308_115829.jpg 1767w\" sizes=\"auto, (max-width: 1024px) 100vw, 1024px\" \/><\/figure>\n\n\n\n<p class=\"has-text-color has-background has-very-light-gray-color has-light-green-cyan-background-color\"><strong>Parada 4<\/strong><\/p>\n\n\n\n<p><strong><span style=\"color:#00d084\" class=\"color\">El pino carrasco<\/span><\/strong> (<em>Pinus halepensis Miiil, el pi blanc<\/em>): el m\u00e1s abundante en l Devesa. A medida que va envejeciendo, su corteza se hace blanquecina. Tiene las ac\u00edculas (hojas) cortas y suele mantener las pi\u00f1as, abiertas y secas, en las ramas. De \u00e9l se extrae la trementina que se usa para hacer aguarr\u00e1s.<\/p>\n\n\n\n<p><strong><span style=\"color:#00d084\" class=\"color\">La siempreviva<\/span><\/strong> (<em>Helichrysum stoechas L, la floreta de pasqua<\/em>): peque\u00f1a planta (&lt; 50 cm) que florece en primavera, sus flores son amarillas y crecen agrupadas. Sus flores se utilizan (te\u00f1idas) para realizar el tapiz de la Virgen de los Desamparados. <\/p>\n\n\n\n<p class=\"has-text-color has-background has-very-light-gray-color has-light-green-cyan-background-color\"><strong>Parada 5<\/strong><\/p>\n\n\n\n<p><strong><span style=\"color:#00d084\" class=\"color\">El brezo <\/span><\/strong>(<em>Erica multiflora L, petorret<\/em> y tambi\u00e9n conocido desde la infancia como \u00ab<em>peditos de monja<\/em>\u00bb y si no sab\u00e9is por qu\u00e9, tirad las flores al fuego de la chimenea y escuchad): florece en invierno. Tiene flores rosadas agrupadas al final de las ramas. Su madera se usa para la fabricaci\u00f3n de pipas y cachimbas.<\/p>\n\n\n\n<figure class=\"wp-block-image size-large\"><img loading=\"lazy\" decoding=\"async\" width=\"1024\" height=\"1024\" src=\"https:\/\/madresdesterradas.es\/wp-content\/uploads\/2020\/05\/Collage-2020-05-20-19_28_35-1024x1024.jpg\" alt=\"\" class=\"wp-image-6038\" srcset=\"https:\/\/madresdesterradas.es\/wp-content\/uploads\/2020\/05\/Collage-2020-05-20-19_28_35-1024x1024.jpg 1024w, https:\/\/madresdesterradas.es\/wp-content\/uploads\/2020\/05\/Collage-2020-05-20-19_28_35-300x300.jpg 300w, https:\/\/madresdesterradas.es\/wp-content\/uploads\/2020\/05\/Collage-2020-05-20-19_28_35-150x150.jpg 150w, https:\/\/madresdesterradas.es\/wp-content\/uploads\/2020\/05\/Collage-2020-05-20-19_28_35-768x768.jpg 768w, https:\/\/madresdesterradas.es\/wp-content\/uploads\/2020\/05\/Collage-2020-05-20-19_28_35-825x825.jpg 825w, https:\/\/madresdesterradas.es\/wp-content\/uploads\/2020\/05\/Collage-2020-05-20-19_28_35-85x85.jpg 85w, https:\/\/madresdesterradas.es\/wp-content\/uploads\/2020\/05\/Collage-2020-05-20-19_28_35-170x170.jpg 170w, https:\/\/madresdesterradas.es\/wp-content\/uploads\/2020\/05\/Collage-2020-05-20-19_28_35-395x395.jpg 395w, https:\/\/madresdesterradas.es\/wp-content\/uploads\/2020\/05\/Collage-2020-05-20-19_28_35.jpg 1080w\" sizes=\"auto, (max-width: 1024px) 100vw, 1024px\" \/><figcaption>Flores masculinas de lentisco y Zarzaparrilla. Pino carrasco y matorrales. Siempreviva. Brezo<\/figcaption><\/figure>\n\n\n\n<p><strong><span style=\"color:#00d084\" class=\"color\">La albaida<\/span><\/strong> (<em>Anthyllis cystoides L, l&#8217;albada<\/em>): arbusto de hojas y tallos blanquecinos. Florece en primavera. Sus flores amarillas forman espigas al final de las ramas. Abundante por todo el matorral abierto de la Devesa.<\/p>\n\n\n\n<p><strong><span style=\"color:#00d084\" class=\"color\">El labi\u00e9rnago o falso ovillo<\/span><\/strong> (<em>Phillyrea angustifolia L., l&#8217;aladern de fulla estreta<\/em>): puede superar los 4 m. Se parece mucho al olivo. Su fruto es peque\u00f1o y negro cuando est\u00e1 maduro, sirviendo de comida a muchas aves de la Devesa. Florece de febrero a abril. <\/p>\n\n\n\n<p class=\"has-text-color has-background has-very-light-gray-color has-light-green-cyan-background-color\"><strong>Parada 6<\/strong><\/p>\n\n\n\n<div class=\"wp-block-media-text alignwide is-stacked-on-mobile\"><figure class=\"wp-block-media-text__media\"><img loading=\"lazy\" decoding=\"async\" width=\"768\" height=\"1024\" src=\"https:\/\/madresdesterradas.es\/wp-content\/uploads\/2020\/05\/IMG_20200308_122229-768x1024.jpg\" alt=\"\" class=\"wp-image-6041\" srcset=\"https:\/\/madresdesterradas.es\/wp-content\/uploads\/2020\/05\/IMG_20200308_122229-768x1024.jpg 768w, https:\/\/madresdesterradas.es\/wp-content\/uploads\/2020\/05\/IMG_20200308_122229-225x300.jpg 225w, https:\/\/madresdesterradas.es\/wp-content\/uploads\/2020\/05\/IMG_20200308_122229-1152x1536.jpg 1152w, https:\/\/madresdesterradas.es\/wp-content\/uploads\/2020\/05\/IMG_20200308_122229-1536x2048.jpg 1536w, https:\/\/madresdesterradas.es\/wp-content\/uploads\/2020\/05\/IMG_20200308_122229-1255x1673.jpg 1255w, https:\/\/madresdesterradas.es\/wp-content\/uploads\/2020\/05\/IMG_20200308_122229-825x1100.jpg 825w, https:\/\/madresdesterradas.es\/wp-content\/uploads\/2020\/05\/IMG_20200308_122229-395x527.jpg 395w, https:\/\/madresdesterradas.es\/wp-content\/uploads\/2020\/05\/IMG_20200308_122229-scaled.jpg 1920w\" sizes=\"auto, (max-width: 768px) 100vw, 768px\" \/><\/figure><div class=\"wp-block-media-text__content\">\n<p class=\"has-text-color has-normal-font-size has-very-dark-gray-color\"><strong><span style=\"color:#00d084\" class=\"color\">El pino rodeno<\/span><\/strong> (<em>Pinus pinaster Aiton, el pi pinastre<\/em>): tiene una copa piramidal. Su corteza es \u00e1spera y resquebrajada. Sus pi\u00f1as pueden llegar hasta los 20 cm de largo. Sus ac\u00edculas son m\u00e1s largas. Fue introducido en la Devesa a principios del s. XX, pero no se ha adaptado bien, de ah\u00ed su progresiva desaparici\u00f3n.<\/p>\n<\/div><\/div>\n\n\n\n<p><strong><span style=\"color:#00d084\" class=\"color\">La zarzaparrilla<\/span><\/strong> (<em>Smilax \u00e1spera L, l&#8217;ar\u00edtjol<\/em>): planta trepadora con espinas. Sus hojas tienen forma de coraz\u00f3n, brillantes y duras. De sus frutos, que aparecen en racimos similares a las uvas, se produce la zarzaparrilla, consumida antes de la llegada de los refrescos de cola. Actualmente se utilizar para aromatizar refrescos, helados y pasteler\u00eda.<\/p>\n\n\n\n<p class=\"has-text-color has-background has-very-light-gray-color has-light-green-cyan-background-color\"><strong>Parada 7<\/strong><\/p>\n\n\n\n<p><strong><span style=\"color:#00d084\" class=\"color\">El bay\u00f3n<\/span><\/strong> (<em>Osyris quadripartita Salzm, el ginest\u00f3 valenci\u00e0<\/em>): arbusto semipar\u00e1sito, florece en primavera. Frutos anaranjados. Suele vivir en las crestas de las dunas.<\/p>\n\n\n\n<figure class=\"wp-block-image size-large\"><img loading=\"lazy\" decoding=\"async\" width=\"1024\" height=\"621\" src=\"https:\/\/madresdesterradas.es\/wp-content\/uploads\/2020\/05\/IMG_20200308_122319-1024x621.jpg\" alt=\"\" class=\"wp-image-6057\" srcset=\"https:\/\/madresdesterradas.es\/wp-content\/uploads\/2020\/05\/IMG_20200308_122319-1024x621.jpg 1024w, https:\/\/madresdesterradas.es\/wp-content\/uploads\/2020\/05\/IMG_20200308_122319-300x182.jpg 300w, https:\/\/madresdesterradas.es\/wp-content\/uploads\/2020\/05\/IMG_20200308_122319-768x466.jpg 768w, https:\/\/madresdesterradas.es\/wp-content\/uploads\/2020\/05\/IMG_20200308_122319-1536x931.jpg 1536w, https:\/\/madresdesterradas.es\/wp-content\/uploads\/2020\/05\/IMG_20200308_122319-2048x1242.jpg 2048w, https:\/\/madresdesterradas.es\/wp-content\/uploads\/2020\/05\/IMG_20200308_122319-1255x761.jpg 1255w, https:\/\/madresdesterradas.es\/wp-content\/uploads\/2020\/05\/IMG_20200308_122319-825x500.jpg 825w, https:\/\/madresdesterradas.es\/wp-content\/uploads\/2020\/05\/IMG_20200308_122319-395x239.jpg 395w\" sizes=\"auto, (max-width: 1024px) 100vw, 1024px\" \/><\/figure>\n\n\n\n<p><strong><span style=\"color:#00d084\" class=\"color\">El jagurazo<\/span><\/strong> (<em>Halimiun halimifolium L, l&#8217;herba dels esperits<\/em>): vive en zonas menos densas. Sus hojas y tallos son de coloraci\u00f3n gris por la cantidad de pelillos que tienen. Sus flores son amarillas, de 5 p\u00e9talos iguales, aparecen entre mayo y junio; ocasionalmente, pueden tener una mancha morada en cada p\u00e9talo. Cuando alguien ca\u00edda enfermo o mor\u00eda, sus ramas y hojas se quemaban para alejar a los malos esp\u00edritus.<\/p>\n\n\n\n<p><strong><span style=\"color:#00d084\" class=\"color\">La coscoja<\/span><\/strong> (<em>Quercus coccifera L, el coscoll<\/em>): arbusto de corteza gris\u00e1cea y hojas pinchosas. Da un fruto similar a la bellota, amargo y no comestible, que se usaban como suced\u00e1neo del caf\u00e9. Por su poder calor\u00edfico se utilizaban en los hornos.<\/p>\n\n\n\n<p class=\"has-text-color has-background has-very-light-gray-color has-light-green-cyan-background-color\"><strong>Parada 8<\/strong><\/p>\n\n\n\n<p><strong><span style=\"color:#00d084\" class=\"color\">El lentisco<\/span><\/strong> (<em>Pistacia lentiscus L, el llentiscle<\/em>): arbusto perenne y dioico (las flores masculinas (rojo oscuro y peque\u00f1as) y las femeninas  (verde amarillento) se encuentran en distintas plantas). Sus frutos pasan del rojo al negro al madurar. Son de la misma familia que el pistacho, conteniendo muchos aceites y siendo el alimento principal de estorninos. Se usa como complemento de ramos de flores. Los griegos y los romanos utilizaban su resina como goma de mascar (por lo que se conoce como \u00abmastic\u00bb).<\/p>\n\n\n\n<p><span style=\"color:#00d084\" class=\"color\"><strong>La estepa negra o la jara con hojas de salvia<\/strong><\/span> (<em>Cistus salviaefolius L, l&#8217;estepa borrera<\/em>): arbusto de entre 20-100 cm. Florece entre abril y junio, con flores blancas y con centro amarillento. Abunda en los claros del matorral.<\/p>\n\n\n\n<figure class=\"wp-block-image size-large is-resized\"><img loading=\"lazy\" decoding=\"async\" src=\"https:\/\/madresdesterradas.es\/wp-content\/uploads\/2020\/05\/IMG_20200308_122628-1024x604.jpg\" alt=\"\" class=\"wp-image-6056\" width=\"512\" height=\"302\" srcset=\"https:\/\/madresdesterradas.es\/wp-content\/uploads\/2020\/05\/IMG_20200308_122628-1024x604.jpg 1024w, https:\/\/madresdesterradas.es\/wp-content\/uploads\/2020\/05\/IMG_20200308_122628-300x177.jpg 300w, https:\/\/madresdesterradas.es\/wp-content\/uploads\/2020\/05\/IMG_20200308_122628-768x453.jpg 768w, https:\/\/madresdesterradas.es\/wp-content\/uploads\/2020\/05\/IMG_20200308_122628-1536x906.jpg 1536w, https:\/\/madresdesterradas.es\/wp-content\/uploads\/2020\/05\/IMG_20200308_122628-1255x740.jpg 1255w, https:\/\/madresdesterradas.es\/wp-content\/uploads\/2020\/05\/IMG_20200308_122628-825x487.jpg 825w, https:\/\/madresdesterradas.es\/wp-content\/uploads\/2020\/05\/IMG_20200308_122628-272x160.jpg 272w, https:\/\/madresdesterradas.es\/wp-content\/uploads\/2020\/05\/IMG_20200308_122628-840x494.jpg 840w, https:\/\/madresdesterradas.es\/wp-content\/uploads\/2020\/05\/IMG_20200308_122628-395x233.jpg 395w, https:\/\/madresdesterradas.es\/wp-content\/uploads\/2020\/05\/IMG_20200308_122628.jpg 1797w\" sizes=\"auto, (max-width: 512px) 100vw, 512px\" \/><\/figure>\n\n\n\n<p class=\"has-text-color has-background has-very-light-gray-color has-light-green-cyan-background-color\"><strong>Parada 9<\/strong><\/p>\n\n\n\n<p><strong><span style=\"color:#00d084\" class=\"color\">El romero<\/span><\/strong> (<em>Rosmarinus officinalis L, el roman\u00ed<\/em>): peque\u00f1o arbusto arom\u00e1tico, florece en invierno (color azul). Planta mediterr\u00e1nea conocida sobretodo por su uso culinario. Tambi\u00e9n con propiedades digestivas.<\/p>\n\n\n\n<p><strong><span style=\"color:#00d084\" class=\"color\">El aladierno<\/span><\/strong> (<em>Rhamnus alternus L, l&#8217;aladern<\/em>): puede alcanzar los 5 m. A veces sus hojas tienen el borde dentado. Florece en primavera. A al sombra, sus hojas adquieren mayor tama\u00f1o y puede confundirse con acebo. Propiedades astringentes y purgantes. Junto con el labi\u00e9rnago, es la especie que caracteriza al matorral de la Devesa. <\/p>\n\n\n\n<figure class=\"wp-block-image size-large is-resized\"><img loading=\"lazy\" decoding=\"async\" src=\"https:\/\/madresdesterradas.es\/wp-content\/uploads\/2020\/05\/Collage-2020-05-20-20_07_07-1024x1024.jpg\" alt=\"\" class=\"wp-image-6042\" width=\"560\" height=\"560\" srcset=\"https:\/\/madresdesterradas.es\/wp-content\/uploads\/2020\/05\/Collage-2020-05-20-20_07_07-1024x1024.jpg 1024w, https:\/\/madresdesterradas.es\/wp-content\/uploads\/2020\/05\/Collage-2020-05-20-20_07_07-300x300.jpg 300w, https:\/\/madresdesterradas.es\/wp-content\/uploads\/2020\/05\/Collage-2020-05-20-20_07_07-150x150.jpg 150w, https:\/\/madresdesterradas.es\/wp-content\/uploads\/2020\/05\/Collage-2020-05-20-20_07_07-768x768.jpg 768w, https:\/\/madresdesterradas.es\/wp-content\/uploads\/2020\/05\/Collage-2020-05-20-20_07_07-825x825.jpg 825w, https:\/\/madresdesterradas.es\/wp-content\/uploads\/2020\/05\/Collage-2020-05-20-20_07_07-85x85.jpg 85w, https:\/\/madresdesterradas.es\/wp-content\/uploads\/2020\/05\/Collage-2020-05-20-20_07_07-170x170.jpg 170w, https:\/\/madresdesterradas.es\/wp-content\/uploads\/2020\/05\/Collage-2020-05-20-20_07_07-395x395.jpg 395w, https:\/\/madresdesterradas.es\/wp-content\/uploads\/2020\/05\/Collage-2020-05-20-20_07_07.jpg 1080w\" sizes=\"auto, (max-width: 560px) 100vw, 560px\" \/><figcaption>Palmitos, zarzaparrillas y varios arbustos. En la segunda foto, frutos de aladierno.<\/figcaption><\/figure>\n\n\n\n<p><strong><span style=\"color:#00d084\" class=\"color\">La madreselva<\/span><\/strong> (L<em>oncinera implexa L, el xuclamel)<\/em>: planta trepadora (hasta 2 m). Florece de abril a junio. Flores blanco-rosadas. Se usa para cosm\u00e9tica y perfumes. <\/p>\n\n\n\n<figure class=\"wp-block-image size-large is-resized\"><img loading=\"lazy\" decoding=\"async\" src=\"https:\/\/madresdesterradas.es\/wp-content\/uploads\/2020\/05\/IMG_20200308_122918-1024x822.jpg\" alt=\"\" class=\"wp-image-6055\" width=\"256\" height=\"206\" srcset=\"https:\/\/madresdesterradas.es\/wp-content\/uploads\/2020\/05\/IMG_20200308_122918-1024x822.jpg 1024w, https:\/\/madresdesterradas.es\/wp-content\/uploads\/2020\/05\/IMG_20200308_122918-300x241.jpg 300w, https:\/\/madresdesterradas.es\/wp-content\/uploads\/2020\/05\/IMG_20200308_122918-768x617.jpg 768w, https:\/\/madresdesterradas.es\/wp-content\/uploads\/2020\/05\/IMG_20200308_122918-1255x1008.jpg 1255w, https:\/\/madresdesterradas.es\/wp-content\/uploads\/2020\/05\/IMG_20200308_122918-825x662.jpg 825w, https:\/\/madresdesterradas.es\/wp-content\/uploads\/2020\/05\/IMG_20200308_122918-395x317.jpg 395w, https:\/\/madresdesterradas.es\/wp-content\/uploads\/2020\/05\/IMG_20200308_122918.jpg 1354w\" sizes=\"auto, (max-width: 256px) 100vw, 256px\" \/><\/figure>\n\n\n\n<p class=\"has-text-color has-background has-very-light-gray-color has-light-green-cyan-background-color\"><strong>Parada 10<\/strong><\/p>\n\n\n\n<p><strong><span style=\"color:#00d084\" class=\"color\">La uva marina o trompetera<\/span><\/strong> (<em>Ephedra distachya L, la caboteta de parot<\/em>): arbusto dioico. Ramas articuladas a modo de escobas. Sus frutos, rojos, aparecen al final del verano, dispuestos en forma de racimo, de ah\u00ed su nombre. A nivel local, se le llama caboteta de parot porque su fruto se parece a la cabeza de una lib\u00e9lula. <\/p>\n\n\n\n<figure class=\"wp-block-image size-large\"><img loading=\"lazy\" decoding=\"async\" width=\"1024\" height=\"587\" src=\"https:\/\/madresdesterradas.es\/wp-content\/uploads\/2020\/05\/IMG_20200308_123247-1024x587.jpg\" alt=\"\" class=\"wp-image-6059\" srcset=\"https:\/\/madresdesterradas.es\/wp-content\/uploads\/2020\/05\/IMG_20200308_123247-1024x587.jpg 1024w, https:\/\/madresdesterradas.es\/wp-content\/uploads\/2020\/05\/IMG_20200308_123247-300x172.jpg 300w, https:\/\/madresdesterradas.es\/wp-content\/uploads\/2020\/05\/IMG_20200308_123247-768x440.jpg 768w, https:\/\/madresdesterradas.es\/wp-content\/uploads\/2020\/05\/IMG_20200308_123247-1536x880.jpg 1536w, https:\/\/madresdesterradas.es\/wp-content\/uploads\/2020\/05\/IMG_20200308_123247-2048x1174.jpg 2048w, https:\/\/madresdesterradas.es\/wp-content\/uploads\/2020\/05\/IMG_20200308_123247-1255x719.jpg 1255w, https:\/\/madresdesterradas.es\/wp-content\/uploads\/2020\/05\/IMG_20200308_123247-825x473.jpg 825w, https:\/\/madresdesterradas.es\/wp-content\/uploads\/2020\/05\/IMG_20200308_123247-395x226.jpg 395w\" sizes=\"auto, (max-width: 1024px) 100vw, 1024px\" \/><\/figure>\n\n\n\n<p><strong><span style=\"color:#00d084\" class=\"color\">La cisca<\/span><\/strong> (<em>Imperata cilindrica L, la sisca<\/em>): gram\u00ednea fuerte. Florece de junoi a septiembre, con una espiga plateada.<\/p>\n\n\n\n<p><strong><span style=\"color:#00d084\" class=\"color\">La escobilla parda<\/span><\/strong> (<em>Artemisia campestris L, \u00bb la boja pudenta<\/em>\u00bb con ese nombre \u00a1a ver qui\u00e9n se arrima!):  arbusto perenne de hasta 1 m, con hojas viscosas. Se encuentra en los bordes del camino y en zonas m\u00e1s arenosas. Florece entre agosto y septiembre. <\/p>\n\n\n\n<figure class=\"wp-block-image size-large is-resized\"><img loading=\"lazy\" decoding=\"async\" src=\"https:\/\/madresdesterradas.es\/wp-content\/uploads\/2020\/05\/Collage-2020-05-20-20_09_22-1024x1024.jpg\" alt=\"\" class=\"wp-image-6043\" width=\"502\" height=\"502\" srcset=\"https:\/\/madresdesterradas.es\/wp-content\/uploads\/2020\/05\/Collage-2020-05-20-20_09_22-1024x1024.jpg 1024w, https:\/\/madresdesterradas.es\/wp-content\/uploads\/2020\/05\/Collage-2020-05-20-20_09_22-300x300.jpg 300w, https:\/\/madresdesterradas.es\/wp-content\/uploads\/2020\/05\/Collage-2020-05-20-20_09_22-150x150.jpg 150w, https:\/\/madresdesterradas.es\/wp-content\/uploads\/2020\/05\/Collage-2020-05-20-20_09_22-768x768.jpg 768w, https:\/\/madresdesterradas.es\/wp-content\/uploads\/2020\/05\/Collage-2020-05-20-20_09_22-825x825.jpg 825w, https:\/\/madresdesterradas.es\/wp-content\/uploads\/2020\/05\/Collage-2020-05-20-20_09_22-85x85.jpg 85w, https:\/\/madresdesterradas.es\/wp-content\/uploads\/2020\/05\/Collage-2020-05-20-20_09_22-170x170.jpg 170w, https:\/\/madresdesterradas.es\/wp-content\/uploads\/2020\/05\/Collage-2020-05-20-20_09_22-395x395.jpg 395w, https:\/\/madresdesterradas.es\/wp-content\/uploads\/2020\/05\/Collage-2020-05-20-20_09_22.jpg 1080w\" sizes=\"auto, (max-width: 502px) 100vw, 502px\" \/><\/figure>\n\n\n\n<p class=\"has-small-font-size\"><em>(Aunque no salga en los paneles, ten\u00e9is muchas esparragueras en los bordes del camino).<\/em><\/p>\n\n\n\n<p class=\"has-small-font-size\"><em>Si alguien identifica alguna planta m\u00e1s en alguna foto, avisad y editamos. Os hemos incluido fotos de los paneles de informaci\u00f3n de aquello que no hemos identificado.<\/em><\/p>\n\n\n\n<p>Una vez termin\u00e9is la ruta, ten\u00e9is 2 opciones:<\/p>\n\n\n\n<ul class=\"wp-block-list\"><li>La <strong>primera <\/strong>es volver por la carretera asfaltada (al principio de la que probablemente hay\u00e1is aparcado el coche) que se finaliza a la izquierda del cartel que veis en la primera foto de \u00abfinal de ruta\u00bb, avanzando un poco por un camino de tierra (que forma parte de otra ruta)<\/li><li>La <strong>segunda <\/strong>es desviaros del camino y llegar a L&#8217;Estany del Pujol. Si opt\u00e1is por esta opci\u00f3n podr\u00e9is disfrutar de una zona preciosa e incluso hacer la ruta de la Gola del Pujol (al rev\u00e9s), pero tened en cuenta el tiempo que os llevar\u00e1 este camino, necesidades imperiosas de comer de los ni\u00f1os, etc.<\/li><\/ul>\n\n\n\n<p class=\"has-small-font-size\"><em>Hay mucha gente que se lleva mesitas y comida y comen alrededor de l&#8217;Estany (pod\u00e9is ir a merendar, porque cuando nos dejen salir, har\u00e1 mucho calor).<\/em><\/p>\n\n\n\n<p>Pod\u00e9is ver m\u00e1s rutas por esta zona <a href=\"https:\/\/madresdesterradas.es\/index.php\/2020\/03\/12\/excursiones-por-la-devesa-de-la-albufera-y-el-saler\/\">aqu\u00ed<\/a>.<\/p>\n","protected":false},"excerpt":{"rendered":"<p>Empezamos a escribir esto pre-confinamiento. Lo terminamos ahora deseando llegar pronto a la fase en la que se pueda salir con la familia al aire libre, a hacer aunque sea una peque\u00f1a ruta. Hoy os vamos a hablar de la ruta del bot\u00e1nico. Tiene unos 800 m de trayecto que discurren por el conocido \u00abpla [&hellip;]<\/p>\n","protected":false},"author":1,"featured_media":6053,"comment_status":"open","ping_status":"open","sticky":false,"template":"","format":"standard","meta":{"_monsterinsights_skip_tracking":false,"_monsterinsights_sitenote_active":false,"_monsterinsights_sitenote_note":"","_monsterinsights_sitenote_category":0,"_uf_show_specific_survey":0,"_uf_disable_surveys":false,"footnotes":""},"categories":[1921],"tags":[1946,2960,2955,2970,2961,1451,2974],"class_list":["post-5559","post","type-post","status-publish","format-standard","has-post-thumbnail","hentry","category-excursionesbio","tag-excursiones","tag-excursiones-en-valencia","tag-itinerario-de-los-sentidos","tag-la-albufera","tag-la-devesa-de-el-saler","tag-naturaleza","tag-rutas-con-ninos"],"_links":{"self":[{"href":"https:\/\/madresdesterradas.es\/index.php\/wp-json\/wp\/v2\/posts\/5559","targetHints":{"allow":["GET"]}}],"collection":[{"href":"https:\/\/madresdesterradas.es\/index.php\/wp-json\/wp\/v2\/posts"}],"about":[{"href":"https:\/\/madresdesterradas.es\/index.php\/wp-json\/wp\/v2\/types\/post"}],"author":[{"embeddable":true,"href":"https:\/\/madresdesterradas.es\/index.php\/wp-json\/wp\/v2\/users\/1"}],"replies":[{"embeddable":true,"href":"https:\/\/madresdesterradas.es\/index.php\/wp-json\/wp\/v2\/comments?post=5559"}],"version-history":[{"count":27,"href":"https:\/\/madresdesterradas.es\/index.php\/wp-json\/wp\/v2\/posts\/5559\/revisions"}],"predecessor-version":[{"id":6061,"href":"https:\/\/madresdesterradas.es\/index.php\/wp-json\/wp\/v2\/posts\/5559\/revisions\/6061"}],"wp:featuredmedia":[{"embeddable":true,"href":"https:\/\/madresdesterradas.es\/index.php\/wp-json\/wp\/v2\/media\/6053"}],"wp:attachment":[{"href":"https:\/\/madresdesterradas.es\/index.php\/wp-json\/wp\/v2\/media?parent=5559"}],"wp:term":[{"taxonomy":"category","embeddable":true,"href":"https:\/\/madresdesterradas.es\/index.php\/wp-json\/wp\/v2\/categories?post=5559"},{"taxonomy":"post_tag","embeddable":true,"href":"https:\/\/madresdesterradas.es\/index.php\/wp-json\/wp\/v2\/tags?post=5559"}],"curies":[{"name":"wp","href":"https:\/\/api.w.org\/{rel}","templated":true}]}}