{"id":5488,"date":"2020-03-12T15:24:09","date_gmt":"2020-03-12T14:24:09","guid":{"rendered":"http:\/\/madresdesterradas.es\/?p=5488"},"modified":"2020-05-21T08:35:55","modified_gmt":"2020-05-21T07:35:55","slug":"excursiones-por-la-devesa-de-la-albufera-y-el-saler","status":"publish","type":"post","link":"https:\/\/madresdesterradas.es\/index.php\/2020\/03\/12\/excursiones-por-la-devesa-de-la-albufera-y-el-saler\/","title":{"rendered":"Excursiones por la Devesa de la Albufera y El Saler"},"content":{"rendered":"\n<p>En Valencia tenemos algo muy nuestro, que muchas veces se nos olvida y no conocemos en profundidad&#8230;<\/p>\n\n\n\n<p>Hablamos de la Devesa de La Albufera y El Saler. En esta zona, podemos hacer varias rutas disfrutando de la belleza aut\u00f3ctona de flora y fauna y, por sus caracter\u00edsticas, los ni\u00f1os no se cansar\u00e1n.<\/p>\n\n\n\n<div class=\"wp-block-media-text alignwide has-media-on-the-right\" style=\"grid-template-columns:auto 35%\"><figure class=\"wp-block-media-text__media\"><img loading=\"lazy\" decoding=\"async\" width=\"1024\" height=\"768\" src=\"https:\/\/madresdesterradas.es\/wp-content\/uploads\/2020\/03\/IMG_20200308_121946-1024x768.jpg\" alt=\"\" class=\"wp-image-5553\" srcset=\"https:\/\/madresdesterradas.es\/wp-content\/uploads\/2020\/03\/IMG_20200308_121946-1024x768.jpg 1024w, https:\/\/madresdesterradas.es\/wp-content\/uploads\/2020\/03\/IMG_20200308_121946-300x225.jpg 300w, https:\/\/madresdesterradas.es\/wp-content\/uploads\/2020\/03\/IMG_20200308_121946-768x576.jpg 768w, https:\/\/madresdesterradas.es\/wp-content\/uploads\/2020\/03\/IMG_20200308_121946-1536x1152.jpg 1536w, https:\/\/madresdesterradas.es\/wp-content\/uploads\/2020\/03\/IMG_20200308_121946-2048x1536.jpg 2048w, https:\/\/madresdesterradas.es\/wp-content\/uploads\/2020\/03\/IMG_20200308_121946-1255x941.jpg 1255w, https:\/\/madresdesterradas.es\/wp-content\/uploads\/2020\/03\/IMG_20200308_121946-825x619.jpg 825w, https:\/\/madresdesterradas.es\/wp-content\/uploads\/2020\/03\/IMG_20200308_121946-395x296.jpg 395w\" sizes=\"auto, (max-width: 1024px) 100vw, 1024px\" \/><\/figure><div class=\"wp-block-media-text__content\">\n<p class=\"has-normal-font-size\">Varias rutas discurren sobre senderos de madera, pero a pesar de esto, no todas son para ir con carrito, ya que varias discurren por encima de tablones de madera de antiguas v\u00edas de tren y el traqueteo es importante.<\/p>\n<\/div><\/div>\n\n\n\n<p>En la zona de El Saler, tenemos 6 rutas marcadas, cada una con un color y una tem\u00e1tica, con un recorrido total de 8&#8217;4 km, cuyas explicaciones os dejamos en su respectivo enlace:<\/p>\n\n\n\n<ul class=\"wp-block-list\"><li>Itinerario hist\u00f3rico de la Gola de El Pujol<\/li><li>Itinerario hist\u00f3rico de El Saler<\/li><li><a href=\"https:\/\/madresdesterradas.es\/index.php\/2020\/05\/21\/itinerario-botanico\/\">Itinerario bot\u00e1nico<\/a><\/li><li>Itinerario paisaj\u00edstico<\/li><li>I<a href=\"https:\/\/madresdesterradas.es\/index.php\/2020\/03\/05\/itinerario-de-los-sentidos\/\">tinerario de los sentidos<\/a><\/li><li>Itinerario l\u00fadico de la playa<\/li><li>Estany del Pujol<\/li><\/ul>\n\n\n\n<p>Poco a poco, os iremos enlazando aqu\u00ed las rutas para que las teng\u00e1is recopiladas en un mismo sitio.<\/p>\n\n\n\n<p>Este espacio fue declarado Parque Natural en el a\u00f1o 1986. Su superficie de 21000 hect\u00e1reas pertenece a 13 municipios: Valencia, Alfafar, Catarroja, Silla, Sueca, Sollana, Massanassa, Sedav\u00ed, Albal, Albalat de la Ribera, Cullera, Beniparrell y Algemes\u00ed. <\/p>\n\n\n\n<p>Desde el punto de vista medioambiental, se distinguen 3 grandes unidades:<\/p>\n\n\n\n<ul class=\"wp-block-list\"><li>El lago de l&#8217;Albufera<\/li><li>El Marjal (arrozales)<\/li><li>La restinga o barra de arena que separa el Lago del mar<\/li><\/ul>\n\n\n\n<p>La restinga tiene 30 km de longitud y 1 km de ancho, est\u00e1 ocupada por urbanizaciones, salvo el trozo de la Devesa de l&#8217;Albufera, que es en la zona donde haremos estas excursiones.<\/p>\n\n\n\n<p>La Devesa tiene 10 km de longitud y 1 km de ancho. Desde el mar hacia el interior tenemos 4 ecosistemas:<\/p>\n\n\n\n<ul class=\"wp-block-list\"><li>La playa<\/li><li>Dunas m\u00f3viles o primer cord\u00f3n dunar<\/li><li>Malladas o depresiones interdunares<\/li><li>Dunas fijas o segundo cord\u00f3n dunar (\u00abla pinada\u00bb)<\/li><\/ul>\n","protected":false},"excerpt":{"rendered":"<p>En Valencia tenemos algo muy nuestro, que muchas veces se nos olvida y no conocemos en profundidad&#8230; Hablamos de la Devesa de La Albufera y El Saler. En esta zona, podemos hacer varias rutas disfrutando de la belleza aut\u00f3ctona de flora y fauna y, por sus caracter\u00edsticas, los ni\u00f1os no se cansar\u00e1n. Varias rutas discurren [&hellip;]<\/p>\n","protected":false},"author":1,"featured_media":5570,"comment_status":"open","ping_status":"open","sticky":false,"template":"","format":"standard","meta":{"_monsterinsights_skip_tracking":false,"_monsterinsights_sitenote_active":false,"_monsterinsights_sitenote_note":"","_monsterinsights_sitenote_category":0,"_uf_show_specific_survey":0,"_uf_disable_surveys":false,"footnotes":""},"categories":[1921],"tags":[2972,2953,2960,2970,2961,1451,2971,1544,2974],"class_list":["post-5488","post","type-post","status-publish","format-standard","has-post-thumbnail","hentry","category-excursionesbio","tag-aire-libre","tag-el-saler","tag-excursiones-en-valencia","tag-la-albufera","tag-la-devesa-de-el-saler","tag-naturaleza","tag-ocio-en-familia","tag-planes-con-ninos","tag-rutas-con-ninos"],"_links":{"self":[{"href":"https:\/\/madresdesterradas.es\/index.php\/wp-json\/wp\/v2\/posts\/5488","targetHints":{"allow":["GET"]}}],"collection":[{"href":"https:\/\/madresdesterradas.es\/index.php\/wp-json\/wp\/v2\/posts"}],"about":[{"href":"https:\/\/madresdesterradas.es\/index.php\/wp-json\/wp\/v2\/types\/post"}],"author":[{"embeddable":true,"href":"https:\/\/madresdesterradas.es\/index.php\/wp-json\/wp\/v2\/users\/1"}],"replies":[{"embeddable":true,"href":"https:\/\/madresdesterradas.es\/index.php\/wp-json\/wp\/v2\/comments?post=5488"}],"version-history":[{"count":12,"href":"https:\/\/madresdesterradas.es\/index.php\/wp-json\/wp\/v2\/posts\/5488\/revisions"}],"predecessor-version":[{"id":6062,"href":"https:\/\/madresdesterradas.es\/index.php\/wp-json\/wp\/v2\/posts\/5488\/revisions\/6062"}],"wp:featuredmedia":[{"embeddable":true,"href":"https:\/\/madresdesterradas.es\/index.php\/wp-json\/wp\/v2\/media\/5570"}],"wp:attachment":[{"href":"https:\/\/madresdesterradas.es\/index.php\/wp-json\/wp\/v2\/media?parent=5488"}],"wp:term":[{"taxonomy":"category","embeddable":true,"href":"https:\/\/madresdesterradas.es\/index.php\/wp-json\/wp\/v2\/categories?post=5488"},{"taxonomy":"post_tag","embeddable":true,"href":"https:\/\/madresdesterradas.es\/index.php\/wp-json\/wp\/v2\/tags?post=5488"}],"curies":[{"name":"wp","href":"https:\/\/api.w.org\/{rel}","templated":true}]}}