{"id":4146,"date":"2019-09-25T21:45:39","date_gmt":"2019-09-25T21:45:39","guid":{"rendered":"https:\/\/madresdesterradas.wordpress.com\/?p=3901"},"modified":"2019-10-01T09:10:51","modified_gmt":"2019-10-01T09:10:51","slug":"un-museo-medioambiental","status":"publish","type":"post","link":"https:\/\/madresdesterradas.es\/index.php\/2019\/09\/25\/un-museo-medioambiental\/","title":{"rendered":"Un museo medioambiental"},"content":{"rendered":"<p>Este fin de semana, en la Suisse, hemos ido a un museo medioambiental para ayudar a los ni\u00f1os a entender que en su d\u00eda a d\u00eda, pueden colaborar a cuidar el medio ambiente, el planeta, reciclar, tener una mejor actitud, una dieta sana y equilibrada&#8230;<\/p>\n<p>Se llama Umwelt Arena, y se encuentra ubicado en Spreitenbach. Nos quedamos con una idea fundamental: la concienciaci\u00f3n absoluta en los m\u00e1s peque\u00f1os sobre la importancia de las 3R (reducir, reutilizar y reciclar) y de una buena alimentaci\u00f3n.<\/p>\n<p>Todo comienza de manera muy sensorial, pasando por distintas zonas, viendo y tocando lo que es el reciclaje, los materiales renovables, etc Os lo separamos un poco en 3 zonas: alimentaci\u00f3n, energ\u00edas, reciclaje.<\/p>\n<p><span style=\"color: #0000ff;\"><span style=\"text-decoration: underline;\"><strong>Alimentaci\u00f3n<\/strong><\/span><\/span><\/p>\n<p>Aqu\u00ed tenemos, por ejemplo, una pared pintada en la que los ni\u00f1os pueden aprender a hacer una compra saludable con productos biol\u00f3gicos, leer los ingredientes, luego puedes pasar por el cajero, etc. Tambi\u00e9n explicaban que el trasporte de aquello que compres, puede contaminar as\u00ed como todo lo que necesitan los productos para conservarse (dicho ejemplo lo explicaban con una fresa de diferentes tama\u00f1os). Es decir, no contamina igual una fresa que exporten en avi\u00f3n, que algo que tengas cerca de tu pa\u00eds o regi\u00f3n (tanto por los productos usados para la conservaci\u00f3n del producto como por el traslado).<\/p>\n<div class=\"gallery-group images-1\" data-original-width=\"332\" data-original-height=\"250\">\n<div class=\"tiled-gallery-item tiled-gallery-item-large\"><a href=\"https:\/\/madresdesterradas.wordpress.com\/2019\/09\/25\/un-museo-medioambiental\/img-20190922-wa0036\/\"><img loading=\"lazy\" decoding=\"async\" class=\"\" title=\"IMG-20190922-WA0036\" src=\"https:\/\/madresdesterradas.files.wordpress.com\/2019\/09\/img-20190922-wa0036.jpg?w=328&amp;h=246\" srcset=\"https:\/\/madresdesterradas.files.wordpress.com\/2019\/09\/img-20190922-wa0036.jpg?w=328&amp;h=246&amp;zoom=2 2x\" alt=\"IMG-20190922-WA0036\" width=\"247\" height=\"185\" data-attachment-id=\"3904\" data-orig-file=\"https:\/\/madresdesterradas.files.wordpress.com\/2019\/09\/img-20190922-wa0036.jpg\" data-orig-size=\"1024,768\" data-comments-opened=\"1\" data-image-meta=\"{&quot;aperture&quot;:&quot;0&quot;,&quot;credit&quot;:&quot;&quot;,&quot;camera&quot;:&quot;&quot;,&quot;caption&quot;:&quot;&quot;,&quot;created_timestamp&quot;:&quot;0&quot;,&quot;copyright&quot;:&quot;&quot;,&quot;focal_length&quot;:&quot;0&quot;,&quot;iso&quot;:&quot;0&quot;,&quot;shutter_speed&quot;:&quot;0&quot;,&quot;title&quot;:&quot;&quot;,&quot;orientation&quot;:&quot;0&quot;}\" data-image-title=\"IMG-20190922-WA0036\" data-image-description=\"\" data-medium-file=\"https:\/\/madresdesterradas.files.wordpress.com\/2019\/09\/img-20190922-wa0036.jpg?w=300\" data-large-file=\"https:\/\/madresdesterradas.files.wordpress.com\/2019\/09\/img-20190922-wa0036.jpg?w=663\" data-original-width=\"328\" data-original-height=\"246\" \/><\/a><a href=\"https:\/\/madresdesterradas.wordpress.com\/2019\/09\/25\/un-museo-medioambiental\/img-20190922-wa0042\/\"><img loading=\"lazy\" decoding=\"async\" class=\"\" title=\"IMG-20190922-WA0042\" src=\"https:\/\/madresdesterradas.files.wordpress.com\/2019\/09\/img-20190922-wa0042.jpg?w=327&amp;h=246\" srcset=\"https:\/\/madresdesterradas.files.wordpress.com\/2019\/09\/img-20190922-wa0042.jpg?w=327&amp;h=246&amp;zoom=2 2x\" alt=\"IMG-20190922-WA0042\" width=\"245\" height=\"184\" data-attachment-id=\"3905\" data-orig-file=\"https:\/\/madresdesterradas.files.wordpress.com\/2019\/09\/img-20190922-wa0042.jpg\" data-orig-size=\"1024,768\" data-comments-opened=\"1\" data-image-meta=\"{&quot;aperture&quot;:&quot;0&quot;,&quot;credit&quot;:&quot;&quot;,&quot;camera&quot;:&quot;&quot;,&quot;caption&quot;:&quot;&quot;,&quot;created_timestamp&quot;:&quot;1569411566&quot;,&quot;copyright&quot;:&quot;&quot;,&quot;focal_length&quot;:&quot;0&quot;,&quot;iso&quot;:&quot;0&quot;,&quot;shutter_speed&quot;:&quot;0&quot;,&quot;title&quot;:&quot;&quot;,&quot;orientation&quot;:&quot;1&quot;}\" data-image-title=\"IMG-20190922-WA0042\" data-image-description=\"\" data-medium-file=\"https:\/\/madresdesterradas.files.wordpress.com\/2019\/09\/img-20190922-wa0042.jpg?w=300\" data-large-file=\"https:\/\/madresdesterradas.files.wordpress.com\/2019\/09\/img-20190922-wa0042.jpg?w=663\" data-original-width=\"327\" data-original-height=\"246\" \/><\/a><\/div>\n<\/div>\n<div class=\"gallery-group images-1\" data-original-width=\"331\" data-original-height=\"250\">\n<div class=\"tiled-gallery-item tiled-gallery-item-large\">\u00a0<\/div>\n<\/div>\n<p>Aqu\u00ed explicaban que nosotros tomamos diferentes productos provenientes de la vaca (carne, leche, queso&#8230;). As\u00ed que si nosotros tiramos la basura al suelo&#8230; \u00bfqu\u00e9 pasa? m\u00e1s gr\u00e1fico imposible. Adem\u00e1s de insistir en reciclar cada material en su respectivo contenedor.<\/p>\n<div class=\"gallery-group images-1\" data-original-width=\"311\" data-original-height=\"234\">\n<div class=\"tiled-gallery-item tiled-gallery-item-large\"><a href=\"https:\/\/madresdesterradas.wordpress.com\/2019\/09\/25\/un-museo-medioambiental\/img-20190922-wa0037\/\"><img loading=\"lazy\" decoding=\"async\" class=\"\" title=\"IMG-20190922-WA0037\" src=\"https:\/\/madresdesterradas.files.wordpress.com\/2019\/09\/img-20190922-wa0037.jpg?w=307&amp;h=230\" srcset=\"https:\/\/madresdesterradas.files.wordpress.com\/2019\/09\/img-20190922-wa0037.jpg?w=307&amp;h=230&amp;zoom=2 2x\" alt=\"IMG-20190922-WA0037\" width=\"246\" height=\"185\" data-attachment-id=\"3920\" data-orig-file=\"https:\/\/madresdesterradas.files.wordpress.com\/2019\/09\/img-20190922-wa0037.jpg\" data-orig-size=\"1024,768\" data-comments-opened=\"1\" data-image-meta=\"{&quot;aperture&quot;:&quot;0&quot;,&quot;credit&quot;:&quot;&quot;,&quot;camera&quot;:&quot;&quot;,&quot;caption&quot;:&quot;&quot;,&quot;created_timestamp&quot;:&quot;0&quot;,&quot;copyright&quot;:&quot;&quot;,&quot;focal_length&quot;:&quot;0&quot;,&quot;iso&quot;:&quot;0&quot;,&quot;shutter_speed&quot;:&quot;0&quot;,&quot;title&quot;:&quot;&quot;,&quot;orientation&quot;:&quot;0&quot;}\" data-image-title=\"IMG-20190922-WA0037\" data-image-description=\"\" data-medium-file=\"https:\/\/madresdesterradas.files.wordpress.com\/2019\/09\/img-20190922-wa0037.jpg?w=300\" data-large-file=\"https:\/\/madresdesterradas.files.wordpress.com\/2019\/09\/img-20190922-wa0037.jpg?w=663\" data-original-width=\"307\" data-original-height=\"230\" \/><\/a><a href=\"https:\/\/madresdesterradas.wordpress.com\/2019\/09\/25\/un-museo-medioambiental\/img-20190922-wa0045\/\"><img loading=\"lazy\" decoding=\"async\" class=\"\" title=\"IMG-20190922-WA0045\" src=\"https:\/\/madresdesterradas.files.wordpress.com\/2019\/09\/img-20190922-wa0045.jpg?w=172&amp;h=230\" srcset=\"https:\/\/madresdesterradas.files.wordpress.com\/2019\/09\/img-20190922-wa0045.jpg?w=172&amp;h=230&amp;zoom=2 2x\" alt=\"IMG-20190922-WA0045\" width=\"138\" height=\"185\" data-attachment-id=\"3921\" data-orig-file=\"https:\/\/madresdesterradas.files.wordpress.com\/2019\/09\/img-20190922-wa0045.jpg\" data-orig-size=\"768,1024\" data-comments-opened=\"1\" data-image-meta=\"{&quot;aperture&quot;:&quot;0&quot;,&quot;credit&quot;:&quot;&quot;,&quot;camera&quot;:&quot;&quot;,&quot;caption&quot;:&quot;&quot;,&quot;created_timestamp&quot;:&quot;0&quot;,&quot;copyright&quot;:&quot;&quot;,&quot;focal_length&quot;:&quot;0&quot;,&quot;iso&quot;:&quot;0&quot;,&quot;shutter_speed&quot;:&quot;0&quot;,&quot;title&quot;:&quot;&quot;,&quot;orientation&quot;:&quot;0&quot;}\" data-image-title=\"IMG-20190922-WA0045\" data-image-description=\"\" data-medium-file=\"https:\/\/madresdesterradas.files.wordpress.com\/2019\/09\/img-20190922-wa0045.jpg?w=225\" data-large-file=\"https:\/\/madresdesterradas.files.wordpress.com\/2019\/09\/img-20190922-wa0045.jpg?w=663\" data-original-width=\"172\" data-original-height=\"230\" \/><\/a><a href=\"https:\/\/madresdesterradas.wordpress.com\/2019\/09\/25\/un-museo-medioambiental\/img-20190922-wa0040\/\"><img loading=\"lazy\" decoding=\"async\" class=\"\" title=\"IMG-20190922-WA0040\" src=\"https:\/\/madresdesterradas.files.wordpress.com\/2019\/09\/img-20190922-wa0040.jpg?w=172&amp;h=230\" srcset=\"https:\/\/madresdesterradas.files.wordpress.com\/2019\/09\/img-20190922-wa0040.jpg?w=172&amp;h=230&amp;zoom=2 2x\" alt=\"IMG-20190922-WA0040\" width=\"137\" height=\"183\" data-attachment-id=\"3922\" data-orig-file=\"https:\/\/madresdesterradas.files.wordpress.com\/2019\/09\/img-20190922-wa0040.jpg\" data-orig-size=\"768,1024\" data-comments-opened=\"1\" data-image-meta=\"{&quot;aperture&quot;:&quot;0&quot;,&quot;credit&quot;:&quot;&quot;,&quot;camera&quot;:&quot;&quot;,&quot;caption&quot;:&quot;&quot;,&quot;created_timestamp&quot;:&quot;0&quot;,&quot;copyright&quot;:&quot;&quot;,&quot;focal_length&quot;:&quot;0&quot;,&quot;iso&quot;:&quot;0&quot;,&quot;shutter_speed&quot;:&quot;0&quot;,&quot;title&quot;:&quot;&quot;,&quot;orientation&quot;:&quot;0&quot;}\" data-image-title=\"IMG-20190922-WA0040\" data-image-description=\"\" data-medium-file=\"https:\/\/madresdesterradas.files.wordpress.com\/2019\/09\/img-20190922-wa0040.jpg?w=225\" data-large-file=\"https:\/\/madresdesterradas.files.wordpress.com\/2019\/09\/img-20190922-wa0040.jpg?w=663\" data-original-width=\"172\" data-original-height=\"230\" \/><\/a><\/div>\n<\/div>\n<div class=\"gallery-group images-1\" data-original-width=\"176\" data-original-height=\"234\">\n<div class=\"tiled-gallery-item tiled-gallery-item-small\">\u00a0<\/div>\n<\/div>\n<div class=\"gallery-group images-1\" data-original-width=\"176\" data-original-height=\"234\">\n<div class=\"tiled-gallery-item tiled-gallery-item-small\">\u00a0<\/div>\n<\/div>\n<p>Tambi\u00e9n daban mucha importancia a la cantidad de comida que desechamos a diario, explicando en los diferentes pa\u00edses lo que eliminamos al d\u00eda, al mes, al a\u00f1o&#8230;y el coste econ\u00f3mico en el que se traduce.<\/p>\n<p>En el restaurante explicaban no solo los ingredientes de cada plato si no su cantidad de Kcal, prote\u00ednas, etc&#8230;e incluso pod\u00edas <del>(esto se lo dejamos a El \u00faltimo superviviente\u00a0 \u00bfvale?)<\/del> intercambiar ese plato por otro con la misma cantidad de prote\u00ednas, pero con menos grasas&#8230;hecho con bichos <del>(vale, hasta luego M\u00aa Carmen&#8230;)<\/del><\/p>\n<p>Explicaban lo que deben de comer los ni\u00f1os (cantidad de verduras, HC, az\u00facar, etc), explicando la importancia de la creatividad a la hora de cocinar, alimentarse bien&#8230;y que hay que ser consciente de lo que come cada uno, con las verduras de temporadas, lo que crece en esa regi\u00f3n&#8230; Hasta el punto que nuestra rubiales hizo una reflexi\u00f3n tras ver esta secci\u00f3n, ya que pens\u00f3 que acababa de empezar el oto\u00f1o, en su regi\u00f3n hay muchas calabazas, podr\u00eda comer muchas cosas hechas con calabaza y reflexion\u00f3 (4 a\u00f1os) sobre la importancia de comer bien.<\/p>\n<div class=\"gallery-group images-1\" data-original-width=\"166\" data-original-height=\"220\">\n<div class=\"tiled-gallery-item tiled-gallery-item-small\"><a href=\"https:\/\/madresdesterradas.wordpress.com\/2019\/09\/25\/un-museo-medioambiental\/img-20190925-wa0016\/\"><img loading=\"lazy\" decoding=\"async\" class=\"\" title=\"IMG-20190925-WA0016\" src=\"https:\/\/madresdesterradas.files.wordpress.com\/2019\/09\/img-20190925-wa0016.jpg?w=162&amp;h=216\" srcset=\"https:\/\/madresdesterradas.files.wordpress.com\/2019\/09\/img-20190925-wa0016.jpg?w=162&amp;h=216&amp;zoom=2 2x\" alt=\"IMG-20190925-WA0016\" width=\"143\" height=\"191\" data-attachment-id=\"3923\" data-orig-file=\"https:\/\/madresdesterradas.files.wordpress.com\/2019\/09\/img-20190925-wa0016.jpg\" data-orig-size=\"768,1024\" data-comments-opened=\"1\" data-image-meta=\"{&quot;aperture&quot;:&quot;0&quot;,&quot;credit&quot;:&quot;&quot;,&quot;camera&quot;:&quot;&quot;,&quot;caption&quot;:&quot;&quot;,&quot;created_timestamp&quot;:&quot;0&quot;,&quot;copyright&quot;:&quot;&quot;,&quot;focal_length&quot;:&quot;0&quot;,&quot;iso&quot;:&quot;0&quot;,&quot;shutter_speed&quot;:&quot;0&quot;,&quot;title&quot;:&quot;&quot;,&quot;orientation&quot;:&quot;0&quot;}\" data-image-title=\"IMG-20190925-WA0016\" data-image-description=\"\" data-medium-file=\"https:\/\/madresdesterradas.files.wordpress.com\/2019\/09\/img-20190925-wa0016.jpg?w=225\" data-large-file=\"https:\/\/madresdesterradas.files.wordpress.com\/2019\/09\/img-20190925-wa0016.jpg?w=663\" data-original-width=\"162\" data-original-height=\"216\" \/><\/a><a href=\"https:\/\/madresdesterradas.wordpress.com\/2019\/09\/25\/un-museo-medioambiental\/img-20190925-wa0017\/\"><img loading=\"lazy\" decoding=\"async\" class=\"\" title=\"IMG-20190925-WA0017\" src=\"https:\/\/madresdesterradas.files.wordpress.com\/2019\/09\/img-20190925-wa0017.jpg?w=162&amp;h=216\" srcset=\"https:\/\/madresdesterradas.files.wordpress.com\/2019\/09\/img-20190925-wa0017.jpg?w=162&amp;h=216&amp;zoom=2 2x\" alt=\"IMG-20190925-WA0017\" width=\"142\" height=\"189\" data-attachment-id=\"3924\" data-orig-file=\"https:\/\/madresdesterradas.files.wordpress.com\/2019\/09\/img-20190925-wa0017.jpg\" data-orig-size=\"768,1024\" data-comments-opened=\"1\" data-image-meta=\"{&quot;aperture&quot;:&quot;0&quot;,&quot;credit&quot;:&quot;&quot;,&quot;camera&quot;:&quot;&quot;,&quot;caption&quot;:&quot;&quot;,&quot;created_timestamp&quot;:&quot;1569419594&quot;,&quot;copyright&quot;:&quot;&quot;,&quot;focal_length&quot;:&quot;0&quot;,&quot;iso&quot;:&quot;0&quot;,&quot;shutter_speed&quot;:&quot;0&quot;,&quot;title&quot;:&quot;&quot;,&quot;orientation&quot;:&quot;1&quot;}\" data-image-title=\"IMG-20190925-WA0017\" data-image-description=\"\" data-medium-file=\"https:\/\/madresdesterradas.files.wordpress.com\/2019\/09\/img-20190925-wa0017.jpg?w=225\" data-large-file=\"https:\/\/madresdesterradas.files.wordpress.com\/2019\/09\/img-20190925-wa0017.jpg?w=663\" data-original-width=\"162\" data-original-height=\"216\" \/><\/a><a href=\"https:\/\/madresdesterradas.wordpress.com\/2019\/09\/25\/un-museo-medioambiental\/img-20190925-wa0018\/\"><img loading=\"lazy\" decoding=\"async\" class=\"\" title=\"IMG-20190925-WA0018\" src=\"https:\/\/madresdesterradas.files.wordpress.com\/2019\/09\/img-20190925-wa0018.jpg?w=162&amp;h=216\" srcset=\"https:\/\/madresdesterradas.files.wordpress.com\/2019\/09\/img-20190925-wa0018.jpg?w=162&amp;h=216&amp;zoom=2 2x\" alt=\"IMG-20190925-WA0018\" width=\"142\" height=\"189\" data-attachment-id=\"3925\" data-orig-file=\"https:\/\/madresdesterradas.files.wordpress.com\/2019\/09\/img-20190925-wa0018.jpg\" data-orig-size=\"768,1024\" data-comments-opened=\"1\" data-image-meta=\"{&quot;aperture&quot;:&quot;0&quot;,&quot;credit&quot;:&quot;&quot;,&quot;camera&quot;:&quot;&quot;,&quot;caption&quot;:&quot;&quot;,&quot;created_timestamp&quot;:&quot;0&quot;,&quot;copyright&quot;:&quot;&quot;,&quot;focal_length&quot;:&quot;0&quot;,&quot;iso&quot;:&quot;0&quot;,&quot;shutter_speed&quot;:&quot;0&quot;,&quot;title&quot;:&quot;&quot;,&quot;orientation&quot;:&quot;0&quot;}\" data-image-title=\"IMG-20190925-WA0018\" data-image-description=\"\" data-medium-file=\"https:\/\/madresdesterradas.files.wordpress.com\/2019\/09\/img-20190925-wa0018.jpg?w=225\" data-large-file=\"https:\/\/madresdesterradas.files.wordpress.com\/2019\/09\/img-20190925-wa0018.jpg?w=663\" data-original-width=\"162\" data-original-height=\"216\" \/><\/a><a href=\"https:\/\/madresdesterradas.wordpress.com\/2019\/09\/25\/un-museo-medioambiental\/img-20190925-wa0019\/\"><img loading=\"lazy\" decoding=\"async\" class=\"\" title=\"IMG-20190925-WA0019\" src=\"https:\/\/madresdesterradas.files.wordpress.com\/2019\/09\/img-20190925-wa0019.jpg?w=161&amp;h=216\" srcset=\"https:\/\/madresdesterradas.files.wordpress.com\/2019\/09\/img-20190925-wa0019.jpg?w=161&amp;h=216&amp;zoom=2 2x\" alt=\"IMG-20190925-WA0019\" width=\"141\" height=\"188\" data-attachment-id=\"3926\" data-orig-file=\"https:\/\/madresdesterradas.files.wordpress.com\/2019\/09\/img-20190925-wa0019.jpg\" data-orig-size=\"768,1024\" data-comments-opened=\"1\" data-image-meta=\"{&quot;aperture&quot;:&quot;0&quot;,&quot;credit&quot;:&quot;&quot;,&quot;camera&quot;:&quot;&quot;,&quot;caption&quot;:&quot;&quot;,&quot;created_timestamp&quot;:&quot;0&quot;,&quot;copyright&quot;:&quot;&quot;,&quot;focal_length&quot;:&quot;0&quot;,&quot;iso&quot;:&quot;0&quot;,&quot;shutter_speed&quot;:&quot;0&quot;,&quot;title&quot;:&quot;&quot;,&quot;orientation&quot;:&quot;0&quot;}\" data-image-title=\"IMG-20190925-WA0019\" data-image-description=\"\" data-medium-file=\"https:\/\/madresdesterradas.files.wordpress.com\/2019\/09\/img-20190925-wa0019.jpg?w=225\" data-large-file=\"https:\/\/madresdesterradas.files.wordpress.com\/2019\/09\/img-20190925-wa0019.jpg?w=663\" data-original-width=\"161\" data-original-height=\"216\" \/><\/a><\/div>\n<\/div>\n<div class=\"gallery-group images-1\" data-original-width=\"166\" data-original-height=\"220\">\n<div class=\"tiled-gallery-item tiled-gallery-item-small\">\u00a0<\/div>\n<\/div>\n<p>En otra de las zonas, te explicaban qu\u00e9 recetas pod\u00edas hacer con productos de temporada, indicando ingredientes, el aporte cal\u00f3rico de cada plato, as\u00ed como el precio total del plato si compramos los productos en nuestra regi\u00f3n sin tener que importarlos. S ya ha cocinado 2 de esta recetas, y ha tomado conciencia de qu\u00e9 cosas podr\u00e1 cocinar durante esta estaci\u00f3n.<\/p>\n<div class=\"gallery-row\" data-original-width=\"663\" data-original-height=\"555\">\n<div class=\"gallery-group images-1\" data-original-width=\"418\" data-original-height=\"555\">\n<div class=\"tiled-gallery-item tiled-gallery-item-large\"><a href=\"https:\/\/madresdesterradas.wordpress.com\/2019\/09\/25\/un-museo-medioambiental\/img-20190925-wa0044\/\"><img loading=\"lazy\" decoding=\"async\" class=\"\" title=\"IMG-20190925-WA0044\" src=\"https:\/\/madresdesterradas.files.wordpress.com\/2019\/09\/img-20190925-wa0044.jpg?w=414&amp;h=551\" srcset=\"https:\/\/madresdesterradas.files.wordpress.com\/2019\/09\/img-20190925-wa0044.jpg?w=414&amp;h=551&amp;zoom=2 2x\" alt=\"IMG-20190925-WA0044\" width=\"189\" height=\"252\" data-attachment-id=\"3952\" data-orig-file=\"https:\/\/madresdesterradas.files.wordpress.com\/2019\/09\/img-20190925-wa0044.jpg\" data-orig-size=\"768,1024\" data-comments-opened=\"1\" data-image-meta=\"{&quot;aperture&quot;:&quot;0&quot;,&quot;credit&quot;:&quot;&quot;,&quot;camera&quot;:&quot;&quot;,&quot;caption&quot;:&quot;&quot;,&quot;created_timestamp&quot;:&quot;0&quot;,&quot;copyright&quot;:&quot;&quot;,&quot;focal_length&quot;:&quot;0&quot;,&quot;iso&quot;:&quot;0&quot;,&quot;shutter_speed&quot;:&quot;0&quot;,&quot;title&quot;:&quot;&quot;,&quot;orientation&quot;:&quot;0&quot;}\" data-image-title=\"IMG-20190925-WA0044\" data-image-description=\"\" data-medium-file=\"https:\/\/madresdesterradas.files.wordpress.com\/2019\/09\/img-20190925-wa0044.jpg?w=225\" data-large-file=\"https:\/\/madresdesterradas.files.wordpress.com\/2019\/09\/img-20190925-wa0044.jpg?w=663\" data-original-width=\"414\" data-original-height=\"551\" \/><\/a><a href=\"https:\/\/madresdesterradas.wordpress.com\/2019\/09\/25\/un-museo-medioambiental\/img-20190925-wa0045\/\"><img loading=\"lazy\" decoding=\"async\" title=\"IMG-20190925-WA0045\" src=\"https:\/\/madresdesterradas.files.wordpress.com\/2019\/09\/img-20190925-wa0045.jpg?w=241&amp;h=181\" srcset=\"https:\/\/madresdesterradas.files.wordpress.com\/2019\/09\/img-20190925-wa0045.jpg?w=241&amp;h=181&amp;zoom=2 2x\" alt=\"IMG-20190925-WA0045\" width=\"241\" height=\"181\" data-attachment-id=\"3953\" data-orig-file=\"https:\/\/madresdesterradas.files.wordpress.com\/2019\/09\/img-20190925-wa0045.jpg\" data-orig-size=\"1024,768\" data-comments-opened=\"1\" data-image-meta=\"{&quot;aperture&quot;:&quot;0&quot;,&quot;credit&quot;:&quot;&quot;,&quot;camera&quot;:&quot;&quot;,&quot;caption&quot;:&quot;&quot;,&quot;created_timestamp&quot;:&quot;0&quot;,&quot;copyright&quot;:&quot;&quot;,&quot;focal_length&quot;:&quot;0&quot;,&quot;iso&quot;:&quot;0&quot;,&quot;shutter_speed&quot;:&quot;0&quot;,&quot;title&quot;:&quot;&quot;,&quot;orientation&quot;:&quot;0&quot;}\" data-image-title=\"IMG-20190925-WA0045\" data-image-description=\"\" data-medium-file=\"https:\/\/madresdesterradas.files.wordpress.com\/2019\/09\/img-20190925-wa0045.jpg?w=300\" data-large-file=\"https:\/\/madresdesterradas.files.wordpress.com\/2019\/09\/img-20190925-wa0045.jpg?w=663\" data-original-width=\"241\" data-original-height=\"181\" \/><\/a><\/div>\n<\/div>\n<div class=\"gallery-group images-3\" data-original-width=\"245\" data-original-height=\"555\">\n<div class=\"tiled-gallery-item tiled-gallery-item-small\">\u00a0<\/div>\n<div class=\"tiled-gallery-item tiled-gallery-item-small\"><a href=\"https:\/\/madresdesterradas.wordpress.com\/2019\/09\/25\/un-museo-medioambiental\/img-20190925-wa0047\/\"><img loading=\"lazy\" decoding=\"async\" title=\"IMG-20190925-WA0047\" src=\"https:\/\/madresdesterradas.files.wordpress.com\/2019\/09\/img-20190925-wa0047.jpg?w=241&amp;h=181\" srcset=\"https:\/\/madresdesterradas.files.wordpress.com\/2019\/09\/img-20190925-wa0047.jpg?w=241&amp;h=181&amp;zoom=2 2x\" alt=\"IMG-20190925-WA0047\" width=\"241\" height=\"181\" data-attachment-id=\"3954\" data-orig-file=\"https:\/\/madresdesterradas.files.wordpress.com\/2019\/09\/img-20190925-wa0047.jpg\" data-orig-size=\"1024,768\" data-comments-opened=\"1\" data-image-meta=\"{&quot;aperture&quot;:&quot;0&quot;,&quot;credit&quot;:&quot;&quot;,&quot;camera&quot;:&quot;&quot;,&quot;caption&quot;:&quot;&quot;,&quot;created_timestamp&quot;:&quot;0&quot;,&quot;copyright&quot;:&quot;&quot;,&quot;focal_length&quot;:&quot;0&quot;,&quot;iso&quot;:&quot;0&quot;,&quot;shutter_speed&quot;:&quot;0&quot;,&quot;title&quot;:&quot;&quot;,&quot;orientation&quot;:&quot;0&quot;}\" data-image-title=\"IMG-20190925-WA0047\" data-image-description=\"\" data-medium-file=\"https:\/\/madresdesterradas.files.wordpress.com\/2019\/09\/img-20190925-wa0047.jpg?w=300\" data-large-file=\"https:\/\/madresdesterradas.files.wordpress.com\/2019\/09\/img-20190925-wa0047.jpg?w=663\" data-original-width=\"241\" data-original-height=\"181\" \/><\/a><a href=\"https:\/\/madresdesterradas.wordpress.com\/2019\/09\/25\/un-museo-medioambiental\/img-20190925-wa0048\/\"><img loading=\"lazy\" decoding=\"async\" title=\"IMG-20190925-WA0048\" src=\"https:\/\/madresdesterradas.files.wordpress.com\/2019\/09\/img-20190925-wa0048.jpg?w=241&amp;h=181\" srcset=\"https:\/\/madresdesterradas.files.wordpress.com\/2019\/09\/img-20190925-wa0048.jpg?w=241&amp;h=181&amp;zoom=2 2x\" alt=\"IMG-20190925-WA0048\" width=\"241\" height=\"181\" data-attachment-id=\"3955\" data-orig-file=\"https:\/\/madresdesterradas.files.wordpress.com\/2019\/09\/img-20190925-wa0048.jpg\" data-orig-size=\"1024,768\" data-comments-opened=\"1\" data-image-meta=\"{&quot;aperture&quot;:&quot;0&quot;,&quot;credit&quot;:&quot;&quot;,&quot;camera&quot;:&quot;&quot;,&quot;caption&quot;:&quot;&quot;,&quot;created_timestamp&quot;:&quot;0&quot;,&quot;copyright&quot;:&quot;&quot;,&quot;focal_length&quot;:&quot;0&quot;,&quot;iso&quot;:&quot;0&quot;,&quot;shutter_speed&quot;:&quot;0&quot;,&quot;title&quot;:&quot;&quot;,&quot;orientation&quot;:&quot;0&quot;}\" data-image-title=\"IMG-20190925-WA0048\" data-image-description=\"\" data-medium-file=\"https:\/\/madresdesterradas.files.wordpress.com\/2019\/09\/img-20190925-wa0048.jpg?w=300\" data-large-file=\"https:\/\/madresdesterradas.files.wordpress.com\/2019\/09\/img-20190925-wa0048.jpg?w=663\" data-original-width=\"241\" data-original-height=\"181\" \/><\/a><\/div>\n<div class=\"tiled-gallery-item tiled-gallery-item-small\">\u00a0<\/div>\n<\/div>\n<\/div>\n<div class=\"gallery-row\" data-original-width=\"663\" data-original-height=\"498\">\n<div class=\"gallery-group images-1\" data-original-width=\"663\" data-original-height=\"498\">\n<div class=\"tiled-gallery-item tiled-gallery-item-large\"><a href=\"https:\/\/madresdesterradas.wordpress.com\/2019\/09\/25\/un-museo-medioambiental\/img-20190925-wa0051\/\"><img loading=\"lazy\" decoding=\"async\" title=\"IMG-20190925-WA0051\" src=\"https:\/\/madresdesterradas.files.wordpress.com\/2019\/09\/img-20190925-wa0051.jpg?w=659&amp;h=494\" srcset=\"https:\/\/madresdesterradas.files.wordpress.com\/2019\/09\/img-20190925-wa0051.jpg?w=659&amp;h=494&amp;zoom=2 2x\" alt=\"IMG-20190925-WA0051\" width=\"659\" height=\"494\" data-attachment-id=\"3956\" data-orig-file=\"https:\/\/madresdesterradas.files.wordpress.com\/2019\/09\/img-20190925-wa0051.jpg\" data-orig-size=\"1024,768\" data-comments-opened=\"1\" data-image-meta=\"{&quot;aperture&quot;:&quot;0&quot;,&quot;credit&quot;:&quot;&quot;,&quot;camera&quot;:&quot;&quot;,&quot;caption&quot;:&quot;&quot;,&quot;created_timestamp&quot;:&quot;0&quot;,&quot;copyright&quot;:&quot;&quot;,&quot;focal_length&quot;:&quot;0&quot;,&quot;iso&quot;:&quot;0&quot;,&quot;shutter_speed&quot;:&quot;0&quot;,&quot;title&quot;:&quot;&quot;,&quot;orientation&quot;:&quot;0&quot;}\" data-image-title=\"IMG-20190925-WA0051\" data-image-description=\"\" data-medium-file=\"https:\/\/madresdesterradas.files.wordpress.com\/2019\/09\/img-20190925-wa0051.jpg?w=300\" data-large-file=\"https:\/\/madresdesterradas.files.wordpress.com\/2019\/09\/img-20190925-wa0051.jpg?w=663\" data-original-width=\"659\" data-original-height=\"494\" \/><\/a><\/div>\n<\/div>\n<\/div>\n<p>En la zona de la cocina, explicaban que en los supermercados ya pod\u00edamos comprar alguno de estos&#8230;\u00bfmanjares? con alto contenido cal\u00f3rico y proteico, y lo daban como la comida del futuro&#8230;(pod\u00edas probarlos, los ten\u00edas por ejemplo con sabor a pollo). <del>Por el momento&#8230;se lo dejamos a Tim\u00f3n y Pumba&#8230;y a Bear Grylls&#8230;<\/del><\/p>\n<p><img loading=\"lazy\" decoding=\"async\" class=\"alignnone size-full wp-image-3927\" src=\"https:\/\/madresdesterradas.es\/wp-content\/uploads\/2019\/09\/img-20190925-wa0012.jpg\" alt=\"IMG-20190925-WA0012\" width=\"1024\" height=\"768\" srcset=\"https:\/\/madresdesterradas.es\/wp-content\/uploads\/2019\/09\/img-20190925-wa0012.jpg 1024w, https:\/\/madresdesterradas.es\/wp-content\/uploads\/2019\/09\/img-20190925-wa0012-300x225.jpg 300w, https:\/\/madresdesterradas.es\/wp-content\/uploads\/2019\/09\/img-20190925-wa0012-768x576.jpg 768w, https:\/\/madresdesterradas.es\/wp-content\/uploads\/2019\/09\/img-20190925-wa0012-825x619.jpg 825w, https:\/\/madresdesterradas.es\/wp-content\/uploads\/2019\/09\/img-20190925-wa0012-395x296.jpg 395w\" sizes=\"auto, (max-width: 1024px) 100vw, 1024px\" \/><\/p>\n<p>\u00a0<\/p>\n<p><span style=\"text-decoration: underline; color: #0000ff;\"><strong>Energ\u00edas<\/strong><\/span><\/p>\n<p>En una gran zona, nos hablaban de las energ\u00edas renovables o no agotables, como la solar, la e\u00f3lica, la hidr\u00e1ulica o hidroel\u00e9ctrica, aprendiendo c\u00f3mo funcionaba una turbina, un molino, etc.<\/p>\n<p>Aqu\u00ed explicaban que la madera es un material renovable, todo lo hecho de madera se puede reutilizar y ellos mismos subidos en la bicicleta, generaban energ\u00eda moviendo todos los paneles de madera (se siente, no tenemos v\u00eddeo, pero son los paneles que est\u00e1n justo enfrente de la bici). Ve\u00edan que se pod\u00edan mover cosas, generar electricidad, etc, con una simple bicicleta est\u00e1tica.<\/p>\n<p>Con la \u00faltima foto, los ni\u00f1os ve\u00edan de manera gr\u00e1fica que siempre lo m\u00e1s r\u00e1pido, es el camino en l\u00ednea recta, pese a que utilizaran m\u00e1s fuerza, tuviera mayor o menor curvatura&#8230; con lo que si tenemos que utilizar un transporte, si vamos en l\u00ednea recta, consumiremos y contaminaremos menos.<\/p>\n<div class=\"gallery-group images-1\" data-original-width=\"245\" data-original-height=\"185\">\n<div class=\"tiled-gallery-item tiled-gallery-item-small\"><a href=\"https:\/\/madresdesterradas.wordpress.com\/2019\/09\/25\/un-museo-medioambiental\/img-20190922-wa0048\/\"><img loading=\"lazy\" decoding=\"async\" class=\"\" title=\"IMG-20190922-WA0048\" src=\"https:\/\/madresdesterradas.files.wordpress.com\/2019\/09\/img-20190922-wa0048.jpg?w=241&amp;h=181\" srcset=\"https:\/\/madresdesterradas.files.wordpress.com\/2019\/09\/img-20190922-wa0048.jpg?w=241&amp;h=181&amp;zoom=2 2x\" alt=\"IMG-20190922-WA0048\" width=\"178\" height=\"134\" data-attachment-id=\"3908\" data-orig-file=\"https:\/\/madresdesterradas.files.wordpress.com\/2019\/09\/img-20190922-wa0048.jpg\" data-orig-size=\"1024,768\" data-comments-opened=\"1\" data-image-meta=\"{&quot;aperture&quot;:&quot;0&quot;,&quot;credit&quot;:&quot;&quot;,&quot;camera&quot;:&quot;&quot;,&quot;caption&quot;:&quot;&quot;,&quot;created_timestamp&quot;:&quot;1569411564&quot;,&quot;copyright&quot;:&quot;&quot;,&quot;focal_length&quot;:&quot;0&quot;,&quot;iso&quot;:&quot;0&quot;,&quot;shutter_speed&quot;:&quot;0&quot;,&quot;title&quot;:&quot;&quot;,&quot;orientation&quot;:&quot;1&quot;}\" data-image-title=\"IMG-20190922-WA0048\" data-image-description=\"\" data-medium-file=\"https:\/\/madresdesterradas.files.wordpress.com\/2019\/09\/img-20190922-wa0048.jpg?w=300\" data-large-file=\"https:\/\/madresdesterradas.files.wordpress.com\/2019\/09\/img-20190922-wa0048.jpg?w=663\" data-original-width=\"241\" data-original-height=\"181\" \/><\/a><a href=\"https:\/\/madresdesterradas.wordpress.com\/2019\/09\/25\/un-museo-medioambiental\/img-20190923-wa0024\/\"><img loading=\"lazy\" decoding=\"async\" class=\"\" title=\"IMG-20190923-WA0024\" src=\"https:\/\/madresdesterradas.files.wordpress.com\/2019\/09\/img-20190923-wa0024.jpg?w=136&amp;h=181\" srcset=\"https:\/\/madresdesterradas.files.wordpress.com\/2019\/09\/img-20190923-wa0024.jpg?w=136&amp;h=181&amp;zoom=2 2x\" alt=\"IMG-20190923-WA0024\" width=\"99\" height=\"132\" data-attachment-id=\"3909\" data-orig-file=\"https:\/\/madresdesterradas.files.wordpress.com\/2019\/09\/img-20190923-wa0024.jpg\" data-orig-size=\"768,1024\" data-comments-opened=\"1\" data-image-meta=\"{&quot;aperture&quot;:&quot;0&quot;,&quot;credit&quot;:&quot;&quot;,&quot;camera&quot;:&quot;&quot;,&quot;caption&quot;:&quot;&quot;,&quot;created_timestamp&quot;:&quot;1569411566&quot;,&quot;copyright&quot;:&quot;&quot;,&quot;focal_length&quot;:&quot;0&quot;,&quot;iso&quot;:&quot;0&quot;,&quot;shutter_speed&quot;:&quot;0&quot;,&quot;title&quot;:&quot;&quot;,&quot;orientation&quot;:&quot;1&quot;}\" data-image-title=\"IMG-20190923-WA0024\" data-image-description=\"\" data-medium-file=\"https:\/\/madresdesterradas.files.wordpress.com\/2019\/09\/img-20190923-wa0024.jpg?w=225\" data-large-file=\"https:\/\/madresdesterradas.files.wordpress.com\/2019\/09\/img-20190923-wa0024.jpg?w=663\" data-original-width=\"136\" data-original-height=\"181\" \/><\/a><a href=\"https:\/\/madresdesterradas.wordpress.com\/2019\/09\/25\/un-museo-medioambiental\/img-20190923-wa0025\/\"><img loading=\"lazy\" decoding=\"async\" class=\"\" title=\"IMG-20190923-WA0025\" src=\"https:\/\/madresdesterradas.files.wordpress.com\/2019\/09\/img-20190923-wa0025.jpg?w=135&amp;h=181\" srcset=\"https:\/\/madresdesterradas.files.wordpress.com\/2019\/09\/img-20190923-wa0025.jpg?w=135&amp;h=181&amp;zoom=2 2x\" alt=\"IMG-20190923-WA0025\" width=\"101\" height=\"135\" data-attachment-id=\"3910\" data-orig-file=\"https:\/\/madresdesterradas.files.wordpress.com\/2019\/09\/img-20190923-wa0025.jpg\" data-orig-size=\"768,1024\" data-comments-opened=\"1\" data-image-meta=\"{&quot;aperture&quot;:&quot;0&quot;,&quot;credit&quot;:&quot;&quot;,&quot;camera&quot;:&quot;&quot;,&quot;caption&quot;:&quot;&quot;,&quot;created_timestamp&quot;:&quot;0&quot;,&quot;copyright&quot;:&quot;&quot;,&quot;focal_length&quot;:&quot;0&quot;,&quot;iso&quot;:&quot;0&quot;,&quot;shutter_speed&quot;:&quot;0&quot;,&quot;title&quot;:&quot;&quot;,&quot;orientation&quot;:&quot;0&quot;}\" data-image-title=\"IMG-20190923-WA0025\" data-image-description=\"\" data-medium-file=\"https:\/\/madresdesterradas.files.wordpress.com\/2019\/09\/img-20190923-wa0025.jpg?w=225\" data-large-file=\"https:\/\/madresdesterradas.files.wordpress.com\/2019\/09\/img-20190923-wa0025.jpg?w=663\" data-original-width=\"135\" data-original-height=\"181\" \/><\/a><a href=\"https:\/\/madresdesterradas.wordpress.com\/2019\/09\/25\/un-museo-medioambiental\/img-20190923-wa0028\/\"><img loading=\"lazy\" decoding=\"async\" class=\"\" title=\"IMG-20190923-WA0028\" src=\"https:\/\/madresdesterradas.files.wordpress.com\/2019\/09\/img-20190923-wa0028.jpg?w=135&amp;h=181\" srcset=\"https:\/\/madresdesterradas.files.wordpress.com\/2019\/09\/img-20190923-wa0028.jpg?w=135&amp;h=181&amp;zoom=2 2x\" alt=\"IMG-20190923-WA0028\" width=\"103\" height=\"137\" data-attachment-id=\"3911\" data-orig-file=\"https:\/\/madresdesterradas.files.wordpress.com\/2019\/09\/img-20190923-wa0028.jpg\" data-orig-size=\"768,1024\" data-comments-opened=\"1\" data-image-meta=\"{&quot;aperture&quot;:&quot;0&quot;,&quot;credit&quot;:&quot;&quot;,&quot;camera&quot;:&quot;&quot;,&quot;caption&quot;:&quot;&quot;,&quot;created_timestamp&quot;:&quot;1569411566&quot;,&quot;copyright&quot;:&quot;&quot;,&quot;focal_length&quot;:&quot;0&quot;,&quot;iso&quot;:&quot;0&quot;,&quot;shutter_speed&quot;:&quot;0&quot;,&quot;title&quot;:&quot;&quot;,&quot;orientation&quot;:&quot;1&quot;}\" data-image-title=\"IMG-20190923-WA0028\" data-image-description=\"\" data-medium-file=\"https:\/\/madresdesterradas.files.wordpress.com\/2019\/09\/img-20190923-wa0028.jpg?w=225\" data-large-file=\"https:\/\/madresdesterradas.files.wordpress.com\/2019\/09\/img-20190923-wa0028.jpg?w=663\" data-original-width=\"135\" data-original-height=\"181\" \/><\/a><\/div>\n<\/div>\n<p>Hab\u00eda una secci\u00f3n en la que probar trasporte no contaminable y el\u00e9ctrico (coches y motos para los adultos, bicicletas&#8230;).<\/p>\n<div class=\"gallery-group images-1\" data-original-width=\"230\" data-original-height=\"306\">\n<div class=\"tiled-gallery-item tiled-gallery-item-small\"><a href=\"https:\/\/madresdesterradas.wordpress.com\/2019\/09\/25\/un-museo-medioambiental\/img-20190922-wa0023\/\"><img loading=\"lazy\" decoding=\"async\" title=\"IMG-20190922-WA0023\" src=\"https:\/\/madresdesterradas.files.wordpress.com\/2019\/09\/img-20190922-wa0023.jpg?w=226&amp;h=302\" srcset=\"https:\/\/madresdesterradas.files.wordpress.com\/2019\/09\/img-20190922-wa0023.jpg?w=226&amp;h=302&amp;zoom=2 2x\" alt=\"IMG-20190922-WA0023\" width=\"226\" height=\"302\" data-attachment-id=\"3928\" data-orig-file=\"https:\/\/madresdesterradas.files.wordpress.com\/2019\/09\/img-20190922-wa0023.jpg\" data-orig-size=\"768,1024\" data-comments-opened=\"1\" data-image-meta=\"{&quot;aperture&quot;:&quot;0&quot;,&quot;credit&quot;:&quot;&quot;,&quot;camera&quot;:&quot;&quot;,&quot;caption&quot;:&quot;&quot;,&quot;created_timestamp&quot;:&quot;0&quot;,&quot;copyright&quot;:&quot;&quot;,&quot;focal_length&quot;:&quot;0&quot;,&quot;iso&quot;:&quot;0&quot;,&quot;shutter_speed&quot;:&quot;0&quot;,&quot;title&quot;:&quot;&quot;,&quot;orientation&quot;:&quot;0&quot;}\" data-image-title=\"IMG-20190922-WA0023\" data-image-description=\"\" data-medium-file=\"https:\/\/madresdesterradas.files.wordpress.com\/2019\/09\/img-20190922-wa0023.jpg?w=225\" data-large-file=\"https:\/\/madresdesterradas.files.wordpress.com\/2019\/09\/img-20190922-wa0023.jpg?w=663\" data-original-width=\"226\" data-original-height=\"302\" \/><\/a><a href=\"https:\/\/madresdesterradas.wordpress.com\/2019\/09\/25\/un-museo-medioambiental\/img-20190925-wa0027\/\"><img loading=\"lazy\" decoding=\"async\" title=\"IMG-20190925-WA0027\" src=\"https:\/\/madresdesterradas.files.wordpress.com\/2019\/09\/img-20190925-wa0027.jpg?w=226&amp;h=302\" srcset=\"https:\/\/madresdesterradas.files.wordpress.com\/2019\/09\/img-20190925-wa0027.jpg?w=226&amp;h=302&amp;zoom=2 2x\" alt=\"IMG-20190925-WA0027\" width=\"226\" height=\"302\" data-attachment-id=\"3931\" data-orig-file=\"https:\/\/madresdesterradas.files.wordpress.com\/2019\/09\/img-20190925-wa0027.jpg\" data-orig-size=\"768,1024\" data-comments-opened=\"1\" data-image-meta=\"{&quot;aperture&quot;:&quot;0&quot;,&quot;credit&quot;:&quot;&quot;,&quot;camera&quot;:&quot;&quot;,&quot;caption&quot;:&quot;&quot;,&quot;created_timestamp&quot;:&quot;0&quot;,&quot;copyright&quot;:&quot;&quot;,&quot;focal_length&quot;:&quot;0&quot;,&quot;iso&quot;:&quot;0&quot;,&quot;shutter_speed&quot;:&quot;0&quot;,&quot;title&quot;:&quot;&quot;,&quot;orientation&quot;:&quot;0&quot;}\" data-image-title=\"IMG-20190925-WA0027\" data-image-description=\"\" data-medium-file=\"https:\/\/madresdesterradas.files.wordpress.com\/2019\/09\/img-20190925-wa0027.jpg?w=225\" data-large-file=\"https:\/\/madresdesterradas.files.wordpress.com\/2019\/09\/img-20190925-wa0027.jpg?w=663\" data-original-width=\"226\" data-original-height=\"302\" \/><\/a><a href=\"https:\/\/madresdesterradas.wordpress.com\/2019\/09\/25\/un-museo-medioambiental\/img-20190925-wa0025\/\"><img loading=\"lazy\" decoding=\"async\" title=\"IMG-20190925-WA0025\" src=\"https:\/\/madresdesterradas.files.wordpress.com\/2019\/09\/img-20190925-wa0025.jpg?w=199&amp;h=149\" srcset=\"https:\/\/madresdesterradas.files.wordpress.com\/2019\/09\/img-20190925-wa0025.jpg?w=199&amp;h=149&amp;zoom=2 2x\" alt=\"IMG-20190925-WA0025\" width=\"199\" height=\"149\" data-attachment-id=\"3930\" data-orig-file=\"https:\/\/madresdesterradas.files.wordpress.com\/2019\/09\/img-20190925-wa0025.jpg\" data-orig-size=\"1024,768\" data-comments-opened=\"1\" data-image-meta=\"{&quot;aperture&quot;:&quot;0&quot;,&quot;credit&quot;:&quot;&quot;,&quot;camera&quot;:&quot;&quot;,&quot;caption&quot;:&quot;&quot;,&quot;created_timestamp&quot;:&quot;0&quot;,&quot;copyright&quot;:&quot;&quot;,&quot;focal_length&quot;:&quot;0&quot;,&quot;iso&quot;:&quot;0&quot;,&quot;shutter_speed&quot;:&quot;0&quot;,&quot;title&quot;:&quot;&quot;,&quot;orientation&quot;:&quot;0&quot;}\" data-image-title=\"IMG-20190925-WA0025\" data-image-description=\"\" data-medium-file=\"https:\/\/madresdesterradas.files.wordpress.com\/2019\/09\/img-20190925-wa0025.jpg?w=300\" data-large-file=\"https:\/\/madresdesterradas.files.wordpress.com\/2019\/09\/img-20190925-wa0025.jpg?w=663\" data-original-width=\"199\" data-original-height=\"149\" \/><\/a><a href=\"https:\/\/madresdesterradas.wordpress.com\/2019\/09\/25\/un-museo-medioambiental\/img-20190925-wa0022\/\"><img loading=\"lazy\" decoding=\"async\" title=\"IMG-20190925-WA0022\" src=\"https:\/\/madresdesterradas.files.wordpress.com\/2019\/09\/img-20190925-wa0022.jpg?w=199&amp;h=149\" srcset=\"https:\/\/madresdesterradas.files.wordpress.com\/2019\/09\/img-20190925-wa0022.jpg?w=199&amp;h=149&amp;zoom=2 2x\" alt=\"IMG-20190925-WA0022\" width=\"199\" height=\"149\" data-attachment-id=\"3929\" data-orig-file=\"https:\/\/madresdesterradas.files.wordpress.com\/2019\/09\/img-20190925-wa0022.jpg\" data-orig-size=\"1024,768\" data-comments-opened=\"1\" data-image-meta=\"{&quot;aperture&quot;:&quot;0&quot;,&quot;credit&quot;:&quot;&quot;,&quot;camera&quot;:&quot;&quot;,&quot;caption&quot;:&quot;&quot;,&quot;created_timestamp&quot;:&quot;0&quot;,&quot;copyright&quot;:&quot;&quot;,&quot;focal_length&quot;:&quot;0&quot;,&quot;iso&quot;:&quot;0&quot;,&quot;shutter_speed&quot;:&quot;0&quot;,&quot;title&quot;:&quot;&quot;,&quot;orientation&quot;:&quot;0&quot;}\" data-image-title=\"IMG-20190925-WA0022\" data-image-description=\"\" data-medium-file=\"https:\/\/madresdesterradas.files.wordpress.com\/2019\/09\/img-20190925-wa0022.jpg?w=300\" data-large-file=\"https:\/\/madresdesterradas.files.wordpress.com\/2019\/09\/img-20190925-wa0022.jpg?w=663\" data-original-width=\"199\" data-original-height=\"149\" \/><\/a><\/div>\n<\/div>\n<p>En este experimento, muy f\u00e1cil de entender para los ni\u00f1os, al girar la rueda, hab\u00edan 3 medios de transporte (tren, coche y avi\u00f3n), que se mov\u00edan a diferentes velocidades. Con un poco que ella moviera la rueda, el tren se mov\u00eda a gran velocidad, el coche iba muy lento, y el avi\u00f3n a penas se mov\u00eda. De esta manera, ella pudo entender que hab\u00eda medios de transporte que necesitaban de varias cosas contaminantes para conseguir moverse.<\/p>\n<div class=\"gallery-group images-1\" data-original-width=\"332\" data-original-height=\"441\">\n<div class=\"tiled-gallery-item tiled-gallery-item-large\"><a href=\"https:\/\/madresdesterradas.wordpress.com\/2019\/09\/25\/un-museo-medioambiental\/img-20190925-wa0013\/\"><img loading=\"lazy\" decoding=\"async\" class=\"\" title=\"IMG-20190925-WA0013\" src=\"https:\/\/madresdesterradas.files.wordpress.com\/2019\/09\/img-20190925-wa0013.jpg?w=328&amp;h=437\" srcset=\"https:\/\/madresdesterradas.files.wordpress.com\/2019\/09\/img-20190925-wa0013.jpg?w=328&amp;h=437&amp;zoom=2 2x\" alt=\"IMG-20190925-WA0013\" width=\"210\" height=\"280\" data-attachment-id=\"3932\" data-orig-file=\"https:\/\/madresdesterradas.files.wordpress.com\/2019\/09\/img-20190925-wa0013.jpg\" data-orig-size=\"768,1024\" data-comments-opened=\"1\" data-image-meta=\"{&quot;aperture&quot;:&quot;0&quot;,&quot;credit&quot;:&quot;&quot;,&quot;camera&quot;:&quot;&quot;,&quot;caption&quot;:&quot;&quot;,&quot;created_timestamp&quot;:&quot;0&quot;,&quot;copyright&quot;:&quot;&quot;,&quot;focal_length&quot;:&quot;0&quot;,&quot;iso&quot;:&quot;0&quot;,&quot;shutter_speed&quot;:&quot;0&quot;,&quot;title&quot;:&quot;&quot;,&quot;orientation&quot;:&quot;0&quot;}\" data-image-title=\"IMG-20190925-WA0013\" data-image-description=\"\" data-medium-file=\"https:\/\/madresdesterradas.files.wordpress.com\/2019\/09\/img-20190925-wa0013.jpg?w=225\" data-large-file=\"https:\/\/madresdesterradas.files.wordpress.com\/2019\/09\/img-20190925-wa0013.jpg?w=663\" data-original-width=\"328\" data-original-height=\"437\" \/><\/a><a href=\"https:\/\/madresdesterradas.wordpress.com\/2019\/09\/25\/un-museo-medioambiental\/img-20190925-wa0014\/\"><img loading=\"lazy\" decoding=\"async\" class=\"\" title=\"IMG-20190925-WA0014\" src=\"https:\/\/madresdesterradas.files.wordpress.com\/2019\/09\/img-20190925-wa0014.jpg?w=327&amp;h=437\" srcset=\"https:\/\/madresdesterradas.files.wordpress.com\/2019\/09\/img-20190925-wa0014.jpg?w=327&amp;h=437&amp;zoom=2 2x\" alt=\"IMG-20190925-WA0014\" width=\"214\" height=\"285\" data-attachment-id=\"3933\" data-orig-file=\"https:\/\/madresdesterradas.files.wordpress.com\/2019\/09\/img-20190925-wa0014.jpg\" data-orig-size=\"768,1024\" data-comments-opened=\"1\" data-image-meta=\"{&quot;aperture&quot;:&quot;0&quot;,&quot;credit&quot;:&quot;&quot;,&quot;camera&quot;:&quot;&quot;,&quot;caption&quot;:&quot;&quot;,&quot;created_timestamp&quot;:&quot;0&quot;,&quot;copyright&quot;:&quot;&quot;,&quot;focal_length&quot;:&quot;0&quot;,&quot;iso&quot;:&quot;0&quot;,&quot;shutter_speed&quot;:&quot;0&quot;,&quot;title&quot;:&quot;&quot;,&quot;orientation&quot;:&quot;0&quot;}\" data-image-title=\"IMG-20190925-WA0014\" data-image-description=\"\" data-medium-file=\"https:\/\/madresdesterradas.files.wordpress.com\/2019\/09\/img-20190925-wa0014.jpg?w=225\" data-large-file=\"https:\/\/madresdesterradas.files.wordpress.com\/2019\/09\/img-20190925-wa0014.jpg?w=663\" data-original-width=\"327\" data-original-height=\"437\" \/><\/a><\/div>\n<\/div>\n<div class=\"gallery-group images-1\" data-original-width=\"331\" data-original-height=\"441\">\n<div class=\"tiled-gallery-item tiled-gallery-item-large\">\u00a0<\/div>\n<\/div>\n<p><span style=\"color: #0000ff;\"><span style=\"text-decoration: underline;\"><strong>Reciclaje<\/strong><\/span><\/span><\/p>\n<p>Despu\u00e9s ven\u00eda la secci\u00f3n del reciclaje de la ropa, explicando la importancia de la creatividad, reutilizarla, compartirla con amigos, intercambiar prendas&#8230;sin tener que tirarla a la basura, y explicando que TODO se puede reutilizar, sin necesidad de gastar tanto y sin generar residuos.<\/p>\n<p><img loading=\"lazy\" decoding=\"async\" class=\"alignnone size-full wp-image-3934\" src=\"https:\/\/madresdesterradas.es\/wp-content\/uploads\/2019\/09\/img-20190922-wa0044.jpg\" alt=\"IMG-20190922-WA0044.jpg\" width=\"768\" height=\"1024\" \/><\/p>\n<div class=\"gallery-group images-1\" data-original-width=\"166\" data-original-height=\"220\">\n<div class=\"tiled-gallery-item tiled-gallery-item-small\"><a href=\"https:\/\/madresdesterradas.wordpress.com\/2019\/09\/25\/un-museo-medioambiental\/img-20190922-wa0038\/\"><img loading=\"lazy\" decoding=\"async\" class=\"\" title=\"IMG-20190922-WA0038\" src=\"https:\/\/madresdesterradas.files.wordpress.com\/2019\/09\/img-20190922-wa0038.jpg?w=162&amp;h=216\" srcset=\"https:\/\/madresdesterradas.files.wordpress.com\/2019\/09\/img-20190922-wa0038.jpg?w=162&amp;h=216&amp;zoom=2 2x\" alt=\"IMG-20190922-WA0038\" width=\"144\" height=\"192\" data-attachment-id=\"3939\" data-orig-file=\"https:\/\/madresdesterradas.files.wordpress.com\/2019\/09\/img-20190922-wa0038.jpg\" data-orig-size=\"768,1024\" data-comments-opened=\"1\" data-image-meta=\"{&quot;aperture&quot;:&quot;0&quot;,&quot;credit&quot;:&quot;&quot;,&quot;camera&quot;:&quot;&quot;,&quot;caption&quot;:&quot;&quot;,&quot;created_timestamp&quot;:&quot;0&quot;,&quot;copyright&quot;:&quot;&quot;,&quot;focal_length&quot;:&quot;0&quot;,&quot;iso&quot;:&quot;0&quot;,&quot;shutter_speed&quot;:&quot;0&quot;,&quot;title&quot;:&quot;&quot;,&quot;orientation&quot;:&quot;0&quot;}\" data-image-title=\"IMG-20190922-WA0038\" data-image-description=\"\" data-medium-file=\"https:\/\/madresdesterradas.files.wordpress.com\/2019\/09\/img-20190922-wa0038.jpg?w=225\" data-large-file=\"https:\/\/madresdesterradas.files.wordpress.com\/2019\/09\/img-20190922-wa0038.jpg?w=663\" data-original-width=\"162\" data-original-height=\"216\" \/><\/a><a href=\"https:\/\/madresdesterradas.wordpress.com\/2019\/09\/25\/un-museo-medioambiental\/img-20190922-wa0041\/\"><img loading=\"lazy\" decoding=\"async\" class=\"\" title=\"IMG-20190922-WA0041\" src=\"https:\/\/madresdesterradas.files.wordpress.com\/2019\/09\/img-20190922-wa0041.jpg?w=162&amp;h=216\" srcset=\"https:\/\/madresdesterradas.files.wordpress.com\/2019\/09\/img-20190922-wa0041.jpg?w=162&amp;h=216&amp;zoom=2 2x\" alt=\"IMG-20190922-WA0041\" width=\"144\" height=\"193\" data-attachment-id=\"3940\" data-orig-file=\"https:\/\/madresdesterradas.files.wordpress.com\/2019\/09\/img-20190922-wa0041.jpg\" data-orig-size=\"768,1024\" data-comments-opened=\"1\" data-image-meta=\"{&quot;aperture&quot;:&quot;0&quot;,&quot;credit&quot;:&quot;&quot;,&quot;camera&quot;:&quot;&quot;,&quot;caption&quot;:&quot;&quot;,&quot;created_timestamp&quot;:&quot;0&quot;,&quot;copyright&quot;:&quot;&quot;,&quot;focal_length&quot;:&quot;0&quot;,&quot;iso&quot;:&quot;0&quot;,&quot;shutter_speed&quot;:&quot;0&quot;,&quot;title&quot;:&quot;&quot;,&quot;orientation&quot;:&quot;0&quot;}\" data-image-title=\"IMG-20190922-WA0041\" data-image-description=\"\" data-medium-file=\"https:\/\/madresdesterradas.files.wordpress.com\/2019\/09\/img-20190922-wa0041.jpg?w=225\" data-large-file=\"https:\/\/madresdesterradas.files.wordpress.com\/2019\/09\/img-20190922-wa0041.jpg?w=663\" data-original-width=\"162\" data-original-height=\"216\" \/><\/a><a href=\"https:\/\/madresdesterradas.wordpress.com\/2019\/09\/25\/un-museo-medioambiental\/img-20190922-wa0046\/\"><img loading=\"lazy\" decoding=\"async\" class=\"\" title=\"IMG-20190922-WA0046\" src=\"https:\/\/madresdesterradas.files.wordpress.com\/2019\/09\/img-20190922-wa0046.jpg?w=162&amp;h=216\" srcset=\"https:\/\/madresdesterradas.files.wordpress.com\/2019\/09\/img-20190922-wa0046.jpg?w=162&amp;h=216&amp;zoom=2 2x\" alt=\"IMG-20190922-WA0046\" width=\"142\" height=\"190\" data-attachment-id=\"3941\" data-orig-file=\"https:\/\/madresdesterradas.files.wordpress.com\/2019\/09\/img-20190922-wa0046.jpg\" data-orig-size=\"768,1024\" data-comments-opened=\"1\" data-image-meta=\"{&quot;aperture&quot;:&quot;0&quot;,&quot;credit&quot;:&quot;&quot;,&quot;camera&quot;:&quot;&quot;,&quot;caption&quot;:&quot;&quot;,&quot;created_timestamp&quot;:&quot;0&quot;,&quot;copyright&quot;:&quot;&quot;,&quot;focal_length&quot;:&quot;0&quot;,&quot;iso&quot;:&quot;0&quot;,&quot;shutter_speed&quot;:&quot;0&quot;,&quot;title&quot;:&quot;&quot;,&quot;orientation&quot;:&quot;0&quot;}\" data-image-title=\"IMG-20190922-WA0046\" data-image-description=\"\" data-medium-file=\"https:\/\/madresdesterradas.files.wordpress.com\/2019\/09\/img-20190922-wa0046.jpg?w=225\" data-large-file=\"https:\/\/madresdesterradas.files.wordpress.com\/2019\/09\/img-20190922-wa0046.jpg?w=663\" data-original-width=\"162\" data-original-height=\"216\" \/><\/a><a href=\"https:\/\/madresdesterradas.wordpress.com\/2019\/09\/25\/un-museo-medioambiental\/img-20190922-wa0047\/\"><img loading=\"lazy\" decoding=\"async\" class=\"\" title=\"IMG-20190922-WA0047\" src=\"https:\/\/madresdesterradas.files.wordpress.com\/2019\/09\/img-20190922-wa0047.jpg?w=161&amp;h=216\" srcset=\"https:\/\/madresdesterradas.files.wordpress.com\/2019\/09\/img-20190922-wa0047.jpg?w=161&amp;h=216&amp;zoom=2 2x\" alt=\"IMG-20190922-WA0047\" width=\"139\" height=\"186\" data-attachment-id=\"3942\" data-orig-file=\"https:\/\/madresdesterradas.files.wordpress.com\/2019\/09\/img-20190922-wa0047.jpg\" data-orig-size=\"768,1024\" data-comments-opened=\"1\" data-image-meta=\"{&quot;aperture&quot;:&quot;0&quot;,&quot;credit&quot;:&quot;&quot;,&quot;camera&quot;:&quot;&quot;,&quot;caption&quot;:&quot;&quot;,&quot;created_timestamp&quot;:&quot;0&quot;,&quot;copyright&quot;:&quot;&quot;,&quot;focal_length&quot;:&quot;0&quot;,&quot;iso&quot;:&quot;0&quot;,&quot;shutter_speed&quot;:&quot;0&quot;,&quot;title&quot;:&quot;&quot;,&quot;orientation&quot;:&quot;0&quot;}\" data-image-title=\"IMG-20190922-WA0047\" data-image-description=\"\" data-medium-file=\"https:\/\/madresdesterradas.files.wordpress.com\/2019\/09\/img-20190922-wa0047.jpg?w=225\" data-large-file=\"https:\/\/madresdesterradas.files.wordpress.com\/2019\/09\/img-20190922-wa0047.jpg?w=663\" data-original-width=\"161\" data-original-height=\"216\" \/><\/a><\/div>\n<\/div>\n<div class=\"gallery-group images-1\" data-original-width=\"166\" data-original-height=\"220\">\n<div class=\"tiled-gallery-item tiled-gallery-item-small\">\u00a0<\/div>\n<\/div>\n<div class=\"gallery-group images-1\" data-original-width=\"166\" data-original-height=\"220\">\n<div class=\"tiled-gallery-item tiled-gallery-item-small\">\u00a0<\/div>\n<\/div>\n<div class=\"gallery-group images-1\" data-original-width=\"165\" data-original-height=\"220\">\n<div class=\"tiled-gallery-item tiled-gallery-item-small\">\u00a0<\/div>\n<\/div>\n<div id='gallery-1' class='gallery galleryid-4146 gallery-columns-3 gallery-size-thumbnail'><figure class='gallery-item'>\n\t\t\t<div class='gallery-icon portrait'>\n\t\t\t\t<a href='https:\/\/madresdesterradas.es\/index.php\/2019\/09\/25\/un-museo-medioambiental\/img-20190923-wa0038\/'><img loading=\"lazy\" decoding=\"async\" width=\"150\" height=\"150\" src=\"https:\/\/madresdesterradas.es\/wp-content\/uploads\/2019\/09\/img-20190923-wa0038-150x150.jpg\" class=\"attachment-thumbnail size-thumbnail\" alt=\"\" srcset=\"https:\/\/madresdesterradas.es\/wp-content\/uploads\/2019\/09\/img-20190923-wa0038-150x150.jpg 150w, https:\/\/madresdesterradas.es\/wp-content\/uploads\/2019\/09\/img-20190923-wa0038-85x85.jpg 85w, https:\/\/madresdesterradas.es\/wp-content\/uploads\/2019\/09\/img-20190923-wa0038-170x170.jpg 170w\" sizes=\"auto, (max-width: 150px) 100vw, 150px\" \/><\/a>\n\t\t\t<\/div><\/figure><figure class='gallery-item'>\n\t\t\t<div class='gallery-icon portrait'>\n\t\t\t\t<a href='https:\/\/madresdesterradas.es\/index.php\/2019\/09\/25\/un-museo-medioambiental\/img-20190923-wa0039\/'><img loading=\"lazy\" decoding=\"async\" width=\"150\" height=\"150\" src=\"https:\/\/madresdesterradas.es\/wp-content\/uploads\/2019\/09\/img-20190923-wa0039-150x150.jpg\" class=\"attachment-thumbnail size-thumbnail\" alt=\"\" srcset=\"https:\/\/madresdesterradas.es\/wp-content\/uploads\/2019\/09\/img-20190923-wa0039-150x150.jpg 150w, https:\/\/madresdesterradas.es\/wp-content\/uploads\/2019\/09\/img-20190923-wa0039-85x85.jpg 85w, https:\/\/madresdesterradas.es\/wp-content\/uploads\/2019\/09\/img-20190923-wa0039-170x170.jpg 170w\" sizes=\"auto, (max-width: 150px) 100vw, 150px\" \/><\/a>\n\t\t\t<\/div><\/figure>\n\t\t<\/div>\n\n<p>Como veis, hab\u00eda decoraci\u00f3n con materiales reciclados o con materiales reutilizados con este fin.<\/p>\n<p>Aunque no entend\u00e1is el alem\u00e1n, ver\u00e9is a la izquierda del todo 706 kg (es la cantidad de basura en kg que cada persona genera al a\u00f1o). Posteriormente, est\u00e1 desglosado: 65 kg en papel, 44 kg en cristal, 15 kg en electrodom\u00e9sticos, 6&#8217;5 kg en textil, etc<\/p>\n<div id='gallery-2' class='gallery galleryid-4146 gallery-columns-3 gallery-size-thumbnail'><figure class='gallery-item'>\n\t\t\t<div class='gallery-icon landscape'>\n\t\t\t\t<a href='https:\/\/madresdesterradas.es\/index.php\/2019\/09\/25\/un-museo-medioambiental\/img-20190925-wa0010\/'><img loading=\"lazy\" decoding=\"async\" width=\"150\" height=\"150\" src=\"https:\/\/madresdesterradas.es\/wp-content\/uploads\/2019\/09\/img-20190925-wa0010-150x150.jpg\" class=\"attachment-thumbnail size-thumbnail\" alt=\"\" srcset=\"https:\/\/madresdesterradas.es\/wp-content\/uploads\/2019\/09\/img-20190925-wa0010-150x150.jpg 150w, https:\/\/madresdesterradas.es\/wp-content\/uploads\/2019\/09\/img-20190925-wa0010-85x85.jpg 85w, https:\/\/madresdesterradas.es\/wp-content\/uploads\/2019\/09\/img-20190925-wa0010-170x170.jpg 170w\" sizes=\"auto, (max-width: 150px) 100vw, 150px\" \/><\/a>\n\t\t\t<\/div><\/figure><figure class='gallery-item'>\n\t\t\t<div class='gallery-icon landscape'>\n\t\t\t\t<a href='https:\/\/madresdesterradas.es\/index.php\/2019\/09\/25\/un-museo-medioambiental\/img-20190925-wa0008\/'><img loading=\"lazy\" decoding=\"async\" width=\"150\" height=\"150\" src=\"https:\/\/madresdesterradas.es\/wp-content\/uploads\/2019\/09\/img-20190925-wa0008-150x150.jpg\" class=\"attachment-thumbnail size-thumbnail\" alt=\"\" srcset=\"https:\/\/madresdesterradas.es\/wp-content\/uploads\/2019\/09\/img-20190925-wa0008-150x150.jpg 150w, https:\/\/madresdesterradas.es\/wp-content\/uploads\/2019\/09\/img-20190925-wa0008-85x85.jpg 85w, https:\/\/madresdesterradas.es\/wp-content\/uploads\/2019\/09\/img-20190925-wa0008-170x170.jpg 170w\" sizes=\"auto, (max-width: 150px) 100vw, 150px\" \/><\/a>\n\t\t\t<\/div><\/figure>\n\t\t<\/div>\n\n<p>En este circuito sensorial, en el que ten\u00edan que adivinar qu\u00e9 hab\u00eda dentro de cada caja; hab\u00eda\u00a0 diferentes elementos renovables, reciclados, fruta de temporada&#8230;<\/p>\n<p><img loading=\"lazy\" decoding=\"async\" class=\"wp-image-3948 alignnone size-full\" src=\"https:\/\/madresdesterradas.es\/wp-content\/uploads\/2019\/09\/img-20190923-wa00274348542761358394867.jpg\" width=\"1024\" height=\"768\" \/><\/p>\n<p>En la tienda, pod\u00edamos comprar juguetes biodegradables y no contaminantes.<\/p>\n<p>\u00a0<\/p>\n<p>Tambi\u00e9n se pod\u00eda comprar cera de abeja para envolver distintos productos y no usar papel de plata\/film.<\/p>\n<p>\u00a0<\/p>\n\n\n<ul class=\"wp-block-gallery columns-2 is-cropped wp-block-gallery-1 is-layout-flex wp-block-gallery-is-layout-flex\"><li class=\"blocks-gallery-item\"><figure><img loading=\"lazy\" decoding=\"async\" width=\"768\" height=\"1024\" src=\"https:\/\/madresdesterradas.es\/wp-content\/uploads\/2019\/09\/IMG-20190923-WA0036-768x1024.jpg\" alt=\"\" data-id=\"4172\" data-link=\"https:\/\/madresdesterradas.es\/index.php\/2019\/09\/25\/un-museo-medioambiental\/img-20190923-wa0036-2\/\" class=\"wp-image-4172\" srcset=\"https:\/\/madresdesterradas.es\/wp-content\/uploads\/2019\/09\/IMG-20190923-WA0036.jpg 768w, https:\/\/madresdesterradas.es\/wp-content\/uploads\/2019\/09\/IMG-20190923-WA0036-225x300.jpg 225w, https:\/\/madresdesterradas.es\/wp-content\/uploads\/2019\/09\/IMG-20190923-WA0036-395x527.jpg 395w\" sizes=\"auto, (max-width: 768px) 100vw, 768px\" \/><\/figure><\/li><li class=\"blocks-gallery-item\"><figure><img loading=\"lazy\" decoding=\"async\" width=\"768\" height=\"1024\" src=\"https:\/\/madresdesterradas.es\/wp-content\/uploads\/2019\/09\/IMG-20190923-WA0037-1-768x1024.jpg\" alt=\"\" data-id=\"4173\" data-link=\"https:\/\/madresdesterradas.es\/index.php\/2019\/09\/25\/un-museo-medioambiental\/img-20190923-wa0037-1\/\" class=\"wp-image-4173\" srcset=\"https:\/\/madresdesterradas.es\/wp-content\/uploads\/2019\/09\/IMG-20190923-WA0037-1.jpg 768w, https:\/\/madresdesterradas.es\/wp-content\/uploads\/2019\/09\/IMG-20190923-WA0037-1-225x300.jpg 225w, https:\/\/madresdesterradas.es\/wp-content\/uploads\/2019\/09\/IMG-20190923-WA0037-1-395x527.jpg 395w\" sizes=\"auto, (max-width: 768px) 100vw, 768px\" \/><\/figure><\/li><\/ul>\n","protected":false},"excerpt":{"rendered":"<p>Este fin de semana, en la Suisse, hemos ido a un museo medioambiental para ayudar a los ni\u00f1os a entender que en su d\u00eda a d\u00eda, pueden colaborar a cuidar el medio ambiente, el planeta, reciclar, tener una mejor actitud, una dieta sana y equilibrada&#8230; Se llama Umwelt Arena, y se encuentra ubicado en Spreitenbach. [&hellip;]<\/p>\n","protected":false},"author":1,"featured_media":3947,"comment_status":"open","ping_status":"open","sticky":false,"template":"","format":"standard","meta":{"_monsterinsights_skip_tracking":false,"_monsterinsights_sitenote_active":false,"_monsterinsights_sitenote_note":"","_monsterinsights_sitenote_category":0,"_uf_show_specific_survey":0,"_uf_disable_surveys":false,"footnotes":""},"categories":[1921],"tags":[2546,2547,2548,2549,2550,2551,1658,2552,2553,2554,2555,1526,2556,1665,2557,2558,2559,2560,2561,2562],"class_list":["post-4146","post","type-post","status-publish","format-standard","has-post-thumbnail","hentry","category-excursionesbio","tag-concienciacion","tag-ecologico","tag-energia-eolica","tag-energias-no-agotables","tag-energias-renovables","tag-las-3-r","tag-madera","tag-materiales-renovables","tag-medioambiente","tag-metal","tag-papel","tag-plastico","tag-reciclaje","tag-reciclar","tag-reducir","tag-reutilizar","tag-save-the-planet","tag-sostenibilidad","tag-spreitenbach","tag-umwelt-arena"],"_links":{"self":[{"href":"https:\/\/madresdesterradas.es\/index.php\/wp-json\/wp\/v2\/posts\/4146","targetHints":{"allow":["GET"]}}],"collection":[{"href":"https:\/\/madresdesterradas.es\/index.php\/wp-json\/wp\/v2\/posts"}],"about":[{"href":"https:\/\/madresdesterradas.es\/index.php\/wp-json\/wp\/v2\/types\/post"}],"author":[{"embeddable":true,"href":"https:\/\/madresdesterradas.es\/index.php\/wp-json\/wp\/v2\/users\/1"}],"replies":[{"embeddable":true,"href":"https:\/\/madresdesterradas.es\/index.php\/wp-json\/wp\/v2\/comments?post=4146"}],"version-history":[{"count":2,"href":"https:\/\/madresdesterradas.es\/index.php\/wp-json\/wp\/v2\/posts\/4146\/revisions"}],"predecessor-version":[{"id":4200,"href":"https:\/\/madresdesterradas.es\/index.php\/wp-json\/wp\/v2\/posts\/4146\/revisions\/4200"}],"wp:featuredmedia":[{"embeddable":true,"href":"https:\/\/madresdesterradas.es\/index.php\/wp-json\/wp\/v2\/media\/3947"}],"wp:attachment":[{"href":"https:\/\/madresdesterradas.es\/index.php\/wp-json\/wp\/v2\/media?parent=4146"}],"wp:term":[{"taxonomy":"category","embeddable":true,"href":"https:\/\/madresdesterradas.es\/index.php\/wp-json\/wp\/v2\/categories?post=4146"},{"taxonomy":"post_tag","embeddable":true,"href":"https:\/\/madresdesterradas.es\/index.php\/wp-json\/wp\/v2\/tags?post=4146"}],"curies":[{"name":"wp","href":"https:\/\/api.w.org\/{rel}","templated":true}]}}