{"id":3261,"date":"2019-01-09T08:00:33","date_gmt":"2019-01-09T08:00:33","guid":{"rendered":"https:\/\/madresdesterradas.wordpress.com\/?p=3261"},"modified":"2021-03-29T11:38:09","modified_gmt":"2021-03-29T10:38:09","slug":"coleccion-la-cereza-combel","status":"publish","type":"post","link":"https:\/\/madresdesterradas.es\/index.php\/2019\/01\/09\/coleccion-la-cereza-combel\/","title":{"rendered":"Colecci\u00f3n La cereza. Combel."},"content":{"rendered":"<p>Descubrimos la colecci\u00f3n La cereza de la editorial Combel cuando los 1.0 estaban a punto de dejar de ser beb\u00e9s, lo que no fue impedimento para hacernos con todos <i>(lo que tiene ser #lalocadeloslibros).<\/i> Se llama as\u00ed porque todos son dulces y juguetones, como las cerezas.<\/p>\n<p>Hace unos 2 a\u00f1os casi, os ense\u00f1amos la colecci\u00f3n de la cuna a la luna de Kalandraka, cuyos libros cantamos \u00bflos record\u00e1is?. Pues esta colecci\u00f3n\u2026se canta s\u00ed o s\u00ed. S\u00ed, no es opcional, es obligatorio. No se leen, se cantan (o se oyen\u2026). Son libros para cantar, contar, mirar y jugar con los m\u00e1s peque\u00f1os.<\/p>\n<p>Al final de cada libro hay un c\u00f3digo QR con el que te puedes descargar la canci\u00f3n. As\u00ed que, sin daros cuenta, os sabr\u00e9is de memoria las canciones y las cantar\u00e9is en la ducha <del>(la m\/paternidad es as\u00ed)<\/del>. Es muy \u00fatil que las descargu\u00e9is en el m\u00f3vil y se puedan cantar en momentos de aburrimiento o tensi\u00f3n\u2026Ya sab\u00e9is que \u201c<i>la m\u00fasica amansa a las fieras<\/i>\u201d.<\/p>\n<p>La edad recomendada es de 0 a 3 a\u00f1os (aunque m\u00e1s mayores, oigan la canci\u00f3n y vengan corriendo a cantarla y o\u00edrla&#8230;). Son libros de carton\u00e9, de peque\u00f1o tama\u00f1o, con 12 p\u00e1ginas. El PVP es de 7,50 \u20ac.<\/p>\n<p>Nunca es pronto para empezar a leerle a un ni\u00f1o, y esta colecci\u00f3n es ideal para que se acerquen a la lectura y a la m\u00fasica.<\/p>\n<p>La autora de los libros es Mar Benegas (con diferentes ilustradores). Consta de 6 t\u00edtulos:<\/p>\n<ul>\n<li>\u00bfJugamos a las manitas? (ilustrado por Miguel Ord\u00f3\u00f1ez)<\/li>\n<li>\u00bfLe pondremos un bigote? (ilustrado por Lalalimola)<\/li>\n<li>Me duermo en un zapato (ilustrado por Christian Inaraja)<\/li>\n<li>Diez ardillas (ilustrado por Laurence Jammes)<\/li>\n<li>\u00d1am \u00f1am (ilstrado por Marta Cabrol)<\/li>\n<li>Nariz naricita (ilstrado por Cecilia Moreno)<\/li>\n<\/ul>\n<p><img loading=\"lazy\" decoding=\"async\" class=\"aligncenter size-medium wp-image-3260\" src=\"https:\/\/madresdesterradas.files.wordpress.com\/2019\/01\/img_20190108_1815082822514785636333621.jpg\" width=\"3000\" height=\"2250\" \/><\/p>\n<p>Todos los libros son muy coloridos, con dibujos sencillos y vistosos. Cada uno es diferente entre s\u00ed y tiene su \u201calgo\u201d especial.<\/p>\n<p><!--more--><\/p>\n<div class=\"mceTemp\">\n<div class=\"mceTemp\">\n<p><img loading=\"lazy\" decoding=\"async\" class=\"alignleft wp-image-3258\" src=\"https:\/\/madresdesterradas.files.wordpress.com\/2019\/01\/img_20190108_1832053241252270372571837-e1547016518798.jpg?w=4496\" alt=\"img_20190108_1832053241252270372571837.jpg\" width=\"520\" height=\"390\" \/><br \/>\n\u00bfLe pondremos un bigote? Podr\u00edamos decir que es el libro estrella. Engancha a todos los ni\u00f1os en la primera p\u00e1gina y da mucho juego en la mesa de luz, por ejemplo. Con \u00e9l podemos repasar las partes del cuerpo. Puedes comprarlo <a href=\"https:\/\/amzn.to\/3sxrMWT\">aqu\u00ed<\/a>.<\/p>\n<figure id=\"attachment_3255\" aria-describedby=\"caption-attachment-3255\" style=\"width: 512px\" class=\"wp-caption aligncenter\"><img loading=\"lazy\" decoding=\"async\" class=\"wp-image-3255 aligncenter\" src=\"https:\/\/madresdesterradas.files.wordpress.com\/2019\/01\/img_20190108_183155426576800301543093-e1547016542788.jpg?w=4496\" alt=\"img_20190108_183155426576800301543093.jpg\" width=\"512\" height=\"384\" \/><figcaption id=\"caption-attachment-3255\" class=\"wp-caption-text\">Con una canci\u00f3n muy suave y muy dulce que hasta nos puede servir de nana \u00a1qui\u00e9n fuera hoja! Viaja junto a un mont\u00f3n de animales. Puedes comprarlo <a href=\"https:\/\/amzn.to\/2O0PVpy\">aqu\u00ed<\/a>.\u00a0<\/figcaption><\/figure>\n<figure id=\"attachment_3254\" aria-describedby=\"caption-attachment-3254\" style=\"width: 513px\" class=\"wp-caption aligncenter\"><img loading=\"lazy\" decoding=\"async\" class=\"wp-image-3254 aligncenter\" src=\"https:\/\/madresdesterradas.files.wordpress.com\/2019\/01\/img_20190108_1832237516156824889719561-e1547016551750.jpg?w=4496\" alt=\"img_20190108_1832237516156824889719561.jpg\" width=\"513\" height=\"385\" \/><figcaption id=\"caption-attachment-3254\" class=\"wp-caption-text\">Con Diez ardillas hemos repasado n\u00fameros y practicado el conteo (muchas veces a la velocidad del rayo para poder pasar la p\u00e1gina a la vez que la canci\u00f3n). Perd\u00f3n por las manchas en la portada, es que los usamos mucho&#8230;Puedes comprarlo <a href=\"https:\/\/amzn.to\/3u1RqTH\">aqu\u00ed<\/a>.\u00a0<\/figcaption><\/figure>\n<figure id=\"attachment_3256\" aria-describedby=\"caption-attachment-3256\" style=\"width: 510px\" class=\"wp-caption aligncenter\"><img loading=\"lazy\" decoding=\"async\" class=\"aligncenter size-full wp-image-3256\" src=\"https:\/\/madresdesterradas.files.wordpress.com\/2019\/01\/img_20190108_1832147766910446128997297-e1547016533549.jpg?w=1020\" alt=\"img_20190108_1832147766910446128997297.jpg\" width=\"510\" height=\"510\" \/><figcaption id=\"caption-attachment-3256\" class=\"wp-caption-text\">Los beb\u00e9s 2.0 han comenzado a comer mientras les cant\u00e1bamos \u00ab\u00f1am \u00f1am desayuno leche y pan vienen que vienen en barco por mar&#8230;\u00bbpuedes comprarlo <a href=\"https:\/\/amzn.to\/3fAIn8D\">aqu\u00ed.<\/a><\/figcaption><\/figure>\n<figure id=\"attachment_3257\" aria-describedby=\"caption-attachment-3257\" style=\"width: 516px\" class=\"wp-caption aligncenter\"><img loading=\"lazy\" decoding=\"async\" class=\"wp-image-3257 aligncenter\" src=\"https:\/\/madresdesterradas.files.wordpress.com\/2019\/01\/img_20190108_183149119739911874568960-e1547016526722.jpg\" alt=\"img_20190108_183149119739911874568960.jpg\" width=\"516\" height=\"387\" \/><figcaption id=\"caption-attachment-3257\" class=\"wp-caption-text\">Nuestra \u00faltima incorporaci\u00f3n, el que nos faltaba para terminar la colecci\u00f3n; prepararos para que os toquen todo el rato la nariz como una bocina. Puedes comprarlo <a href=\"https:\/\/amzn.to\/31sOnb3\">aqu\u00ed<\/a>.<\/figcaption><\/figure>\n<p>Os dejamos a continuaci\u00f3n los v\u00eddeos de nuestros 2 favoritos:<\/p>\n<p><iframe loading=\"lazy\" title=\"Me duermo en un zapato\" width=\"1255\" height=\"706\" src=\"https:\/\/www.youtube.com\/embed\/ovHdnUOC__Q?feature=oembed\" frameborder=\"0\" allow=\"accelerometer; autoplay; clipboard-write; encrypted-media; gyroscope; picture-in-picture\" allowfullscreen><\/iframe><\/p>\n<p><iframe loading=\"lazy\" title=\"\u00bfLe pondremos un bigote?\" width=\"1255\" height=\"706\" src=\"https:\/\/www.youtube.com\/embed\/CwoCGrXns6A?feature=oembed\" frameborder=\"0\" allow=\"accelerometer; autoplay; clipboard-write; encrypted-media; gyroscope; picture-in-picture\" allowfullscreen><\/iframe><\/p>\n<p>\u00bfQu\u00e9 os parecen? \u00bfQuer\u00e9is que os ense\u00f1emos el interior de alguno m\u00e1s? \u00a1Os esperamos!<\/p>\n<p><img loading=\"lazy\" decoding=\"async\" class=\"aligncenter wp-image-3264 \" src=\"https:\/\/madresdesterradas.es\/wp-content\/uploads\/2019\/01\/img_20190108_181605403999189150850021.jpg\" width=\"518\" height=\"691\" srcset=\"https:\/\/madresdesterradas.es\/wp-content\/uploads\/2019\/01\/img_20190108_181605403999189150850021.jpg 3000w, https:\/\/madresdesterradas.es\/wp-content\/uploads\/2019\/01\/img_20190108_181605403999189150850021-1255x1673.jpg 1255w, https:\/\/madresdesterradas.es\/wp-content\/uploads\/2019\/01\/img_20190108_181605403999189150850021-825x1100.jpg 825w, https:\/\/madresdesterradas.es\/wp-content\/uploads\/2019\/01\/img_20190108_181605403999189150850021-395x527.jpg 395w, https:\/\/madresdesterradas.es\/wp-content\/uploads\/2019\/01\/img_20190108_181605403999189150850021-1320x1760.jpg 1320w, https:\/\/madresdesterradas.es\/wp-content\/uploads\/2019\/01\/img_20190108_181605403999189150850021-225x300.jpg 225w, https:\/\/madresdesterradas.es\/wp-content\/uploads\/2019\/01\/img_20190108_181605403999189150850021-768x1024.jpg 768w, https:\/\/madresdesterradas.es\/wp-content\/uploads\/2019\/01\/img_20190108_181605403999189150850021-1568x2091.jpg 1568w\" sizes=\"auto, (max-width: 518px) 100vw, 518px\" \/><\/p>\n<p>Addendum 01\/07\/19: Os dejamos <a href=\"https:\/\/madresdesterradas.es\/index.php\/2019\/07\/01\/coleccion-la-cereza-ii-combel\/\">aqu\u00ed <\/a>el enlace a los 3 \u00faltimos libros publicados de la colecci\u00f3n.<\/p>\n<\/div>\n","protected":false},"excerpt":{"rendered":"<p>Descubrimos la colecci\u00f3n La cereza de la editorial Combel cuando los 1.0 estaban a punto de dejar de ser beb\u00e9s, lo que no fue impedimento para hacernos con todos (lo que tiene ser #lalocadeloslibros). Se llama as\u00ed porque todos son dulces y juguetones, como las cerezas. Hace unos 2 a\u00f1os casi, os ense\u00f1amos la colecci\u00f3n [&hellip;]<\/p>\n","protected":false},"author":1,"featured_media":4035,"comment_status":"open","ping_status":"open","sticky":false,"template":"","format":"standard","meta":{"_monsterinsights_skip_tracking":false,"_monsterinsights_sitenote_active":false,"_monsterinsights_sitenote_note":"","_monsterinsights_sitenote_category":0,"_uf_show_specific_survey":0,"_uf_disable_surveys":false,"footnotes":""},"categories":[1351],"tags":[1648,2078,2079,1329,1803,2080,2081,1832,1808,1836,1814,2082,2083,1786,2084,1364,2085,1688,2086,1711,2087],"class_list":["post-3261","post","type-post","status-publish","format-standard","has-post-thumbnail","hentry","category-libros","tag-bebes","tag-book","tag-codigo-qr","tag-combel","tag-combel-editorial","tag-de-0-a-3-anos","tag-editorial-combel","tag-hoy-leemos","tag-la-cereza","tag-la-loca-de-los-libros","tag-libros-cantados","tag-libros-coloridos","tag-libros-con-cancion","tag-madres-desterradas","tag-mar-benegas","tag-music","tag-musica-y-lectura","tag-ninos","tag-prelectores","tag-resena","tag-rimas"],"_links":{"self":[{"href":"https:\/\/madresdesterradas.es\/index.php\/wp-json\/wp\/v2\/posts\/3261","targetHints":{"allow":["GET"]}}],"collection":[{"href":"https:\/\/madresdesterradas.es\/index.php\/wp-json\/wp\/v2\/posts"}],"about":[{"href":"https:\/\/madresdesterradas.es\/index.php\/wp-json\/wp\/v2\/types\/post"}],"author":[{"embeddable":true,"href":"https:\/\/madresdesterradas.es\/index.php\/wp-json\/wp\/v2\/users\/1"}],"replies":[{"embeddable":true,"href":"https:\/\/madresdesterradas.es\/index.php\/wp-json\/wp\/v2\/comments?post=3261"}],"version-history":[{"count":3,"href":"https:\/\/madresdesterradas.es\/index.php\/wp-json\/wp\/v2\/posts\/3261\/revisions"}],"predecessor-version":[{"id":8249,"href":"https:\/\/madresdesterradas.es\/index.php\/wp-json\/wp\/v2\/posts\/3261\/revisions\/8249"}],"wp:featuredmedia":[{"embeddable":true,"href":"https:\/\/madresdesterradas.es\/index.php\/wp-json\/wp\/v2\/media\/4035"}],"wp:attachment":[{"href":"https:\/\/madresdesterradas.es\/index.php\/wp-json\/wp\/v2\/media?parent=3261"}],"wp:term":[{"taxonomy":"category","embeddable":true,"href":"https:\/\/madresdesterradas.es\/index.php\/wp-json\/wp\/v2\/categories?post=3261"},{"taxonomy":"post_tag","embeddable":true,"href":"https:\/\/madresdesterradas.es\/index.php\/wp-json\/wp\/v2\/tags?post=3261"}],"curies":[{"name":"wp","href":"https:\/\/api.w.org\/{rel}","templated":true}]}}