{"id":3159,"date":"2018-11-25T16:00:00","date_gmt":"2018-11-25T15:00:00","guid":{"rendered":"https:\/\/madresdesterradas.wordpress.com\/?p=3159"},"modified":"2021-12-28T09:35:02","modified_gmt":"2021-12-28T08:35:02","slug":"calendario-de-adviento","status":"publish","type":"post","link":"https:\/\/madresdesterradas.es\/index.php\/2018\/11\/25\/calendario-de-adviento\/","title":{"rendered":"Calendario de Adviento"},"content":{"rendered":"\n<figure class=\"wp-block-gallery columns-3 is-cropped wp-block-gallery-1 is-layout-flex wp-block-gallery-is-layout-flex\"><ul class=\"blocks-gallery-grid\"><li class=\"blocks-gallery-item\"><figure><img loading=\"lazy\" decoding=\"async\" width=\"1002\" height=\"1024\" src=\"https:\/\/madresdesterradas.es\/wp-content\/uploads\/2018\/11\/Screenshot_20191123-2147572-1002x1024.png\" alt=\"\" data-id=\"4599\" data-full-url=\"https:\/\/madresdesterradas.es\/wp-content\/uploads\/2018\/11\/Screenshot_20191123-2147572.png\" data-link=\"https:\/\/madresdesterradas.es\/index.php\/2018\/11\/26\/calendario-de-adviento\/screenshot_20191123-2147572\/\" class=\"wp-image-4599\" srcset=\"https:\/\/madresdesterradas.es\/wp-content\/uploads\/2018\/11\/Screenshot_20191123-2147572-1002x1024.png 1002w, https:\/\/madresdesterradas.es\/wp-content\/uploads\/2018\/11\/Screenshot_20191123-2147572-294x300.png 294w, https:\/\/madresdesterradas.es\/wp-content\/uploads\/2018\/11\/Screenshot_20191123-2147572-768x785.png 768w, https:\/\/madresdesterradas.es\/wp-content\/uploads\/2018\/11\/Screenshot_20191123-2147572-825x843.png 825w, https:\/\/madresdesterradas.es\/wp-content\/uploads\/2018\/11\/Screenshot_20191123-2147572-395x404.png 395w, https:\/\/madresdesterradas.es\/wp-content\/uploads\/2018\/11\/Screenshot_20191123-2147572.png 1043w\" sizes=\"auto, (max-width: 1002px) 100vw, 1002px\" \/><\/figure><\/li><li class=\"blocks-gallery-item\"><figure><img loading=\"lazy\" decoding=\"async\" width=\"1024\" height=\"1010\" src=\"https:\/\/madresdesterradas.es\/wp-content\/uploads\/2018\/11\/screenshot_20181126-1004002-1024x1010.png\" alt=\"\" data-id=\"3198\" data-full-url=\"https:\/\/madresdesterradas.es\/wp-content\/uploads\/2018\/11\/screenshot_20181126-1004002.png\" data-link=\"https:\/\/madresdesterradas.es\/index.php\/2018\/11\/26\/calendario-de-adviento\/screenshot_20181126-1004002\/\" class=\"wp-image-3198\" srcset=\"https:\/\/madresdesterradas.es\/wp-content\/uploads\/2018\/11\/screenshot_20181126-1004002-1024x1010.png 1024w, https:\/\/madresdesterradas.es\/wp-content\/uploads\/2018\/11\/screenshot_20181126-1004002-825x814.png 825w, https:\/\/madresdesterradas.es\/wp-content\/uploads\/2018\/11\/screenshot_20181126-1004002-85x85.png 85w, https:\/\/madresdesterradas.es\/wp-content\/uploads\/2018\/11\/screenshot_20181126-1004002-395x390.png 395w, https:\/\/madresdesterradas.es\/wp-content\/uploads\/2018\/11\/screenshot_20181126-1004002-300x296.png 300w, https:\/\/madresdesterradas.es\/wp-content\/uploads\/2018\/11\/screenshot_20181126-1004002-768x757.png 768w, https:\/\/madresdesterradas.es\/wp-content\/uploads\/2018\/11\/screenshot_20181126-1004002.png 1080w\" sizes=\"auto, (max-width: 1024px) 100vw, 1024px\" \/><\/figure><\/li><li class=\"blocks-gallery-item\"><figure><img loading=\"lazy\" decoding=\"async\" width=\"1018\" height=\"1024\" src=\"https:\/\/madresdesterradas.es\/wp-content\/uploads\/2018\/11\/screenshot_20181126-1003442-1018x1024.png\" alt=\"\" data-id=\"3197\" data-full-url=\"https:\/\/madresdesterradas.es\/wp-content\/uploads\/2018\/11\/screenshot_20181126-1003442.png\" data-link=\"https:\/\/madresdesterradas.es\/index.php\/2018\/11\/26\/calendario-de-adviento\/screenshot_20181126-1003442\/\" class=\"wp-image-3197\" srcset=\"https:\/\/madresdesterradas.es\/wp-content\/uploads\/2018\/11\/screenshot_20181126-1003442-1018x1024.png 1018w, https:\/\/madresdesterradas.es\/wp-content\/uploads\/2018\/11\/screenshot_20181126-1003442-825x830.png 825w, https:\/\/madresdesterradas.es\/wp-content\/uploads\/2018\/11\/screenshot_20181126-1003442-85x85.png 85w, https:\/\/madresdesterradas.es\/wp-content\/uploads\/2018\/11\/screenshot_20181126-1003442-170x170.png 170w, https:\/\/madresdesterradas.es\/wp-content\/uploads\/2018\/11\/screenshot_20181126-1003442-395x397.png 395w, https:\/\/madresdesterradas.es\/wp-content\/uploads\/2018\/11\/screenshot_20181126-1003442-150x150.png 150w, https:\/\/madresdesterradas.es\/wp-content\/uploads\/2018\/11\/screenshot_20181126-1003442-298x300.png 298w, https:\/\/madresdesterradas.es\/wp-content\/uploads\/2018\/11\/screenshot_20181126-1003442-768x772.png 768w, https:\/\/madresdesterradas.es\/wp-content\/uploads\/2018\/11\/screenshot_20181126-1003442.png 1072w\" sizes=\"auto, (max-width: 1018px) 100vw, 1018px\" \/><\/figure><\/li><li class=\"blocks-gallery-item\"><figure><img loading=\"lazy\" decoding=\"async\" width=\"1024\" height=\"1013\" src=\"https:\/\/madresdesterradas.es\/wp-content\/uploads\/2018\/11\/screenshot_20181126-1002242-1024x1013.png\" alt=\"\" data-id=\"3195\" data-full-url=\"https:\/\/madresdesterradas.es\/wp-content\/uploads\/2018\/11\/screenshot_20181126-1002242.png\" data-link=\"https:\/\/madresdesterradas.es\/index.php\/2018\/11\/26\/calendario-de-adviento\/screenshot_20181126-1002242\/\" class=\"wp-image-3195\" srcset=\"https:\/\/madresdesterradas.es\/wp-content\/uploads\/2018\/11\/screenshot_20181126-1002242-1024x1013.png 1024w, https:\/\/madresdesterradas.es\/wp-content\/uploads\/2018\/11\/screenshot_20181126-1002242-825x816.png 825w, https:\/\/madresdesterradas.es\/wp-content\/uploads\/2018\/11\/screenshot_20181126-1002242-85x85.png 85w, https:\/\/madresdesterradas.es\/wp-content\/uploads\/2018\/11\/screenshot_20181126-1002242-395x391.png 395w, https:\/\/madresdesterradas.es\/wp-content\/uploads\/2018\/11\/screenshot_20181126-1002242-300x297.png 300w, https:\/\/madresdesterradas.es\/wp-content\/uploads\/2018\/11\/screenshot_20181126-1002242-768x759.png 768w, https:\/\/madresdesterradas.es\/wp-content\/uploads\/2018\/11\/screenshot_20181126-1002242.png 1080w\" sizes=\"auto, (max-width: 1024px) 100vw, 1024px\" \/><\/figure><\/li><li class=\"blocks-gallery-item\"><figure><img loading=\"lazy\" decoding=\"async\" width=\"1024\" height=\"1021\" src=\"https:\/\/madresdesterradas.es\/wp-content\/uploads\/2018\/11\/screenshot_20181126-1001442-1024x1021.png\" alt=\"\" data-id=\"3194\" data-full-url=\"https:\/\/madresdesterradas.es\/wp-content\/uploads\/2018\/11\/screenshot_20181126-1001442.png\" data-link=\"https:\/\/madresdesterradas.es\/index.php\/2018\/11\/26\/calendario-de-adviento\/screenshot_20181126-1001442\/\" class=\"wp-image-3194\" srcset=\"https:\/\/madresdesterradas.es\/wp-content\/uploads\/2018\/11\/screenshot_20181126-1001442-1024x1021.png 1024w, https:\/\/madresdesterradas.es\/wp-content\/uploads\/2018\/11\/screenshot_20181126-1001442-825x823.png 825w, https:\/\/madresdesterradas.es\/wp-content\/uploads\/2018\/11\/screenshot_20181126-1001442-85x85.png 85w, https:\/\/madresdesterradas.es\/wp-content\/uploads\/2018\/11\/screenshot_20181126-1001442-170x170.png 170w, https:\/\/madresdesterradas.es\/wp-content\/uploads\/2018\/11\/screenshot_20181126-1001442-395x394.png 395w, https:\/\/madresdesterradas.es\/wp-content\/uploads\/2018\/11\/screenshot_20181126-1001442-150x150.png 150w, https:\/\/madresdesterradas.es\/wp-content\/uploads\/2018\/11\/screenshot_20181126-1001442-300x300.png 300w, https:\/\/madresdesterradas.es\/wp-content\/uploads\/2018\/11\/screenshot_20181126-1001442-768x766.png 768w, https:\/\/madresdesterradas.es\/wp-content\/uploads\/2018\/11\/screenshot_20181126-1001442.png 1070w\" sizes=\"auto, (max-width: 1024px) 100vw, 1024px\" \/><\/figure><\/li><\/ul><\/figure>\n\n\n<p>B empez\u00f3 en el 2016 con el Calendario de Adviento, y lo disfrut\u00f3 tanto, que el a\u00f1o pasado, nos multiplicamos (y no solo en beb\u00e9s 2.0, que tambi\u00e9n&#8230;). Por supuesto, estamos hablando de calendario sin chocolate, aunque en toooodos los sitios se venda y\/o te lo regalen&#8230;<br \/>Como el a\u00f1o pasado ten\u00edamos poco tiempo con los beb\u00e9s y los reci\u00e9n nacidos, adem\u00e1s de tema trabajo-no conciliaci\u00f3n, tiramos tambi\u00e9n de \u00abVale por un d\u00eda en&#8230;\u00bb y regalitos sorpresa.<\/p>\n<p>El calendario en s\u00ed, pod\u00e9is hacerlo con sobres (ten\u00e9is varias tiendas online para comprar, pueden decorarlo los ni\u00f1os y personalizarlo) y pegatinas, de tela (pedirlo con algo de tiempo&#8230;), de madera o ir a comprar a Tiger (que nos vendan acciones \u00a1ya!). El a\u00f1o pasado, tambi\u00e9n pusieron a la venta unos muy chulos de tela en Aldi (pero \u00a1\u00a1vuelan!!). Si los bolsillos\/cajas son peque\u00f1os, siempre pod\u00e9is poner un papel y leerlo. \ud83d\ude09<\/p>\n<p>Esto es lo que pod\u00e9is encontrar en Tiger este a\u00f1o. Hay varios modelos:<\/p>\n<div id='gallery-1' class='gallery galleryid-3159 gallery-columns-3 gallery-size-thumbnail'><figure class='gallery-item'>\n\t\t\t<div class='gallery-icon landscape'>\n\t\t\t\t<a href='https:\/\/madresdesterradas.es\/index.php\/2018\/11\/25\/calendario-de-adviento\/screenshot_20181126-0135262\/'><img loading=\"lazy\" decoding=\"async\" width=\"150\" height=\"150\" src=\"https:\/\/madresdesterradas.es\/wp-content\/uploads\/2018\/11\/screenshot_20181126-0135262-150x150.png\" class=\"attachment-thumbnail size-thumbnail\" alt=\"\" srcset=\"https:\/\/madresdesterradas.es\/wp-content\/uploads\/2018\/11\/screenshot_20181126-0135262-150x150.png 150w, https:\/\/madresdesterradas.es\/wp-content\/uploads\/2018\/11\/screenshot_20181126-0135262-85x85.png 85w, https:\/\/madresdesterradas.es\/wp-content\/uploads\/2018\/11\/screenshot_20181126-0135262-170x170.png 170w\" sizes=\"auto, (max-width: 150px) 100vw, 150px\" \/><\/a>\n\t\t\t<\/div><\/figure><figure class='gallery-item'>\n\t\t\t<div class='gallery-icon landscape'>\n\t\t\t\t<a href='https:\/\/madresdesterradas.es\/index.php\/2018\/11\/25\/calendario-de-adviento\/screenshot_20181126-0135172\/'><img loading=\"lazy\" decoding=\"async\" width=\"150\" height=\"150\" src=\"https:\/\/madresdesterradas.es\/wp-content\/uploads\/2018\/11\/screenshot_20181126-0135172-150x150.png\" class=\"attachment-thumbnail size-thumbnail\" alt=\"\" srcset=\"https:\/\/madresdesterradas.es\/wp-content\/uploads\/2018\/11\/screenshot_20181126-0135172-150x150.png 150w, https:\/\/madresdesterradas.es\/wp-content\/uploads\/2018\/11\/screenshot_20181126-0135172-85x85.png 85w, https:\/\/madresdesterradas.es\/wp-content\/uploads\/2018\/11\/screenshot_20181126-0135172-170x170.png 170w\" sizes=\"auto, (max-width: 150px) 100vw, 150px\" \/><\/a>\n\t\t\t<\/div><\/figure><figure class='gallery-item'>\n\t\t\t<div class='gallery-icon landscape'>\n\t\t\t\t<a href='https:\/\/madresdesterradas.es\/index.php\/2018\/11\/25\/calendario-de-adviento\/screenshot_20181126-0132502\/'><img loading=\"lazy\" decoding=\"async\" width=\"150\" height=\"150\" src=\"https:\/\/madresdesterradas.es\/wp-content\/uploads\/2018\/11\/screenshot_20181126-0132502-150x150.png\" class=\"attachment-thumbnail size-thumbnail\" alt=\"\" srcset=\"https:\/\/madresdesterradas.es\/wp-content\/uploads\/2018\/11\/screenshot_20181126-0132502-150x150.png 150w, https:\/\/madresdesterradas.es\/wp-content\/uploads\/2018\/11\/screenshot_20181126-0132502-85x85.png 85w, https:\/\/madresdesterradas.es\/wp-content\/uploads\/2018\/11\/screenshot_20181126-0132502-170x170.png 170w\" sizes=\"auto, (max-width: 150px) 100vw, 150px\" \/><\/a>\n\t\t\t<\/div><\/figure><figure class='gallery-item'>\n\t\t\t<div class='gallery-icon portrait'>\n\t\t\t\t<a href='https:\/\/madresdesterradas.es\/index.php\/2018\/11\/25\/calendario-de-adviento\/screenshot_20181126-0134412\/'><img loading=\"lazy\" decoding=\"async\" width=\"150\" height=\"150\" src=\"https:\/\/madresdesterradas.es\/wp-content\/uploads\/2018\/11\/screenshot_20181126-0134412-150x150.png\" class=\"attachment-thumbnail size-thumbnail\" alt=\"\" srcset=\"https:\/\/madresdesterradas.es\/wp-content\/uploads\/2018\/11\/screenshot_20181126-0134412-150x150.png 150w, https:\/\/madresdesterradas.es\/wp-content\/uploads\/2018\/11\/screenshot_20181126-0134412-85x85.png 85w, https:\/\/madresdesterradas.es\/wp-content\/uploads\/2018\/11\/screenshot_20181126-0134412-170x170.png 170w\" sizes=\"auto, (max-width: 150px) 100vw, 150px\" \/><\/a>\n\t\t\t<\/div><\/figure>\n\t\t<\/div>\n\n<p>Os ponemos nuestra lista y algunas im\u00e1genes que puede que vierais el a\u00f1o pasado si nos segu\u00eds en Instagram.<br \/><!--more--><br \/>Salen m\u00e1s cosas que d\u00edas, y alguna que nos habremos olvidado seguro&#8230;.pero \u00a1es lo que tiene ser cinco!<\/p>\n<ol>\n<li>Cantar villancicos<\/li>\n<li>Ir al circo (el a\u00f1o pasado, fuimos al circo en Suiza y al Gran Fele en Valencia). Muy recomendable Raluy.<img loading=\"lazy\" decoding=\"async\" class=\"alignnone size-full wp-image-3206\" src=\"https:\/\/madresdesterradas.es\/wp-content\/uploads\/2018\/11\/screenshot_20181126-1032062.png\" alt=\"Screenshot_20181126-103206~2\" width=\"1075\" height=\"1071\" srcset=\"https:\/\/madresdesterradas.es\/wp-content\/uploads\/2018\/11\/screenshot_20181126-1032062.png 1075w, https:\/\/madresdesterradas.es\/wp-content\/uploads\/2018\/11\/screenshot_20181126-1032062-825x822.png 825w, https:\/\/madresdesterradas.es\/wp-content\/uploads\/2018\/11\/screenshot_20181126-1032062-85x85.png 85w, https:\/\/madresdesterradas.es\/wp-content\/uploads\/2018\/11\/screenshot_20181126-1032062-170x170.png 170w, https:\/\/madresdesterradas.es\/wp-content\/uploads\/2018\/11\/screenshot_20181126-1032062-395x394.png 395w, https:\/\/madresdesterradas.es\/wp-content\/uploads\/2018\/11\/screenshot_20181126-1032062-150x150.png 150w, https:\/\/madresdesterradas.es\/wp-content\/uploads\/2018\/11\/screenshot_20181126-1032062-300x300.png 300w, https:\/\/madresdesterradas.es\/wp-content\/uploads\/2018\/11\/screenshot_20181126-1032062-768x765.png 768w, https:\/\/madresdesterradas.es\/wp-content\/uploads\/2018\/11\/screenshot_20181126-1032062-1024x1020.png 1024w\" sizes=\"auto, (max-width: 1075px) 100vw, 1075px\" \/><\/li>\n<li>Ir al Bioparc<\/li>\n<li>Ir al Oceanogr\u00e0fic<\/li>\n<li>Ir al Museo<\/li>\n<li>Ir al ver la iluminaci\u00f3n de la ciudad (en Suiza, el Iluminarium de Z\u00farich y por la terreta, Valencia). Este a\u00f1o hemos ido a <a href=\"https:\/\/madresdesterradas.es\/index.php\/2021\/12\/25\/les-llums-de-vivers\/\">Les llums de Vivers<\/a>.\n<div id='gallery-2' class='gallery galleryid-3159 gallery-columns-3 gallery-size-thumbnail'><figure class='gallery-item'>\n\t\t\t<div class='gallery-icon landscape'>\n\t\t\t\t<a href='https:\/\/madresdesterradas.es\/index.php\/2018\/11\/25\/calendario-de-adviento\/screenshot_20181126-1000372\/'><img loading=\"lazy\" decoding=\"async\" width=\"150\" height=\"150\" src=\"https:\/\/madresdesterradas.es\/wp-content\/uploads\/2018\/11\/screenshot_20181126-1000372-150x150.png\" class=\"attachment-thumbnail size-thumbnail\" alt=\"\" srcset=\"https:\/\/madresdesterradas.es\/wp-content\/uploads\/2018\/11\/screenshot_20181126-1000372-150x150.png 150w, https:\/\/madresdesterradas.es\/wp-content\/uploads\/2018\/11\/screenshot_20181126-1000372-825x817.png 825w, https:\/\/madresdesterradas.es\/wp-content\/uploads\/2018\/11\/screenshot_20181126-1000372-85x85.png 85w, https:\/\/madresdesterradas.es\/wp-content\/uploads\/2018\/11\/screenshot_20181126-1000372-170x170.png 170w, https:\/\/madresdesterradas.es\/wp-content\/uploads\/2018\/11\/screenshot_20181126-1000372-300x297.png 300w, https:\/\/madresdesterradas.es\/wp-content\/uploads\/2018\/11\/screenshot_20181126-1000372-1024x1014.png 1024w\" sizes=\"auto, (max-width: 150px) 100vw, 150px\" \/><\/a>\n\t\t\t<\/div><\/figure><figure class='gallery-item'>\n\t\t\t<div class='gallery-icon portrait'>\n\t\t\t\t<a href='https:\/\/madresdesterradas.es\/index.php\/2018\/11\/25\/calendario-de-adviento\/img_20171216_194006\/'><img loading=\"lazy\" decoding=\"async\" width=\"150\" height=\"150\" src=\"https:\/\/madresdesterradas.es\/wp-content\/uploads\/2018\/11\/img_20171216_194006-150x150.jpg\" class=\"attachment-thumbnail size-thumbnail\" alt=\"\" srcset=\"https:\/\/madresdesterradas.es\/wp-content\/uploads\/2018\/11\/img_20171216_194006-150x150.jpg 150w, https:\/\/madresdesterradas.es\/wp-content\/uploads\/2018\/11\/img_20171216_194006-85x85.jpg 85w, https:\/\/madresdesterradas.es\/wp-content\/uploads\/2018\/11\/img_20171216_194006-170x170.jpg 170w\" sizes=\"auto, (max-width: 150px) 100vw, 150px\" \/><\/a>\n\t\t\t<\/div><\/figure>\n\t\t<\/div>\n\n<\/li>\n<li>Hacer galletas\n<div id='gallery-3' class='gallery galleryid-3159 gallery-columns-3 gallery-size-thumbnail'><figure class='gallery-item'>\n\t\t\t<div class='gallery-icon portrait'>\n\t\t\t\t<a href='https:\/\/madresdesterradas.es\/index.php\/2018\/11\/25\/calendario-de-adviento\/screenshot_20181126-1030512\/'><img loading=\"lazy\" decoding=\"async\" width=\"150\" height=\"150\" src=\"https:\/\/madresdesterradas.es\/wp-content\/uploads\/2018\/11\/screenshot_20181126-1030512-150x150.png\" class=\"attachment-thumbnail size-thumbnail\" alt=\"\" srcset=\"https:\/\/madresdesterradas.es\/wp-content\/uploads\/2018\/11\/screenshot_20181126-1030512-150x150.png 150w, https:\/\/madresdesterradas.es\/wp-content\/uploads\/2018\/11\/screenshot_20181126-1030512-825x827.png 825w, https:\/\/madresdesterradas.es\/wp-content\/uploads\/2018\/11\/screenshot_20181126-1030512-85x85.png 85w, https:\/\/madresdesterradas.es\/wp-content\/uploads\/2018\/11\/screenshot_20181126-1030512-170x170.png 170w, https:\/\/madresdesterradas.es\/wp-content\/uploads\/2018\/11\/screenshot_20181126-1030512-395x396.png 395w, https:\/\/madresdesterradas.es\/wp-content\/uploads\/2018\/11\/screenshot_20181126-1030512-300x300.png 300w, https:\/\/madresdesterradas.es\/wp-content\/uploads\/2018\/11\/screenshot_20181126-1030512-768x769.png 768w, https:\/\/madresdesterradas.es\/wp-content\/uploads\/2018\/11\/screenshot_20181126-1030512-1022x1024.png 1022w, https:\/\/madresdesterradas.es\/wp-content\/uploads\/2018\/11\/screenshot_20181126-1030512.png 1068w\" sizes=\"auto, (max-width: 150px) 100vw, 150px\" \/><\/a>\n\t\t\t<\/div><\/figure><figure class='gallery-item'>\n\t\t\t<div class='gallery-icon landscape'>\n\t\t\t\t<a href='https:\/\/madresdesterradas.es\/index.php\/2018\/11\/25\/calendario-de-adviento\/screenshot_20181126-1031042\/'><img loading=\"lazy\" decoding=\"async\" width=\"150\" height=\"150\" src=\"https:\/\/madresdesterradas.es\/wp-content\/uploads\/2018\/11\/screenshot_20181126-1031042-150x150.png\" class=\"attachment-thumbnail size-thumbnail\" alt=\"\" srcset=\"https:\/\/madresdesterradas.es\/wp-content\/uploads\/2018\/11\/screenshot_20181126-1031042-150x150.png 150w, https:\/\/madresdesterradas.es\/wp-content\/uploads\/2018\/11\/screenshot_20181126-1031042-825x817.png 825w, https:\/\/madresdesterradas.es\/wp-content\/uploads\/2018\/11\/screenshot_20181126-1031042-85x85.png 85w, https:\/\/madresdesterradas.es\/wp-content\/uploads\/2018\/11\/screenshot_20181126-1031042-170x170.png 170w, https:\/\/madresdesterradas.es\/wp-content\/uploads\/2018\/11\/screenshot_20181126-1031042-300x297.png 300w, https:\/\/madresdesterradas.es\/wp-content\/uploads\/2018\/11\/screenshot_20181126-1031042-1024x1014.png 1024w\" sizes=\"auto, (max-width: 150px) 100vw, 150px\" \/><\/a>\n\t\t\t<\/div><\/figure>\n\t\t<\/div>\n\n<\/li>\n<li style=\"text-align: left;\">Hacer <a href=\"https:\/\/madresdesterradas.es\/index.php\/2020\/12\/11\/postales-navidenas\/\">postales<\/a> navide\u00f1as. Aqu\u00ed ten\u00e9is con cartulinas, pompones, cu\u00f1o hecho con patata para simular bolas, papel de origami&#8230;Una chula de a\u00f1os anteriores es la huella del pie pintada de verde (del rev\u00e9s) simulando un \u00e1rbol de Navidad.\n<div id='gallery-4' class='gallery galleryid-3159 gallery-columns-3 gallery-size-thumbnail'><figure class='gallery-item'>\n\t\t\t<div class='gallery-icon portrait'>\n\t\t\t\t<a href='https:\/\/madresdesterradas.es\/index.php\/2018\/11\/25\/calendario-de-adviento\/img-20181126-wa0035\/'><img loading=\"lazy\" decoding=\"async\" width=\"150\" height=\"150\" src=\"https:\/\/madresdesterradas.es\/wp-content\/uploads\/2018\/11\/img-20181126-wa0035-e1607681432520-150x150.jpg\" class=\"attachment-thumbnail size-thumbnail\" alt=\"\" srcset=\"https:\/\/madresdesterradas.es\/wp-content\/uploads\/2018\/11\/img-20181126-wa0035-e1607681432520-150x150.jpg 150w, https:\/\/madresdesterradas.es\/wp-content\/uploads\/2018\/11\/img-20181126-wa0035-e1607681432520-576x575.jpg 576w, https:\/\/madresdesterradas.es\/wp-content\/uploads\/2018\/11\/img-20181126-wa0035-e1607681432520-85x85.jpg 85w, https:\/\/madresdesterradas.es\/wp-content\/uploads\/2018\/11\/img-20181126-wa0035-e1607681432520-170x170.jpg 170w\" sizes=\"auto, (max-width: 150px) 100vw, 150px\" \/><\/a>\n\t\t\t<\/div><\/figure><figure class='gallery-item'>\n\t\t\t<div class='gallery-icon landscape'>\n\t\t\t\t<a href='https:\/\/madresdesterradas.es\/index.php\/2018\/11\/25\/calendario-de-adviento\/img_20171202_213819\/'><img loading=\"lazy\" decoding=\"async\" width=\"150\" height=\"150\" src=\"https:\/\/madresdesterradas.es\/wp-content\/uploads\/2018\/11\/img_20171202_213819-150x150.jpg\" class=\"attachment-thumbnail size-thumbnail\" alt=\"\" srcset=\"https:\/\/madresdesterradas.es\/wp-content\/uploads\/2018\/11\/img_20171202_213819-150x150.jpg 150w, https:\/\/madresdesterradas.es\/wp-content\/uploads\/2018\/11\/img_20171202_213819-85x85.jpg 85w, https:\/\/madresdesterradas.es\/wp-content\/uploads\/2018\/11\/img_20171202_213819-170x170.jpg 170w\" sizes=\"auto, (max-width: 150px) 100vw, 150px\" \/><\/a>\n\t\t\t<\/div><\/figure><figure class='gallery-item'>\n\t\t\t<div class='gallery-icon landscape'>\n\t\t\t\t<a href='https:\/\/madresdesterradas.es\/index.php\/2018\/11\/25\/calendario-de-adviento\/img_20171203_105008\/'><img loading=\"lazy\" decoding=\"async\" width=\"150\" height=\"150\" src=\"https:\/\/madresdesterradas.es\/wp-content\/uploads\/2018\/11\/img_20171203_105008-150x150.jpg\" class=\"attachment-thumbnail size-thumbnail\" alt=\"\" srcset=\"https:\/\/madresdesterradas.es\/wp-content\/uploads\/2018\/11\/img_20171203_105008-150x150.jpg 150w, https:\/\/madresdesterradas.es\/wp-content\/uploads\/2018\/11\/img_20171203_105008-85x85.jpg 85w, https:\/\/madresdesterradas.es\/wp-content\/uploads\/2018\/11\/img_20171203_105008-170x170.jpg 170w\" sizes=\"auto, (max-width: 150px) 100vw, 150px\" \/><\/a>\n\t\t\t<\/div><\/figure><figure class='gallery-item'>\n\t\t\t<div class='gallery-icon landscape'>\n\t\t\t\t<a href='https:\/\/madresdesterradas.es\/index.php\/2018\/11\/25\/calendario-de-adviento\/img-20171203-wa0005\/'><img loading=\"lazy\" decoding=\"async\" width=\"150\" height=\"150\" src=\"https:\/\/madresdesterradas.es\/wp-content\/uploads\/2018\/11\/img-20171203-wa0005-150x150.jpeg\" class=\"attachment-thumbnail size-thumbnail\" alt=\"\" srcset=\"https:\/\/madresdesterradas.es\/wp-content\/uploads\/2018\/11\/img-20171203-wa0005-150x150.jpeg 150w, https:\/\/madresdesterradas.es\/wp-content\/uploads\/2018\/11\/img-20171203-wa0005-85x85.jpeg 85w, https:\/\/madresdesterradas.es\/wp-content\/uploads\/2018\/11\/img-20171203-wa0005-170x170.jpeg 170w\" sizes=\"auto, (max-width: 150px) 100vw, 150px\" \/><\/a>\n\t\t\t<\/div><\/figure><figure class='gallery-item'>\n\t\t\t<div class='gallery-icon landscape'>\n\t\t\t\t<a href='https:\/\/madresdesterradas.es\/index.php\/2018\/11\/25\/calendario-de-adviento\/picsart_11-24-01-07-56\/'><img loading=\"lazy\" decoding=\"async\" width=\"150\" height=\"150\" src=\"https:\/\/madresdesterradas.es\/wp-content\/uploads\/2018\/11\/PicsArt_11-24-01.07.56-150x150.jpg\" class=\"attachment-thumbnail size-thumbnail\" alt=\"\" srcset=\"https:\/\/madresdesterradas.es\/wp-content\/uploads\/2018\/11\/PicsArt_11-24-01.07.56-150x150.jpg 150w, https:\/\/madresdesterradas.es\/wp-content\/uploads\/2018\/11\/PicsArt_11-24-01.07.56-300x300.jpg 300w, https:\/\/madresdesterradas.es\/wp-content\/uploads\/2018\/11\/PicsArt_11-24-01.07.56-1024x1024.jpg 1024w, https:\/\/madresdesterradas.es\/wp-content\/uploads\/2018\/11\/PicsArt_11-24-01.07.56-768x768.jpg 768w, https:\/\/madresdesterradas.es\/wp-content\/uploads\/2018\/11\/PicsArt_11-24-01.07.56-825x825.jpg 825w, https:\/\/madresdesterradas.es\/wp-content\/uploads\/2018\/11\/PicsArt_11-24-01.07.56-85x85.jpg 85w, https:\/\/madresdesterradas.es\/wp-content\/uploads\/2018\/11\/PicsArt_11-24-01.07.56-170x170.jpg 170w, https:\/\/madresdesterradas.es\/wp-content\/uploads\/2018\/11\/PicsArt_11-24-01.07.56-395x395.jpg 395w, https:\/\/madresdesterradas.es\/wp-content\/uploads\/2018\/11\/PicsArt_11-24-01.07.56.jpg 1080w\" sizes=\"auto, (max-width: 150px) 100vw, 150px\" \/><\/a>\n\t\t\t<\/div><\/figure><figure class='gallery-item'>\n\t\t\t<div class='gallery-icon portrait'>\n\t\t\t\t<a href='https:\/\/madresdesterradas.es\/index.php\/2018\/11\/25\/calendario-de-adviento\/20161211_181817\/'><img loading=\"lazy\" decoding=\"async\" width=\"150\" height=\"150\" src=\"https:\/\/madresdesterradas.es\/wp-content\/uploads\/2018\/11\/20161211_181817-150x150.jpg\" class=\"attachment-thumbnail size-thumbnail\" alt=\"\" srcset=\"https:\/\/madresdesterradas.es\/wp-content\/uploads\/2018\/11\/20161211_181817-150x150.jpg 150w, https:\/\/madresdesterradas.es\/wp-content\/uploads\/2018\/11\/20161211_181817-85x85.jpg 85w, https:\/\/madresdesterradas.es\/wp-content\/uploads\/2018\/11\/20161211_181817-170x170.jpg 170w\" sizes=\"auto, (max-width: 150px) 100vw, 150px\" \/><\/a>\n\t\t\t<\/div><\/figure>\n\t\t<\/div>\n\n<\/li>\n<li>Fotos navide\u00f1as (ropa con motivos o complementos navide\u00f1os, pijamas familiares navide\u00f1os&#8230;)<\/li>\n<li>Hacer <a href=\"https:\/\/madresdesterradas.es\/index.php\/2019\/12\/03\/adornos-de-navidad\/\">adornos para el \u00e1rbol<\/a> (con esto ten\u00e9is para varios d\u00edas, no hay que hacerlos todos en una tarde!!).\n<ol>\n<li>Con pasta de sal<\/li>\n<li>Kit comprado<\/li>\n<li>Palos de polo y pompones, pegatinas<\/li>\n<li>Goma Eva y algod\u00f3n&#8230;\n<div id='gallery-5' class='gallery galleryid-3159 gallery-columns-3 gallery-size-thumbnail'><figure class='gallery-item'>\n\t\t\t<div class='gallery-icon landscape'>\n\t\t\t\t<a href='https:\/\/madresdesterradas.es\/index.php\/2018\/11\/25\/calendario-de-adviento\/screenshot_20181126-1132032\/'><img loading=\"lazy\" decoding=\"async\" width=\"150\" height=\"150\" src=\"https:\/\/madresdesterradas.es\/wp-content\/uploads\/2018\/11\/screenshot_20181126-1132032-e1544693034887-150x150.png\" class=\"attachment-thumbnail size-thumbnail\" alt=\"\" srcset=\"https:\/\/madresdesterradas.es\/wp-content\/uploads\/2018\/11\/screenshot_20181126-1132032-e1544693034887-150x150.png 150w, https:\/\/madresdesterradas.es\/wp-content\/uploads\/2018\/11\/screenshot_20181126-1132032-e1544693034887-85x85.png 85w, https:\/\/madresdesterradas.es\/wp-content\/uploads\/2018\/11\/screenshot_20181126-1132032-e1544693034887-170x170.png 170w\" sizes=\"auto, (max-width: 150px) 100vw, 150px\" \/><\/a>\n\t\t\t<\/div><\/figure><figure class='gallery-item'>\n\t\t\t<div class='gallery-icon portrait'>\n\t\t\t\t<a href='https:\/\/madresdesterradas.es\/index.php\/2018\/11\/25\/calendario-de-adviento\/img_20171224_140354\/'><img loading=\"lazy\" decoding=\"async\" width=\"150\" height=\"150\" src=\"https:\/\/madresdesterradas.es\/wp-content\/uploads\/2018\/11\/img_20171224_140354-150x150.jpg\" class=\"attachment-thumbnail size-thumbnail\" alt=\"\" srcset=\"https:\/\/madresdesterradas.es\/wp-content\/uploads\/2018\/11\/img_20171224_140354-150x150.jpg 150w, https:\/\/madresdesterradas.es\/wp-content\/uploads\/2018\/11\/img_20171224_140354-85x85.jpg 85w, https:\/\/madresdesterradas.es\/wp-content\/uploads\/2018\/11\/img_20171224_140354-170x170.jpg 170w\" sizes=\"auto, (max-width: 150px) 100vw, 150px\" \/><\/a>\n\t\t\t<\/div><\/figure><figure class='gallery-item'>\n\t\t\t<div class='gallery-icon landscape'>\n\t\t\t\t<a href='https:\/\/madresdesterradas.es\/index.php\/2018\/11\/25\/calendario-de-adviento\/img_20171214_190312\/'><img loading=\"lazy\" decoding=\"async\" width=\"150\" height=\"150\" src=\"https:\/\/madresdesterradas.es\/wp-content\/uploads\/2018\/11\/img_20171214_190312-150x150.jpg\" class=\"attachment-thumbnail size-thumbnail\" alt=\"\" srcset=\"https:\/\/madresdesterradas.es\/wp-content\/uploads\/2018\/11\/img_20171214_190312-150x150.jpg 150w, https:\/\/madresdesterradas.es\/wp-content\/uploads\/2018\/11\/img_20171214_190312-85x85.jpg 85w, https:\/\/madresdesterradas.es\/wp-content\/uploads\/2018\/11\/img_20171214_190312-170x170.jpg 170w\" sizes=\"auto, (max-width: 150px) 100vw, 150px\" \/><\/a>\n\t\t\t<\/div><\/figure><figure class='gallery-item'>\n\t\t\t<div class='gallery-icon portrait'>\n\t\t\t\t<a href='https:\/\/madresdesterradas.es\/index.php\/2018\/11\/25\/calendario-de-adviento\/img_20171203_135034\/'><img loading=\"lazy\" decoding=\"async\" width=\"150\" height=\"150\" src=\"https:\/\/madresdesterradas.es\/wp-content\/uploads\/2018\/11\/img_20171203_135034-150x150.jpg\" class=\"attachment-thumbnail size-thumbnail\" alt=\"\" srcset=\"https:\/\/madresdesterradas.es\/wp-content\/uploads\/2018\/11\/img_20171203_135034-150x150.jpg 150w, https:\/\/madresdesterradas.es\/wp-content\/uploads\/2018\/11\/img_20171203_135034-85x85.jpg 85w, https:\/\/madresdesterradas.es\/wp-content\/uploads\/2018\/11\/img_20171203_135034-170x170.jpg 170w\" sizes=\"auto, (max-width: 150px) 100vw, 150px\" \/><\/a>\n\t\t\t<\/div><\/figure><figure class='gallery-item'>\n\t\t\t<div class='gallery-icon portrait'>\n\t\t\t\t<a href='https:\/\/madresdesterradas.es\/index.php\/2018\/11\/25\/calendario-de-adviento\/img_20171202_152502\/'><img loading=\"lazy\" decoding=\"async\" width=\"150\" height=\"150\" src=\"https:\/\/madresdesterradas.es\/wp-content\/uploads\/2018\/11\/img_20171202_152502-150x150.jpg\" class=\"attachment-thumbnail size-thumbnail\" alt=\"\" srcset=\"https:\/\/madresdesterradas.es\/wp-content\/uploads\/2018\/11\/img_20171202_152502-150x150.jpg 150w, https:\/\/madresdesterradas.es\/wp-content\/uploads\/2018\/11\/img_20171202_152502-85x85.jpg 85w, https:\/\/madresdesterradas.es\/wp-content\/uploads\/2018\/11\/img_20171202_152502-170x170.jpg 170w\" sizes=\"auto, (max-width: 150px) 100vw, 150px\" \/><\/a>\n\t\t\t<\/div><\/figure><figure class='gallery-item'>\n\t\t\t<div class='gallery-icon portrait'>\n\t\t\t\t<a href='https:\/\/madresdesterradas.es\/index.php\/2018\/11\/25\/calendario-de-adviento\/img_20171202_124657\/'><img loading=\"lazy\" decoding=\"async\" width=\"150\" height=\"150\" src=\"https:\/\/madresdesterradas.es\/wp-content\/uploads\/2018\/11\/img_20171202_124657-150x150.jpg\" class=\"attachment-thumbnail size-thumbnail\" alt=\"\" srcset=\"https:\/\/madresdesterradas.es\/wp-content\/uploads\/2018\/11\/img_20171202_124657-150x150.jpg 150w, https:\/\/madresdesterradas.es\/wp-content\/uploads\/2018\/11\/img_20171202_124657-85x85.jpg 85w, https:\/\/madresdesterradas.es\/wp-content\/uploads\/2018\/11\/img_20171202_124657-170x170.jpg 170w\" sizes=\"auto, (max-width: 150px) 100vw, 150px\" \/><\/a>\n\t\t\t<\/div><\/figure><figure class='gallery-item'>\n\t\t\t<div class='gallery-icon portrait'>\n\t\t\t\t<a href='https:\/\/madresdesterradas.es\/index.php\/2018\/11\/25\/calendario-de-adviento\/img_20171203_175101\/'><img loading=\"lazy\" decoding=\"async\" width=\"150\" height=\"150\" src=\"https:\/\/madresdesterradas.es\/wp-content\/uploads\/2018\/11\/img_20171203_175101-150x150.jpg\" class=\"attachment-thumbnail size-thumbnail\" alt=\"\" srcset=\"https:\/\/madresdesterradas.es\/wp-content\/uploads\/2018\/11\/img_20171203_175101-150x150.jpg 150w, https:\/\/madresdesterradas.es\/wp-content\/uploads\/2018\/11\/img_20171203_175101-85x85.jpg 85w, https:\/\/madresdesterradas.es\/wp-content\/uploads\/2018\/11\/img_20171203_175101-170x170.jpg 170w\" sizes=\"auto, (max-width: 150px) 100vw, 150px\" \/><\/a>\n\t\t\t<\/div><\/figure><figure class='gallery-item'>\n\t\t\t<div class='gallery-icon landscape'>\n\t\t\t\t<a href='https:\/\/madresdesterradas.es\/index.php\/2018\/11\/25\/calendario-de-adviento\/img_20171203_173420\/'><img loading=\"lazy\" decoding=\"async\" width=\"150\" height=\"150\" src=\"https:\/\/madresdesterradas.es\/wp-content\/uploads\/2018\/11\/img_20171203_173420-150x150.jpg\" class=\"attachment-thumbnail size-thumbnail\" alt=\"\" srcset=\"https:\/\/madresdesterradas.es\/wp-content\/uploads\/2018\/11\/img_20171203_173420-150x150.jpg 150w, https:\/\/madresdesterradas.es\/wp-content\/uploads\/2018\/11\/img_20171203_173420-85x85.jpg 85w, https:\/\/madresdesterradas.es\/wp-content\/uploads\/2018\/11\/img_20171203_173420-170x170.jpg 170w\" sizes=\"auto, (max-width: 150px) 100vw, 150px\" \/><\/a>\n\t\t\t<\/div><\/figure>\n\t\t<\/div>\n\n<\/li>\n<\/ol>\n<\/li>\n<li>Hacer adornos para la casa (en las fotos de arriba pod\u00e9is ver un reno hecho con el rollo de papel higi\u00e9nico, pomp\u00f3n y cartulina)<\/li>\n<li>Pintar pi\u00f1as para decorar el \u00e1rbol\n<div id='gallery-6' class='gallery galleryid-3159 gallery-columns-3 gallery-size-thumbnail'><figure class='gallery-item'>\n\t\t\t<div class='gallery-icon landscape'>\n\t\t\t\t<a href='https:\/\/madresdesterradas.es\/index.php\/2018\/11\/25\/calendario-de-adviento\/screenshot_20181126-1033292\/'><img loading=\"lazy\" decoding=\"async\" width=\"150\" height=\"150\" src=\"https:\/\/madresdesterradas.es\/wp-content\/uploads\/2018\/11\/screenshot_20181126-1033292-150x150.png\" class=\"attachment-thumbnail size-thumbnail\" alt=\"\" srcset=\"https:\/\/madresdesterradas.es\/wp-content\/uploads\/2018\/11\/screenshot_20181126-1033292-150x150.png 150w, https:\/\/madresdesterradas.es\/wp-content\/uploads\/2018\/11\/screenshot_20181126-1033292-85x85.png 85w, https:\/\/madresdesterradas.es\/wp-content\/uploads\/2018\/11\/screenshot_20181126-1033292-170x170.png 170w\" sizes=\"auto, (max-width: 150px) 100vw, 150px\" \/><\/a>\n\t\t\t<\/div><\/figure><figure class='gallery-item'>\n\t\t\t<div class='gallery-icon portrait'>\n\t\t\t\t<a href='https:\/\/madresdesterradas.es\/index.php\/2018\/11\/25\/calendario-de-adviento\/screenshot_20181126-1005292\/'><img loading=\"lazy\" decoding=\"async\" width=\"150\" height=\"150\" src=\"https:\/\/madresdesterradas.es\/wp-content\/uploads\/2018\/11\/screenshot_20181126-1005292-150x150.png\" class=\"attachment-thumbnail size-thumbnail\" alt=\"\" srcset=\"https:\/\/madresdesterradas.es\/wp-content\/uploads\/2018\/11\/screenshot_20181126-1005292-150x150.png 150w, https:\/\/madresdesterradas.es\/wp-content\/uploads\/2018\/11\/screenshot_20181126-1005292-825x827.png 825w, https:\/\/madresdesterradas.es\/wp-content\/uploads\/2018\/11\/screenshot_20181126-1005292-85x85.png 85w, https:\/\/madresdesterradas.es\/wp-content\/uploads\/2018\/11\/screenshot_20181126-1005292-170x170.png 170w, https:\/\/madresdesterradas.es\/wp-content\/uploads\/2018\/11\/screenshot_20181126-1005292-395x396.png 395w, https:\/\/madresdesterradas.es\/wp-content\/uploads\/2018\/11\/screenshot_20181126-1005292-300x300.png 300w, https:\/\/madresdesterradas.es\/wp-content\/uploads\/2018\/11\/screenshot_20181126-1005292-768x769.png 768w, https:\/\/madresdesterradas.es\/wp-content\/uploads\/2018\/11\/screenshot_20181126-1005292-1022x1024.png 1022w, https:\/\/madresdesterradas.es\/wp-content\/uploads\/2018\/11\/screenshot_20181126-1005292.png 1080w\" sizes=\"auto, (max-width: 150px) 100vw, 150px\" \/><\/a>\n\t\t\t<\/div><\/figure>\n\t\t<\/div>\n\n<\/li>\n<li>Pintar velas (pintura de Tiger)<img loading=\"lazy\" decoding=\"async\" class=\"alignnone size-full wp-image-3181\" src=\"https:\/\/madresdesterradas.es\/wp-content\/uploads\/2018\/11\/img_20171224_140409.jpg\" alt=\"IMG_20171224_140409\" width=\"4640\" height=\"3480\" srcset=\"https:\/\/madresdesterradas.es\/wp-content\/uploads\/2018\/11\/img_20171224_140409.jpg 4640w, https:\/\/madresdesterradas.es\/wp-content\/uploads\/2018\/11\/img_20171224_140409-1255x941.jpg 1255w, https:\/\/madresdesterradas.es\/wp-content\/uploads\/2018\/11\/img_20171224_140409-825x619.jpg 825w, https:\/\/madresdesterradas.es\/wp-content\/uploads\/2018\/11\/img_20171224_140409-395x296.jpg 395w, https:\/\/madresdesterradas.es\/wp-content\/uploads\/2018\/11\/img_20171224_140409-1320x990.jpg 1320w, https:\/\/madresdesterradas.es\/wp-content\/uploads\/2018\/11\/img_20171224_140409-300x225.jpg 300w, https:\/\/madresdesterradas.es\/wp-content\/uploads\/2018\/11\/img_20171224_140409-768x576.jpg 768w, https:\/\/madresdesterradas.es\/wp-content\/uploads\/2018\/11\/img_20171224_140409-1024x768.jpg 1024w, https:\/\/madresdesterradas.es\/wp-content\/uploads\/2018\/11\/img_20171224_140409-1568x1176.jpg 1568w\" sizes=\"auto, (max-width: 4640px) 100vw, 4640px\" \/><\/li>\n<li>Pintar tazas (pintura de Tiger)<img loading=\"lazy\" decoding=\"async\" class=\"alignnone size-full wp-image-3182\" src=\"https:\/\/madresdesterradas.es\/wp-content\/uploads\/2018\/11\/img_20171224_191650.jpg\" alt=\"IMG_20171224_191650\" width=\"4640\" height=\"3480\" srcset=\"https:\/\/madresdesterradas.es\/wp-content\/uploads\/2018\/11\/img_20171224_191650.jpg 4640w, https:\/\/madresdesterradas.es\/wp-content\/uploads\/2018\/11\/img_20171224_191650-1255x941.jpg 1255w, https:\/\/madresdesterradas.es\/wp-content\/uploads\/2018\/11\/img_20171224_191650-825x619.jpg 825w, https:\/\/madresdesterradas.es\/wp-content\/uploads\/2018\/11\/img_20171224_191650-395x296.jpg 395w, https:\/\/madresdesterradas.es\/wp-content\/uploads\/2018\/11\/img_20171224_191650-1320x990.jpg 1320w, https:\/\/madresdesterradas.es\/wp-content\/uploads\/2018\/11\/img_20171224_191650-300x225.jpg 300w, https:\/\/madresdesterradas.es\/wp-content\/uploads\/2018\/11\/img_20171224_191650-768x576.jpg 768w, https:\/\/madresdesterradas.es\/wp-content\/uploads\/2018\/11\/img_20171224_191650-1024x768.jpg 1024w, https:\/\/madresdesterradas.es\/wp-content\/uploads\/2018\/11\/img_20171224_191650-1568x1176.jpg 1568w\" sizes=\"auto, (max-width: 4640px) 100vw, 4640px\" \/><\/li>\n<li>Hacer velas (este tipo de cosas solamente en Suiza&#8230;jajja)\n<div id='gallery-7' class='gallery galleryid-3159 gallery-columns-3 gallery-size-thumbnail'><figure class='gallery-item'>\n\t\t\t<div class='gallery-icon landscape'>\n\t\t\t\t<a href='https:\/\/madresdesterradas.es\/index.php\/2018\/11\/25\/calendario-de-adviento\/screenshot_20181126-1031332\/'><img loading=\"lazy\" decoding=\"async\" width=\"150\" height=\"150\" src=\"https:\/\/madresdesterradas.es\/wp-content\/uploads\/2018\/11\/screenshot_20181126-1031332-150x150.png\" class=\"attachment-thumbnail size-thumbnail\" alt=\"\" srcset=\"https:\/\/madresdesterradas.es\/wp-content\/uploads\/2018\/11\/screenshot_20181126-1031332-150x150.png 150w, https:\/\/madresdesterradas.es\/wp-content\/uploads\/2018\/11\/screenshot_20181126-1031332-825x820.png 825w, https:\/\/madresdesterradas.es\/wp-content\/uploads\/2018\/11\/screenshot_20181126-1031332-85x85.png 85w, https:\/\/madresdesterradas.es\/wp-content\/uploads\/2018\/11\/screenshot_20181126-1031332-170x170.png 170w, https:\/\/madresdesterradas.es\/wp-content\/uploads\/2018\/11\/screenshot_20181126-1031332-395x392.png 395w, https:\/\/madresdesterradas.es\/wp-content\/uploads\/2018\/11\/screenshot_20181126-1031332-300x298.png 300w, https:\/\/madresdesterradas.es\/wp-content\/uploads\/2018\/11\/screenshot_20181126-1031332-768x763.png 768w, https:\/\/madresdesterradas.es\/wp-content\/uploads\/2018\/11\/screenshot_20181126-1031332-1024x1017.png 1024w, https:\/\/madresdesterradas.es\/wp-content\/uploads\/2018\/11\/screenshot_20181126-1031332.png 1078w\" sizes=\"auto, (max-width: 150px) 100vw, 150px\" \/><\/a>\n\t\t\t<\/div><\/figure><figure class='gallery-item'>\n\t\t\t<div class='gallery-icon landscape'>\n\t\t\t\t<a href='https:\/\/madresdesterradas.es\/index.php\/2018\/11\/25\/calendario-de-adviento\/screenshot_20181126-1031402\/'><img loading=\"lazy\" decoding=\"async\" width=\"150\" height=\"150\" src=\"https:\/\/madresdesterradas.es\/wp-content\/uploads\/2018\/11\/screenshot_20181126-1031402-150x150.png\" class=\"attachment-thumbnail size-thumbnail\" alt=\"\" srcset=\"https:\/\/madresdesterradas.es\/wp-content\/uploads\/2018\/11\/screenshot_20181126-1031402-150x150.png 150w, https:\/\/madresdesterradas.es\/wp-content\/uploads\/2018\/11\/screenshot_20181126-1031402-825x823.png 825w, https:\/\/madresdesterradas.es\/wp-content\/uploads\/2018\/11\/screenshot_20181126-1031402-85x85.png 85w, https:\/\/madresdesterradas.es\/wp-content\/uploads\/2018\/11\/screenshot_20181126-1031402-170x170.png 170w, https:\/\/madresdesterradas.es\/wp-content\/uploads\/2018\/11\/screenshot_20181126-1031402-395x394.png 395w, https:\/\/madresdesterradas.es\/wp-content\/uploads\/2018\/11\/screenshot_20181126-1031402-300x300.png 300w, https:\/\/madresdesterradas.es\/wp-content\/uploads\/2018\/11\/screenshot_20181126-1031402-768x766.png 768w, https:\/\/madresdesterradas.es\/wp-content\/uploads\/2018\/11\/screenshot_20181126-1031402-1024x1021.png 1024w, https:\/\/madresdesterradas.es\/wp-content\/uploads\/2018\/11\/screenshot_20181126-1031402.png 1080w\" sizes=\"auto, (max-width: 150px) 100vw, 150px\" \/><\/a>\n\t\t\t<\/div><\/figure><figure class='gallery-item'>\n\t\t\t<div class='gallery-icon landscape'>\n\t\t\t\t<a href='https:\/\/madresdesterradas.es\/index.php\/2018\/11\/25\/calendario-de-adviento\/screenshot_20181126-1004402\/'><img loading=\"lazy\" decoding=\"async\" width=\"150\" height=\"150\" src=\"https:\/\/madresdesterradas.es\/wp-content\/uploads\/2018\/11\/screenshot_20181126-1004402-150x150.png\" class=\"attachment-thumbnail size-thumbnail\" alt=\"\" srcset=\"https:\/\/madresdesterradas.es\/wp-content\/uploads\/2018\/11\/screenshot_20181126-1004402-150x150.png 150w, https:\/\/madresdesterradas.es\/wp-content\/uploads\/2018\/11\/screenshot_20181126-1004402-825x817.png 825w, https:\/\/madresdesterradas.es\/wp-content\/uploads\/2018\/11\/screenshot_20181126-1004402-85x85.png 85w, https:\/\/madresdesterradas.es\/wp-content\/uploads\/2018\/11\/screenshot_20181126-1004402-170x170.png 170w, https:\/\/madresdesterradas.es\/wp-content\/uploads\/2018\/11\/screenshot_20181126-1004402-300x297.png 300w, https:\/\/madresdesterradas.es\/wp-content\/uploads\/2018\/11\/screenshot_20181126-1004402-768x761.png 768w, https:\/\/madresdesterradas.es\/wp-content\/uploads\/2018\/11\/screenshot_20181126-1004402-1024x1015.png 1024w, https:\/\/madresdesterradas.es\/wp-content\/uploads\/2018\/11\/screenshot_20181126-1004402.png 1080w\" sizes=\"auto, (max-width: 150px) 100vw, 150px\" \/><\/a>\n\t\t\t<\/div><\/figure>\n\t\t<\/div>\n\n<\/li>\n<li>Hacer dibujos navide\u00f1os\n<ol>\n<li>Con pintura de manos\n<div id='gallery-8' class='gallery galleryid-3159 gallery-columns-3 gallery-size-thumbnail'><figure class='gallery-item'>\n\t\t\t<div class='gallery-icon portrait'>\n\t\t\t\t<a href='https:\/\/madresdesterradas.es\/index.php\/2018\/11\/25\/calendario-de-adviento\/img-20181123-wa0019\/'><img loading=\"lazy\" decoding=\"async\" width=\"150\" height=\"150\" src=\"https:\/\/madresdesterradas.es\/wp-content\/uploads\/2018\/11\/img-20181123-wa0019-150x150.jpg\" class=\"attachment-thumbnail size-thumbnail\" alt=\"\" srcset=\"https:\/\/madresdesterradas.es\/wp-content\/uploads\/2018\/11\/img-20181123-wa0019-150x150.jpg 150w, https:\/\/madresdesterradas.es\/wp-content\/uploads\/2018\/11\/img-20181123-wa0019-85x85.jpg 85w, https:\/\/madresdesterradas.es\/wp-content\/uploads\/2018\/11\/img-20181123-wa0019-170x170.jpg 170w\" sizes=\"auto, (max-width: 150px) 100vw, 150px\" \/><\/a>\n\t\t\t<\/div><\/figure><figure class='gallery-item'>\n\t\t\t<div class='gallery-icon landscape'>\n\t\t\t\t<a href='https:\/\/madresdesterradas.es\/index.php\/2018\/11\/25\/calendario-de-adviento\/img-20181123-wa0018\/'><img loading=\"lazy\" decoding=\"async\" width=\"150\" height=\"150\" src=\"https:\/\/madresdesterradas.es\/wp-content\/uploads\/2018\/11\/img-20181123-wa0018-150x150.jpg\" class=\"attachment-thumbnail size-thumbnail\" alt=\"\" srcset=\"https:\/\/madresdesterradas.es\/wp-content\/uploads\/2018\/11\/img-20181123-wa0018-150x150.jpg 150w, https:\/\/madresdesterradas.es\/wp-content\/uploads\/2018\/11\/img-20181123-wa0018-85x85.jpg 85w, https:\/\/madresdesterradas.es\/wp-content\/uploads\/2018\/11\/img-20181123-wa0018-170x170.jpg 170w\" sizes=\"auto, (max-width: 150px) 100vw, 150px\" \/><\/a>\n\t\t\t<\/div><\/figure>\n\t\t<\/div>\n\n<\/li>\n<li>Con rotuladores de soplar (Tiger)\n<div id='gallery-9' class='gallery galleryid-3159 gallery-columns-3 gallery-size-thumbnail'><figure class='gallery-item'>\n\t\t\t<div class='gallery-icon landscape'>\n\t\t\t\t<a href='https:\/\/madresdesterradas.es\/index.php\/2018\/11\/25\/calendario-de-adviento\/screenshot_20181126-114025\/'><img loading=\"lazy\" decoding=\"async\" width=\"150\" height=\"150\" src=\"https:\/\/madresdesterradas.es\/wp-content\/uploads\/2018\/11\/screenshot_20181126-114025-e1543229647962-150x150.png\" class=\"attachment-thumbnail size-thumbnail\" alt=\"\" srcset=\"https:\/\/madresdesterradas.es\/wp-content\/uploads\/2018\/11\/screenshot_20181126-114025-e1543229647962-150x150.png 150w, https:\/\/madresdesterradas.es\/wp-content\/uploads\/2018\/11\/screenshot_20181126-114025-e1543229647962-85x85.png 85w, https:\/\/madresdesterradas.es\/wp-content\/uploads\/2018\/11\/screenshot_20181126-114025-e1543229647962-170x170.png 170w\" sizes=\"auto, (max-width: 150px) 100vw, 150px\" \/><\/a>\n\t\t\t<\/div><\/figure><figure class='gallery-item'>\n\t\t\t<div class='gallery-icon portrait'>\n\t\t\t\t<a href='https:\/\/madresdesterradas.es\/index.php\/2018\/11\/25\/calendario-de-adviento\/screenshot_20181126-1140172\/'><img loading=\"lazy\" decoding=\"async\" width=\"150\" height=\"150\" src=\"https:\/\/madresdesterradas.es\/wp-content\/uploads\/2018\/11\/screenshot_20181126-1140172-150x150.png\" class=\"attachment-thumbnail size-thumbnail\" alt=\"\" srcset=\"https:\/\/madresdesterradas.es\/wp-content\/uploads\/2018\/11\/screenshot_20181126-1140172-150x150.png 150w, https:\/\/madresdesterradas.es\/wp-content\/uploads\/2018\/11\/screenshot_20181126-1140172-85x85.png 85w, https:\/\/madresdesterradas.es\/wp-content\/uploads\/2018\/11\/screenshot_20181126-1140172-170x170.png 170w\" sizes=\"auto, (max-width: 150px) 100vw, 150px\" \/><\/a>\n\t\t\t<\/div><\/figure>\n\t\t<\/div>\n\n<\/li>\n<li>Sellos de Tiger de copos de nieve (en plateado o azul, ver foto abajo)\u00a0<\/li>\n<\/ol>\n<\/li>\n<li>Jugar con <a href=\"https:\/\/madresdesterradas.es\/index.php\/2018\/03\/02\/nieve-artificial-casera\/\">nieve artificial<\/a><\/li>\n<li>Minimundo del c\u00edrculo polar (ver abajo)<\/li>\n<li><a href=\"https:\/\/madresdesterradas.es\/index.php\/2021\/12\/07\/botellas-sensoriales-navidenas\/\">Botellas sensoriales navide\u00f1as<\/a>. Ya os ense\u00f1amos <a href=\"https:\/\/madresdesterradas.es\/index.php\/2017\/11\/06\/botellas-diy\/\">aqu\u00ed <\/a>nuestras botellas sensoriales. Una es con cascabeles en su interior (muy apropiado para los villancicos) y pod\u00e9is hacer un bote de la calma con elementos en rojo (ten\u00e9is la botella navide\u00f1a de color rojo abajo en la bandeja sensorial navide\u00f1a), pompones&#8230;seg\u00fan lo que encontr\u00e9is en los bazares. (Os dejamos un <a href=\"https:\/\/youtu.be\/levZkN0uvkc\">v\u00eddeo<\/a> de las que hemos hecho con motivos navide\u00f1os siguiendo la receta del bote de la calma).<\/li>\n<li>Beber chocolate caliente +\/- churros-bu\u00f1uelos<\/li>\n<li>Navidad en la mesa de luz. Pod\u00e9is hacer algo como esto, lo que us\u00e9is (de silicona) para decorar los cristales, transparencias&#8230;los mil usos de la mesa de luz, vamos&#8230;Os dejamos <a href=\"https:\/\/madresdesterradas.es\/index.php\/2020\/12\/08\/la-navidad-en-la-mesa-de-luz\/\">aqu\u00ed<\/a> nuestras propuestas.<img loading=\"lazy\" decoding=\"async\" class=\"alignnone size-full wp-image-3184\" src=\"https:\/\/madresdesterradas.es\/wp-content\/uploads\/2018\/11\/img-20171201-wa0060-e1543228503461.jpeg\" alt=\"img-20171201-wa0060.jpeg\" width=\"2205\" height=\"2120\" srcset=\"https:\/\/madresdesterradas.es\/wp-content\/uploads\/2018\/11\/img-20171201-wa0060-e1543228503461.jpeg 2205w, https:\/\/madresdesterradas.es\/wp-content\/uploads\/2018\/11\/img-20171201-wa0060-e1543228503461-1255x1207.jpeg 1255w, https:\/\/madresdesterradas.es\/wp-content\/uploads\/2018\/11\/img-20171201-wa0060-e1543228503461-825x793.jpeg 825w, https:\/\/madresdesterradas.es\/wp-content\/uploads\/2018\/11\/img-20171201-wa0060-e1543228503461-395x380.jpeg 395w, https:\/\/madresdesterradas.es\/wp-content\/uploads\/2018\/11\/img-20171201-wa0060-e1543228503461-1320x1269.jpeg 1320w, https:\/\/madresdesterradas.es\/wp-content\/uploads\/2018\/11\/img-20171201-wa0060-e1543228503461-300x288.jpeg 300w, https:\/\/madresdesterradas.es\/wp-content\/uploads\/2018\/11\/img-20171201-wa0060-e1543228503461-768x738.jpeg 768w, https:\/\/madresdesterradas.es\/wp-content\/uploads\/2018\/11\/img-20171201-wa0060-e1543228503461-1024x985.jpeg 1024w, https:\/\/madresdesterradas.es\/wp-content\/uploads\/2018\/11\/img-20171201-wa0060-e1543228503461-1568x1508.jpeg 1568w\" sizes=\"auto, (max-width: 2205px) 100vw, 2205px\" \/><\/li>\n<li>Regalitos (os vale para rellenar varios d\u00edas). Por ejemplo: ya sab\u00e9is que somos muy fans de Tiger, pues por poco dinero, ten\u00e9is regalitos peque\u00f1os. Otra posibilidad es cada d\u00eda poner una pieza suelta (loose parts) o los minilibros imperdibles repartidos en los distintos d\u00edas.<\/li>\n<li>Poner el \u00e1rbol (\u00bftambi\u00e9n ten\u00e9is la tradici\u00f3n de ponerlo en el puente de diciembre?)<img loading=\"lazy\" decoding=\"async\" class=\"alignnone size-full wp-image-3169\" src=\"https:\/\/madresdesterradas.es\/wp-content\/uploads\/2018\/11\/img_20171210_120324.jpg\" alt=\"IMG_20171210_120324\" width=\"3480\" height=\"4640\" srcset=\"https:\/\/madresdesterradas.es\/wp-content\/uploads\/2018\/11\/img_20171210_120324.jpg 3480w, https:\/\/madresdesterradas.es\/wp-content\/uploads\/2018\/11\/img_20171210_120324-1255x1673.jpg 1255w, https:\/\/madresdesterradas.es\/wp-content\/uploads\/2018\/11\/img_20171210_120324-825x1100.jpg 825w, https:\/\/madresdesterradas.es\/wp-content\/uploads\/2018\/11\/img_20171210_120324-395x527.jpg 395w, https:\/\/madresdesterradas.es\/wp-content\/uploads\/2018\/11\/img_20171210_120324-1320x1760.jpg 1320w, https:\/\/madresdesterradas.es\/wp-content\/uploads\/2018\/11\/img_20171210_120324-225x300.jpg 225w, https:\/\/madresdesterradas.es\/wp-content\/uploads\/2018\/11\/img_20171210_120324-768x1024.jpg 768w, https:\/\/madresdesterradas.es\/wp-content\/uploads\/2018\/11\/img_20171210_120324-1568x2091.jpg 1568w\" sizes=\"auto, (max-width: 3480px) 100vw, 3480px\" \/><\/li>\n<li>Poner \u00e1rbol de fieltro\n<div id='gallery-10' class='gallery galleryid-3159 gallery-columns-3 gallery-size-thumbnail'><figure class='gallery-item'>\n\t\t\t<div class='gallery-icon portrait'>\n\t\t\t\t<a href='https:\/\/madresdesterradas.es\/index.php\/2018\/11\/25\/calendario-de-adviento\/screenshot_20181126-1033472\/'><img loading=\"lazy\" decoding=\"async\" width=\"150\" height=\"150\" src=\"https:\/\/madresdesterradas.es\/wp-content\/uploads\/2018\/11\/screenshot_20181126-1033472-150x150.png\" class=\"attachment-thumbnail size-thumbnail\" alt=\"\" srcset=\"https:\/\/madresdesterradas.es\/wp-content\/uploads\/2018\/11\/screenshot_20181126-1033472-150x150.png 150w, https:\/\/madresdesterradas.es\/wp-content\/uploads\/2018\/11\/screenshot_20181126-1033472-85x85.png 85w, https:\/\/madresdesterradas.es\/wp-content\/uploads\/2018\/11\/screenshot_20181126-1033472-170x170.png 170w\" sizes=\"auto, (max-width: 150px) 100vw, 150px\" \/><\/a>\n\t\t\t<\/div><\/figure><figure class='gallery-item'>\n\t\t\t<div class='gallery-icon portrait'>\n\t\t\t\t<a href='https:\/\/madresdesterradas.es\/index.php\/2018\/11\/25\/calendario-de-adviento\/img_20171216_160337\/'><img loading=\"lazy\" decoding=\"async\" width=\"150\" height=\"150\" src=\"https:\/\/madresdesterradas.es\/wp-content\/uploads\/2018\/11\/img_20171216_160337-150x150.jpg\" class=\"attachment-thumbnail size-thumbnail\" alt=\"\" srcset=\"https:\/\/madresdesterradas.es\/wp-content\/uploads\/2018\/11\/img_20171216_160337-150x150.jpg 150w, https:\/\/madresdesterradas.es\/wp-content\/uploads\/2018\/11\/img_20171216_160337-85x85.jpg 85w, https:\/\/madresdesterradas.es\/wp-content\/uploads\/2018\/11\/img_20171216_160337-170x170.jpg 170w\" sizes=\"auto, (max-width: 150px) 100vw, 150px\" \/><\/a>\n\t\t\t<\/div><\/figure>\n\t\t<\/div>\n\n<\/li>\n<li>Poner el Bel\u00e9n (seg\u00fan las tradiciones familiares)\n<div id='gallery-11' class='gallery galleryid-3159 gallery-columns-3 gallery-size-thumbnail'><figure class='gallery-item'>\n\t\t\t<div class='gallery-icon portrait'>\n\t\t\t\t<a href='https:\/\/madresdesterradas.es\/index.php\/2018\/11\/25\/calendario-de-adviento\/img_20171210_145114\/'><img loading=\"lazy\" decoding=\"async\" width=\"150\" height=\"150\" src=\"https:\/\/madresdesterradas.es\/wp-content\/uploads\/2018\/11\/img_20171210_145114-150x150.jpg\" class=\"attachment-thumbnail size-thumbnail\" alt=\"\" srcset=\"https:\/\/madresdesterradas.es\/wp-content\/uploads\/2018\/11\/img_20171210_145114-150x150.jpg 150w, https:\/\/madresdesterradas.es\/wp-content\/uploads\/2018\/11\/img_20171210_145114-85x85.jpg 85w, https:\/\/madresdesterradas.es\/wp-content\/uploads\/2018\/11\/img_20171210_145114-170x170.jpg 170w\" sizes=\"auto, (max-width: 150px) 100vw, 150px\" \/><\/a>\n\t\t\t<\/div><\/figure><figure class='gallery-item'>\n\t\t\t<div class='gallery-icon landscape'>\n\t\t\t\t<a href='https:\/\/madresdesterradas.es\/index.php\/2018\/11\/25\/calendario-de-adviento\/img_20171224_191727\/'><img loading=\"lazy\" decoding=\"async\" width=\"150\" height=\"150\" src=\"https:\/\/madresdesterradas.es\/wp-content\/uploads\/2018\/11\/img_20171224_191727-150x150.jpg\" class=\"attachment-thumbnail size-thumbnail\" alt=\"\" srcset=\"https:\/\/madresdesterradas.es\/wp-content\/uploads\/2018\/11\/img_20171224_191727-150x150.jpg 150w, https:\/\/madresdesterradas.es\/wp-content\/uploads\/2018\/11\/img_20171224_191727-85x85.jpg 85w, https:\/\/madresdesterradas.es\/wp-content\/uploads\/2018\/11\/img_20171224_191727-170x170.jpg 170w\" sizes=\"auto, (max-width: 150px) 100vw, 150px\" \/><\/a>\n\t\t\t<\/div><\/figure>\n\t\t<\/div>\n\n<\/li>\n<li>Decorar cristales\n<div id='gallery-12' class='gallery galleryid-3159 gallery-columns-3 gallery-size-thumbnail'><figure class='gallery-item'>\n\t\t\t<div class='gallery-icon portrait'>\n\t\t\t\t<a href='https:\/\/madresdesterradas.es\/index.php\/2018\/11\/25\/calendario-de-adviento\/img_20171216_160256\/'><img loading=\"lazy\" decoding=\"async\" width=\"150\" height=\"150\" src=\"https:\/\/madresdesterradas.es\/wp-content\/uploads\/2018\/11\/img_20171216_160256-150x150.jpg\" class=\"attachment-thumbnail size-thumbnail\" alt=\"\" srcset=\"https:\/\/madresdesterradas.es\/wp-content\/uploads\/2018\/11\/img_20171216_160256-150x150.jpg 150w, https:\/\/madresdesterradas.es\/wp-content\/uploads\/2018\/11\/img_20171216_160256-85x85.jpg 85w, https:\/\/madresdesterradas.es\/wp-content\/uploads\/2018\/11\/img_20171216_160256-170x170.jpg 170w\" sizes=\"auto, (max-width: 150px) 100vw, 150px\" \/><\/a>\n\t\t\t<\/div><\/figure><figure class='gallery-item'>\n\t\t\t<div class='gallery-icon portrait'>\n\t\t\t\t<a href='https:\/\/madresdesterradas.es\/index.php\/2018\/11\/25\/calendario-de-adviento\/img_20171216_160236\/'><img loading=\"lazy\" decoding=\"async\" width=\"150\" height=\"150\" src=\"https:\/\/madresdesterradas.es\/wp-content\/uploads\/2018\/11\/img_20171216_160236-150x150.jpg\" class=\"attachment-thumbnail size-thumbnail\" alt=\"\" srcset=\"https:\/\/madresdesterradas.es\/wp-content\/uploads\/2018\/11\/img_20171216_160236-150x150.jpg 150w, https:\/\/madresdesterradas.es\/wp-content\/uploads\/2018\/11\/img_20171216_160236-85x85.jpg 85w, https:\/\/madresdesterradas.es\/wp-content\/uploads\/2018\/11\/img_20171216_160236-170x170.jpg 170w\" sizes=\"auto, (max-width: 150px) 100vw, 150px\" \/><\/a>\n\t\t\t<\/div><\/figure>\n\t\t<\/div>\n\n<\/li>\n<li>Subir al carrusel<img loading=\"lazy\" decoding=\"async\" class=\"alignnone size-full wp-image-3175\" src=\"https:\/\/madresdesterradas.es\/wp-content\/uploads\/2018\/11\/img_20171216_183812.jpg\" alt=\"IMG_20171216_183812\" width=\"3480\" height=\"4640\" srcset=\"https:\/\/madresdesterradas.es\/wp-content\/uploads\/2018\/11\/img_20171216_183812.jpg 3480w, https:\/\/madresdesterradas.es\/wp-content\/uploads\/2018\/11\/img_20171216_183812-1255x1673.jpg 1255w, https:\/\/madresdesterradas.es\/wp-content\/uploads\/2018\/11\/img_20171216_183812-825x1100.jpg 825w, https:\/\/madresdesterradas.es\/wp-content\/uploads\/2018\/11\/img_20171216_183812-395x527.jpg 395w, https:\/\/madresdesterradas.es\/wp-content\/uploads\/2018\/11\/img_20171216_183812-1320x1760.jpg 1320w, https:\/\/madresdesterradas.es\/wp-content\/uploads\/2018\/11\/img_20171216_183812-225x300.jpg 225w, https:\/\/madresdesterradas.es\/wp-content\/uploads\/2018\/11\/img_20171216_183812-768x1024.jpg 768w, https:\/\/madresdesterradas.es\/wp-content\/uploads\/2018\/11\/img_20171216_183812-1568x2091.jpg 1568w\" sizes=\"auto, (max-width: 3480px) 100vw, 3480px\" \/><\/li>\n<li>Ir a la feria de Navidad<\/li>\n<li>Ir a mercados de Navidad. En Valencia, adem\u00e1s de los que hay en el centro, est\u00e1 el Mercat de les Arts, en la Ciudad de las Artes y las Ciencias, con puestos y juguetes de madera para los ni\u00f1os (como un mercado medieval)<img loading=\"lazy\" decoding=\"async\" class=\"alignnone size-full wp-image-3177\" src=\"https:\/\/madresdesterradas.es\/wp-content\/uploads\/2018\/11\/img_20171216_192740.jpg\" alt=\"IMG_20171216_192740\" width=\"3480\" height=\"4640\" srcset=\"https:\/\/madresdesterradas.es\/wp-content\/uploads\/2018\/11\/img_20171216_192740.jpg 3480w, https:\/\/madresdesterradas.es\/wp-content\/uploads\/2018\/11\/img_20171216_192740-1255x1673.jpg 1255w, https:\/\/madresdesterradas.es\/wp-content\/uploads\/2018\/11\/img_20171216_192740-825x1100.jpg 825w, https:\/\/madresdesterradas.es\/wp-content\/uploads\/2018\/11\/img_20171216_192740-395x527.jpg 395w, https:\/\/madresdesterradas.es\/wp-content\/uploads\/2018\/11\/img_20171216_192740-1320x1760.jpg 1320w, https:\/\/madresdesterradas.es\/wp-content\/uploads\/2018\/11\/img_20171216_192740-225x300.jpg 225w, https:\/\/madresdesterradas.es\/wp-content\/uploads\/2018\/11\/img_20171216_192740-768x1024.jpg 768w, https:\/\/madresdesterradas.es\/wp-content\/uploads\/2018\/11\/img_20171216_192740-1568x2091.jpg 1568w\" sizes=\"auto, (max-width: 3480px) 100vw, 3480px\" \/><\/li>\n<li>Comer casta\u00f1as<img loading=\"lazy\" decoding=\"async\" class=\"alignnone size-full wp-image-3176\" src=\"https:\/\/madresdesterradas.es\/wp-content\/uploads\/2018\/11\/img_20171216_191255.jpg\" alt=\"IMG_20171216_191255\" width=\"3480\" height=\"4640\" srcset=\"https:\/\/madresdesterradas.es\/wp-content\/uploads\/2018\/11\/img_20171216_191255.jpg 3480w, https:\/\/madresdesterradas.es\/wp-content\/uploads\/2018\/11\/img_20171216_191255-1255x1673.jpg 1255w, https:\/\/madresdesterradas.es\/wp-content\/uploads\/2018\/11\/img_20171216_191255-825x1100.jpg 825w, https:\/\/madresdesterradas.es\/wp-content\/uploads\/2018\/11\/img_20171216_191255-395x527.jpg 395w, https:\/\/madresdesterradas.es\/wp-content\/uploads\/2018\/11\/img_20171216_191255-1320x1760.jpg 1320w, https:\/\/madresdesterradas.es\/wp-content\/uploads\/2018\/11\/img_20171216_191255-225x300.jpg 225w, https:\/\/madresdesterradas.es\/wp-content\/uploads\/2018\/11\/img_20171216_191255-768x1024.jpg 768w, https:\/\/madresdesterradas.es\/wp-content\/uploads\/2018\/11\/img_20171216_191255-1568x2091.jpg 1568w\" sizes=\"auto, (max-width: 3480px) 100vw, 3480px\" \/><\/li>\n<li>Preparar una cena especial<\/li>\n<li>Ver una peli navide\u00f1a con palomitas (este a\u00f1o, si ten\u00e9is Netflix, triunfa Klaus). Os dejamos un listado de pelis, <a href=\"https:\/\/madresdesterradas.es\/index.php\/2020\/12\/11\/peliculas-navidenas\/\">aqu\u00ed<\/a><\/li>\n<li>Ir al cine<\/li>\n<li>Hacer una nariz de Rudolf para cada miembro de la familia<\/li>\n<li>Caja musical (esta solamente se saca en Navidades)<img loading=\"lazy\" decoding=\"async\" class=\"alignnone size-full wp-image-3201\" src=\"https:\/\/madresdesterradas.es\/wp-content\/uploads\/2018\/11\/screenshot_20181126-1005422.png\" alt=\"Screenshot_20181126-100542~2\" width=\"1080\" height=\"1064\" srcset=\"https:\/\/madresdesterradas.es\/wp-content\/uploads\/2018\/11\/screenshot_20181126-1005422.png 1080w, https:\/\/madresdesterradas.es\/wp-content\/uploads\/2018\/11\/screenshot_20181126-1005422-825x813.png 825w, https:\/\/madresdesterradas.es\/wp-content\/uploads\/2018\/11\/screenshot_20181126-1005422-85x85.png 85w, https:\/\/madresdesterradas.es\/wp-content\/uploads\/2018\/11\/screenshot_20181126-1005422-395x389.png 395w, https:\/\/madresdesterradas.es\/wp-content\/uploads\/2018\/11\/screenshot_20181126-1005422-300x296.png 300w, https:\/\/madresdesterradas.es\/wp-content\/uploads\/2018\/11\/screenshot_20181126-1005422-768x757.png 768w, https:\/\/madresdesterradas.es\/wp-content\/uploads\/2018\/11\/screenshot_20181126-1005422-1024x1009.png 1024w\" sizes=\"auto, (max-width: 1080px) 100vw, 1080px\" \/><\/li>\n<li>Leer los libros de <a href=\"https:\/\/www.alendeningures.com\/collections\/nuestros-productos\">Alen de Ningures<\/a>, uno para cada d\u00eda. Ten\u00e9is 2 opciones, los Cuentos de Adviento, sobre la historia de Jos\u00e9 y Mar\u00eda (una ardilla que esconde su bellota, una roca en mitad del camino&#8230;) y la Navidad en Europa, es decir, c\u00f3mo viven estas fechas en otras partes del mundo con otras religiones y tradiciones (incluyendo comidas, regalos, etc). Pod\u00e9is ver ejemplos en el link de arriba.<img loading=\"lazy\" decoding=\"async\" class=\"alignnone size-full wp-image-3196\" src=\"https:\/\/madresdesterradas.es\/wp-content\/uploads\/2018\/11\/screenshot_20181126-1003282.png\" alt=\"Screenshot_20181126-100328~2\" width=\"1080\" height=\"1067\" srcset=\"https:\/\/madresdesterradas.es\/wp-content\/uploads\/2018\/11\/screenshot_20181126-1003282.png 1080w, https:\/\/madresdesterradas.es\/wp-content\/uploads\/2018\/11\/screenshot_20181126-1003282-825x815.png 825w, https:\/\/madresdesterradas.es\/wp-content\/uploads\/2018\/11\/screenshot_20181126-1003282-85x85.png 85w, https:\/\/madresdesterradas.es\/wp-content\/uploads\/2018\/11\/screenshot_20181126-1003282-395x390.png 395w, https:\/\/madresdesterradas.es\/wp-content\/uploads\/2018\/11\/screenshot_20181126-1003282-300x296.png 300w, https:\/\/madresdesterradas.es\/wp-content\/uploads\/2018\/11\/screenshot_20181126-1003282-768x759.png 768w, https:\/\/madresdesterradas.es\/wp-content\/uploads\/2018\/11\/screenshot_20181126-1003282-1024x1012.png 1024w\" sizes=\"auto, (max-width: 1080px) 100vw, 1080px\" \/><\/li>\n<li>Festival de Navidad (cole\/extraescolares)<\/li>\n<li>Un ba\u00f1o relajante<\/li>\n<li>Una ba\u00f1era Navide\u00f1a (bolas de hidrogel de color rojo y enjoy!)<\/li>\n<li><a href=\"http:\/\/ruzafaloveskids.com\/\">Ruzafa Loves Kids<\/a>. En Valencia tenemos esta maravilla para los ni\u00f1os. Hay talleres de cocina, manualidades navide\u00f1as, baile, teatro&#8230;seg\u00fan gustos y edades.<\/li>\n<li>Bolsa sensorial de Navidad (foto abajo)<\/li>\n<li>Hacer guirnaldas y adornos con naranja y clavo (foto abajo)<\/li>\n<li>Bandeja sensorial con jengibre, harina de mandarina, canela&#8230;(a\u00f1adimos unos nins de esos mismos tonos, ten\u00e9is la foto abajo)<\/li>\n<li>Bandeja sensorial con objetos navide\u00f1os en tonos rojos (foto abajo)<\/li>\n<li>Casita navide\u00f1a comestible (Ginger home). Pod\u00e9is comprarla en Tiger y en supermercados. Hay de varios tama\u00f1os, las m\u00e1s peque\u00f1as las pod\u00e9is colgar en el \u00e1rbol.<\/li>\n<li>Hacer pulseras de cascabeles para cantar o hacer ritmos<\/li>\n<li>Marcadores o puntos de lectura con washi tape (plastificado) y palos de helado<\/li>\n<li>Hacer una coreograf\u00eda familiar para un villancico<\/li>\n<li>Leer libros navide\u00f1os. Os dejamos un recopilatorio con 30 libros <a href=\"https:\/\/madresdesterradas.es\/index.php\/2020\/12\/07\/recopilatorio-de-30-libros-navidenos\/\">aqu\u00ed<\/a> y otro nuevo de este a\u00f1o con <a href=\"https:\/\/madresdesterradas.es\/index.php\/2021\/12\/21\/recopilatorio-de-35-libros-navidenos\/\">35 libros<\/a>.<\/li>\n<li>Hacer <a href=\"https:\/\/madresdesterradas.es\/index.php\/2021\/11\/22\/turron-de-ferrero-rocher\/\">turr\u00f3n<\/a> casero<\/li>\n<\/ol>\n<p>Si ten\u00e9is cualquier duda&#8230;aqu\u00ed estamos. \ud83d\ude42<\/p>\n\n\n<figure class=\"wp-block-image size-large is-style-default\"><img loading=\"lazy\" decoding=\"async\" width=\"1024\" height=\"1024\" src=\"https:\/\/madresdesterradas.es\/wp-content\/uploads\/2019\/12\/IMG_20191206_132342_789-1024x1024.jpg\" alt=\"\" class=\"wp-image-4745\" srcset=\"https:\/\/madresdesterradas.es\/wp-content\/uploads\/2019\/12\/IMG_20191206_132342_789-1024x1024.jpg 1024w, https:\/\/madresdesterradas.es\/wp-content\/uploads\/2019\/12\/IMG_20191206_132342_789-300x300.jpg 300w, https:\/\/madresdesterradas.es\/wp-content\/uploads\/2019\/12\/IMG_20191206_132342_789-150x150.jpg 150w, https:\/\/madresdesterradas.es\/wp-content\/uploads\/2019\/12\/IMG_20191206_132342_789-768x768.jpg 768w, https:\/\/madresdesterradas.es\/wp-content\/uploads\/2019\/12\/IMG_20191206_132342_789-825x825.jpg 825w, https:\/\/madresdesterradas.es\/wp-content\/uploads\/2019\/12\/IMG_20191206_132342_789-85x85.jpg 85w, https:\/\/madresdesterradas.es\/wp-content\/uploads\/2019\/12\/IMG_20191206_132342_789-170x170.jpg 170w, https:\/\/madresdesterradas.es\/wp-content\/uploads\/2019\/12\/IMG_20191206_132342_789-395x395.jpg 395w, https:\/\/madresdesterradas.es\/wp-content\/uploads\/2019\/12\/IMG_20191206_132342_789.jpg 1080w\" sizes=\"auto, (max-width: 1024px) 100vw, 1024px\" \/><figcaption>Puntos de lectura<\/figcaption><\/figure>\n\n\n\n<div class=\"wp-block-image\"><figure class=\"aligncenter size-large is-resized\"><img loading=\"lazy\" decoding=\"async\" src=\"https:\/\/madresdesterradas.es\/wp-content\/uploads\/2019\/11\/Screenshot_20191123-2143382-1024x996.png\" alt=\"\" class=\"wp-image-4605\" width=\"512\" height=\"498\" srcset=\"https:\/\/madresdesterradas.es\/wp-content\/uploads\/2019\/11\/Screenshot_20191123-2143382-1024x996.png 1024w, https:\/\/madresdesterradas.es\/wp-content\/uploads\/2019\/11\/Screenshot_20191123-2143382-300x292.png 300w, https:\/\/madresdesterradas.es\/wp-content\/uploads\/2019\/11\/Screenshot_20191123-2143382-768x747.png 768w, https:\/\/madresdesterradas.es\/wp-content\/uploads\/2019\/11\/Screenshot_20191123-2143382-825x802.png 825w, https:\/\/madresdesterradas.es\/wp-content\/uploads\/2019\/11\/Screenshot_20191123-2143382-395x384.png 395w, https:\/\/madresdesterradas.es\/wp-content\/uploads\/2019\/11\/Screenshot_20191123-2143382.png 1080w\" sizes=\"auto, (max-width: 512px) 100vw, 512px\" \/><figcaption>Bandeja navide\u00f1a (pod\u00e9is ver la botella sensorial de tonos rojos y la de cascabeles)<\/figcaption><\/figure><\/div>\n\n\n\n<div class=\"wp-block-image\"><figure class=\"aligncenter size-large is-resized\"><img loading=\"lazy\" decoding=\"async\" src=\"https:\/\/madresdesterradas.es\/wp-content\/uploads\/2019\/11\/Screenshot_20191123-2144192-1019x1024.png\" alt=\"\" class=\"wp-image-4606\" width=\"510\" height=\"512\" srcset=\"https:\/\/madresdesterradas.es\/wp-content\/uploads\/2019\/11\/Screenshot_20191123-2144192-1019x1024.png 1019w, https:\/\/madresdesterradas.es\/wp-content\/uploads\/2019\/11\/Screenshot_20191123-2144192-300x300.png 300w, https:\/\/madresdesterradas.es\/wp-content\/uploads\/2019\/11\/Screenshot_20191123-2144192-150x150.png 150w, https:\/\/madresdesterradas.es\/wp-content\/uploads\/2019\/11\/Screenshot_20191123-2144192-768x772.png 768w, https:\/\/madresdesterradas.es\/wp-content\/uploads\/2019\/11\/Screenshot_20191123-2144192-825x829.png 825w, https:\/\/madresdesterradas.es\/wp-content\/uploads\/2019\/11\/Screenshot_20191123-2144192-85x85.png 85w, https:\/\/madresdesterradas.es\/wp-content\/uploads\/2019\/11\/Screenshot_20191123-2144192-170x170.png 170w, https:\/\/madresdesterradas.es\/wp-content\/uploads\/2019\/11\/Screenshot_20191123-2144192-395x397.png 395w, https:\/\/madresdesterradas.es\/wp-content\/uploads\/2019\/11\/Screenshot_20191123-2144192.png 1072w\" sizes=\"auto, (max-width: 510px) 100vw, 510px\" \/><figcaption>Minimundo del c\u00edrculo polar<\/figcaption><\/figure><\/div>\n\n\n\n<div class=\"wp-block-image\"><figure class=\"aligncenter size-large is-resized\"><img loading=\"lazy\" decoding=\"async\" src=\"https:\/\/madresdesterradas.es\/wp-content\/uploads\/2019\/11\/PicsArt_11-23-10.37.42-1024x1024.jpg\" alt=\"\" class=\"wp-image-4595\" width=\"512\" height=\"512\" srcset=\"https:\/\/madresdesterradas.es\/wp-content\/uploads\/2019\/11\/PicsArt_11-23-10.37.42-1024x1024.jpg 1024w, https:\/\/madresdesterradas.es\/wp-content\/uploads\/2019\/11\/PicsArt_11-23-10.37.42-300x300.jpg 300w, https:\/\/madresdesterradas.es\/wp-content\/uploads\/2019\/11\/PicsArt_11-23-10.37.42-150x150.jpg 150w, https:\/\/madresdesterradas.es\/wp-content\/uploads\/2019\/11\/PicsArt_11-23-10.37.42-768x768.jpg 768w, https:\/\/madresdesterradas.es\/wp-content\/uploads\/2019\/11\/PicsArt_11-23-10.37.42-825x825.jpg 825w, https:\/\/madresdesterradas.es\/wp-content\/uploads\/2019\/11\/PicsArt_11-23-10.37.42-85x85.jpg 85w, https:\/\/madresdesterradas.es\/wp-content\/uploads\/2019\/11\/PicsArt_11-23-10.37.42-170x170.jpg 170w, https:\/\/madresdesterradas.es\/wp-content\/uploads\/2019\/11\/PicsArt_11-23-10.37.42-395x395.jpg 395w, https:\/\/madresdesterradas.es\/wp-content\/uploads\/2019\/11\/PicsArt_11-23-10.37.42.jpg 1080w\" sizes=\"auto, (max-width: 512px) 100vw, 512px\" \/><figcaption>Bandeja sensorial <\/figcaption><\/figure><\/div>\n\n\n\n<div class=\"wp-block-image\"><figure class=\"aligncenter size-large is-resized\"><img loading=\"lazy\" decoding=\"async\" src=\"https:\/\/madresdesterradas.es\/wp-content\/uploads\/2019\/11\/Screenshot_20191123-2148212-1024x1017.png\" alt=\"\" class=\"wp-image-4588\" width=\"512\" height=\"509\" srcset=\"https:\/\/madresdesterradas.es\/wp-content\/uploads\/2019\/11\/Screenshot_20191123-2148212-1024x1017.png 1024w, https:\/\/madresdesterradas.es\/wp-content\/uploads\/2019\/11\/Screenshot_20191123-2148212-300x298.png 300w, https:\/\/madresdesterradas.es\/wp-content\/uploads\/2019\/11\/Screenshot_20191123-2148212-150x150.png 150w, https:\/\/madresdesterradas.es\/wp-content\/uploads\/2019\/11\/Screenshot_20191123-2148212-768x763.png 768w, https:\/\/madresdesterradas.es\/wp-content\/uploads\/2019\/11\/Screenshot_20191123-2148212-825x820.png 825w, https:\/\/madresdesterradas.es\/wp-content\/uploads\/2019\/11\/Screenshot_20191123-2148212-85x85.png 85w, https:\/\/madresdesterradas.es\/wp-content\/uploads\/2019\/11\/Screenshot_20191123-2148212-170x170.png 170w, https:\/\/madresdesterradas.es\/wp-content\/uploads\/2019\/11\/Screenshot_20191123-2148212-395x392.png 395w, https:\/\/madresdesterradas.es\/wp-content\/uploads\/2019\/11\/Screenshot_20191123-2148212.png 1080w\" sizes=\"auto, (max-width: 512px) 100vw, 512px\" \/><figcaption>Bolsa sensorial<\/figcaption><\/figure><\/div>\n\n\n\n<div class=\"wp-block-image\"><figure class=\"aligncenter size-large is-resized\"><img loading=\"lazy\" decoding=\"async\" src=\"https:\/\/madresdesterradas.es\/wp-content\/uploads\/2019\/11\/PicsArt_11-24-10.41.16-1024x1024.jpg\" alt=\"\" class=\"wp-image-4597\" width=\"512\" height=\"512\" srcset=\"https:\/\/madresdesterradas.es\/wp-content\/uploads\/2019\/11\/PicsArt_11-24-10.41.16-1024x1024.jpg 1024w, https:\/\/madresdesterradas.es\/wp-content\/uploads\/2019\/11\/PicsArt_11-24-10.41.16-300x300.jpg 300w, https:\/\/madresdesterradas.es\/wp-content\/uploads\/2019\/11\/PicsArt_11-24-10.41.16-150x150.jpg 150w, https:\/\/madresdesterradas.es\/wp-content\/uploads\/2019\/11\/PicsArt_11-24-10.41.16-768x768.jpg 768w, https:\/\/madresdesterradas.es\/wp-content\/uploads\/2019\/11\/PicsArt_11-24-10.41.16-825x825.jpg 825w, https:\/\/madresdesterradas.es\/wp-content\/uploads\/2019\/11\/PicsArt_11-24-10.41.16-85x85.jpg 85w, https:\/\/madresdesterradas.es\/wp-content\/uploads\/2019\/11\/PicsArt_11-24-10.41.16-170x170.jpg 170w, https:\/\/madresdesterradas.es\/wp-content\/uploads\/2019\/11\/PicsArt_11-24-10.41.16-395x395.jpg 395w, https:\/\/madresdesterradas.es\/wp-content\/uploads\/2019\/11\/PicsArt_11-24-10.41.16.jpg 1080w\" sizes=\"auto, (max-width: 512px) 100vw, 512px\" \/><figcaption>Guirnaldas y decoraci\u00f3n con elementos naturales (pi\u00f1as, naranjas, canela, clavo&#8230;)<\/figcaption><\/figure><\/div>\n\n\n\n<div class=\"wp-block-image\"><figure class=\"aligncenter size-large\"><img loading=\"lazy\" decoding=\"async\" width=\"768\" height=\"1024\" src=\"https:\/\/madresdesterradas.es\/wp-content\/uploads\/2019\/11\/IMG-20191109-WA0009.jpg\" alt=\"\" class=\"wp-image-4610\" srcset=\"https:\/\/madresdesterradas.es\/wp-content\/uploads\/2019\/11\/IMG-20191109-WA0009.jpg 768w, https:\/\/madresdesterradas.es\/wp-content\/uploads\/2019\/11\/IMG-20191109-WA0009-225x300.jpg 225w, https:\/\/madresdesterradas.es\/wp-content\/uploads\/2019\/11\/IMG-20191109-WA0009-395x527.jpg 395w\" sizes=\"auto, (max-width: 768px) 100vw, 768px\" \/><\/figure><\/div>\n\n\n\n<div class=\"wp-block-image\"><figure class=\"aligncenter size-large\"><img loading=\"lazy\" decoding=\"async\" width=\"768\" height=\"1024\" src=\"https:\/\/madresdesterradas.es\/wp-content\/uploads\/2019\/11\/IMG_20191123_131243-768x1024.jpg\" alt=\"\" class=\"wp-image-4611\" srcset=\"https:\/\/madresdesterradas.es\/wp-content\/uploads\/2019\/11\/IMG_20191123_131243-768x1024.jpg 768w, https:\/\/madresdesterradas.es\/wp-content\/uploads\/2019\/11\/IMG_20191123_131243-225x300.jpg 225w, https:\/\/madresdesterradas.es\/wp-content\/uploads\/2019\/11\/IMG_20191123_131243-1152x1536.jpg 1152w, https:\/\/madresdesterradas.es\/wp-content\/uploads\/2019\/11\/IMG_20191123_131243-1536x2048.jpg 1536w, https:\/\/madresdesterradas.es\/wp-content\/uploads\/2019\/11\/IMG_20191123_131243-1255x1673.jpg 1255w, https:\/\/madresdesterradas.es\/wp-content\/uploads\/2019\/11\/IMG_20191123_131243-825x1100.jpg 825w, https:\/\/madresdesterradas.es\/wp-content\/uploads\/2019\/11\/IMG_20191123_131243-395x527.jpg 395w, https:\/\/madresdesterradas.es\/wp-content\/uploads\/2019\/11\/IMG_20191123_131243-scaled.jpg 1920w\" sizes=\"auto, (max-width: 768px) 100vw, 768px\" \/><figcaption>Sellos de Tiger ideales para dibujos invernales<\/figcaption><\/figure><\/div>\n\n\n\n<div class=\"wp-block-image\"><figure class=\"aligncenter size-large\"><img loading=\"lazy\" decoding=\"async\" width=\"1024\" height=\"734\" src=\"https:\/\/madresdesterradas.es\/wp-content\/uploads\/2019\/11\/Screenshot_20191124-2257012-1024x734.png\" alt=\"\" class=\"wp-image-4626\" srcset=\"https:\/\/madresdesterradas.es\/wp-content\/uploads\/2019\/11\/Screenshot_20191124-2257012-1024x734.png 1024w, https:\/\/madresdesterradas.es\/wp-content\/uploads\/2019\/11\/Screenshot_20191124-2257012-300x215.png 300w, https:\/\/madresdesterradas.es\/wp-content\/uploads\/2019\/11\/Screenshot_20191124-2257012-768x550.png 768w, https:\/\/madresdesterradas.es\/wp-content\/uploads\/2019\/11\/Screenshot_20191124-2257012-825x591.png 825w, https:\/\/madresdesterradas.es\/wp-content\/uploads\/2019\/11\/Screenshot_20191124-2257012-395x283.png 395w, https:\/\/madresdesterradas.es\/wp-content\/uploads\/2019\/11\/Screenshot_20191124-2257012.png 1080w\" sizes=\"auto, (max-width: 1024px) 100vw, 1024px\" \/><\/figure><\/div>\n\n\n\n<div class=\"wp-block-image\"><figure class=\"aligncenter size-full\"><a href=\"https:\/\/madresdesterradas.es\/index.php\/2021\/11\/22\/turron-de-ferrero-rocher\/\"><img loading=\"lazy\" decoding=\"async\" width=\"1024\" height=\"768\" src=\"https:\/\/madresdesterradas.es\/wp-content\/uploads\/2021\/11\/CYMERA_20211122_160302.jpg\" alt=\"\" class=\"wp-image-9877\" srcset=\"https:\/\/madresdesterradas.es\/wp-content\/uploads\/2021\/11\/CYMERA_20211122_160302.jpg 1024w, https:\/\/madresdesterradas.es\/wp-content\/uploads\/2021\/11\/CYMERA_20211122_160302-300x225.jpg 300w, https:\/\/madresdesterradas.es\/wp-content\/uploads\/2021\/11\/CYMERA_20211122_160302-768x576.jpg 768w, https:\/\/madresdesterradas.es\/wp-content\/uploads\/2021\/11\/CYMERA_20211122_160302-825x619.jpg 825w, https:\/\/madresdesterradas.es\/wp-content\/uploads\/2021\/11\/CYMERA_20211122_160302-395x296.jpg 395w\" sizes=\"auto, (max-width: 1024px) 100vw, 1024px\" \/><\/a><figcaption>Turr\u00f3n casero estilo Ferrero Rocher<\/figcaption><\/figure><\/div>\n","protected":false},"excerpt":{"rendered":"<p>B empez\u00f3 en el 2016 con el Calendario de Adviento, y lo disfrut\u00f3 tanto, que el a\u00f1o pasado, nos multiplicamos (y no solo en beb\u00e9s 2.0, que tambi\u00e9n&#8230;). Por supuesto, estamos hablando de calendario sin chocolate, aunque en toooodos los sitios se venda y\/o te lo regalen&#8230;Como el a\u00f1o pasado ten\u00edamos poco tiempo con los [&hellip;]<\/p>\n","protected":false},"author":1,"featured_media":3194,"comment_status":"open","ping_status":"open","sticky":false,"template":"","format":"standard","meta":{"_monsterinsights_skip_tracking":false,"_monsterinsights_sitenote_active":false,"_monsterinsights_sitenote_note":"","_monsterinsights_sitenote_category":0,"_uf_show_specific_survey":0,"_uf_disable_surveys":false,"footnotes":""},"categories":[1303],"tags":[1530,1531,1532,1533,1534,1535,1536,1516,1537,1538,1539,1540,1521,1541,1310,1360,1542,1543,1544,1545,1546,1547,1548],"class_list":["post-3159","post","type-post","status-publish","format-standard","has-post-thumbnail","hentry","category-diy","tag-adornos","tag-adviento","tag-aldi","tag-alen-de-ningures","tag-belen","tag-calendario-de-adviento","tag-calendario-sin-chocolate","tag-crafts","tag-decoracion","tag-galletas","tag-home-made","tag-libros","tag-manualidades","tag-mercados-navidenos","tag-montessori","tag-montessori-en-casa","tag-navidades","tag-navidades-con-ninos","tag-planes-con-ninos","tag-postales-navidenas","tag-regalos","tag-tiempo-libre","tag-tiger"],"_links":{"self":[{"href":"https:\/\/madresdesterradas.es\/index.php\/wp-json\/wp\/v2\/posts\/3159","targetHints":{"allow":["GET"]}}],"collection":[{"href":"https:\/\/madresdesterradas.es\/index.php\/wp-json\/wp\/v2\/posts"}],"about":[{"href":"https:\/\/madresdesterradas.es\/index.php\/wp-json\/wp\/v2\/types\/post"}],"author":[{"embeddable":true,"href":"https:\/\/madresdesterradas.es\/index.php\/wp-json\/wp\/v2\/users\/1"}],"replies":[{"embeddable":true,"href":"https:\/\/madresdesterradas.es\/index.php\/wp-json\/wp\/v2\/comments?post=3159"}],"version-history":[{"count":26,"href":"https:\/\/madresdesterradas.es\/index.php\/wp-json\/wp\/v2\/posts\/3159\/revisions"}],"predecessor-version":[{"id":10179,"href":"https:\/\/madresdesterradas.es\/index.php\/wp-json\/wp\/v2\/posts\/3159\/revisions\/10179"}],"wp:featuredmedia":[{"embeddable":true,"href":"https:\/\/madresdesterradas.es\/index.php\/wp-json\/wp\/v2\/media\/3194"}],"wp:attachment":[{"href":"https:\/\/madresdesterradas.es\/index.php\/wp-json\/wp\/v2\/media?parent=3159"}],"wp:term":[{"taxonomy":"category","embeddable":true,"href":"https:\/\/madresdesterradas.es\/index.php\/wp-json\/wp\/v2\/categories?post=3159"},{"taxonomy":"post_tag","embeddable":true,"href":"https:\/\/madresdesterradas.es\/index.php\/wp-json\/wp\/v2\/tags?post=3159"}],"curies":[{"name":"wp","href":"https:\/\/api.w.org\/{rel}","templated":true}]}}