{"id":3080,"date":"2018-09-19T06:53:34","date_gmt":"2018-09-19T06:53:34","guid":{"rendered":"https:\/\/madresdesterradas.wordpress.com\/?p=3080"},"modified":"2018-09-19T06:53:34","modified_gmt":"2018-09-19T06:53:34","slug":"un-colegio-en-el-bosque","status":"publish","type":"post","link":"https:\/\/madresdesterradas.es\/index.php\/2018\/09\/19\/un-colegio-en-el-bosque\/","title":{"rendered":"Un colegio en el bosque"},"content":{"rendered":"<p>Nuestra suiza favorita ya ha empezado su escuela en el bosque, como os coment\u00e1bamos hace unos meses. \u00a1No podemos estar m\u00e1s contentas ante esta nueva etapa que comienza y la experiencia que va a vivir!<\/p>\n<p>Es una escuela concienciada con el medio ambiente en la que el ni\u00f1o tiene que aprender a manejarse con el material que dispone en la naturaleza y fomentar su independencia y autonom\u00eda. Te conciencian desde peque\u00f1o de la importancia de cuidar la naturaleza. Los bosques son aulas.<\/p>\n<p>En su primer d\u00eda, fueron a saludar a los \u00e1rboles, a darle las gracias por el ox\u00edgeno que respiramos. De camino por el bosque, iban explicando el nombre de las plantas, de los \u00e1rboles, qu\u00e9 nos aportaba cada uno (les explicaron tambi\u00e9n el intercambio gaseoso que se produce, con lo que los ni\u00f1os quedaron maravillados y toman conciencia de la importancia de cuidar el medio ambiente). Todo esto en un entorno privilegiado\u2026<\/p>\n<div id='gallery-1' class='gallery galleryid-3080 gallery-columns-3 gallery-size-thumbnail'><figure class='gallery-item'>\n\t\t\t<div class='gallery-icon portrait'>\n\t\t\t\t<a href='https:\/\/madresdesterradas.es\/index.php\/2018\/09\/19\/un-colegio-en-el-bosque\/img-20180904-wa0006\/'><img loading=\"lazy\" decoding=\"async\" width=\"150\" height=\"150\" src=\"https:\/\/madresdesterradas.es\/wp-content\/uploads\/2018\/09\/img-20180904-wa0006-150x150.jpg\" class=\"attachment-thumbnail size-thumbnail\" alt=\"\" srcset=\"https:\/\/madresdesterradas.es\/wp-content\/uploads\/2018\/09\/img-20180904-wa0006-150x150.jpg 150w, https:\/\/madresdesterradas.es\/wp-content\/uploads\/2018\/09\/img-20180904-wa0006-85x85.jpg 85w, https:\/\/madresdesterradas.es\/wp-content\/uploads\/2018\/09\/img-20180904-wa0006-170x170.jpg 170w\" sizes=\"auto, (max-width: 150px) 100vw, 150px\" \/><\/a>\n\t\t\t<\/div><\/figure><figure class='gallery-item'>\n\t\t\t<div class='gallery-icon portrait'>\n\t\t\t\t<a href='https:\/\/madresdesterradas.es\/index.php\/2018\/09\/19\/un-colegio-en-el-bosque\/img-20180905-wa0048__01__01\/'><img loading=\"lazy\" decoding=\"async\" width=\"150\" height=\"150\" src=\"https:\/\/madresdesterradas.es\/wp-content\/uploads\/2018\/09\/img-20180905-wa0048__01__01-150x150.jpg\" class=\"attachment-thumbnail size-thumbnail\" alt=\"\" srcset=\"https:\/\/madresdesterradas.es\/wp-content\/uploads\/2018\/09\/img-20180905-wa0048__01__01-150x150.jpg 150w, https:\/\/madresdesterradas.es\/wp-content\/uploads\/2018\/09\/img-20180905-wa0048__01__01-85x85.jpg 85w, https:\/\/madresdesterradas.es\/wp-content\/uploads\/2018\/09\/img-20180905-wa0048__01__01-170x170.jpg 170w\" sizes=\"auto, (max-width: 150px) 100vw, 150px\" \/><\/a>\n\t\t\t<\/div><\/figure><figure class='gallery-item'>\n\t\t\t<div class='gallery-icon portrait'>\n\t\t\t\t<a href='https:\/\/madresdesterradas.es\/index.php\/2018\/09\/19\/un-colegio-en-el-bosque\/img-20180905-wa0053\/'><img loading=\"lazy\" decoding=\"async\" width=\"150\" height=\"150\" src=\"https:\/\/madresdesterradas.es\/wp-content\/uploads\/2018\/09\/img-20180905-wa0053-150x150.jpg\" class=\"attachment-thumbnail size-thumbnail\" alt=\"\" srcset=\"https:\/\/madresdesterradas.es\/wp-content\/uploads\/2018\/09\/img-20180905-wa0053-150x150.jpg 150w, https:\/\/madresdesterradas.es\/wp-content\/uploads\/2018\/09\/img-20180905-wa0053-85x85.jpg 85w, https:\/\/madresdesterradas.es\/wp-content\/uploads\/2018\/09\/img-20180905-wa0053-170x170.jpg 170w\" sizes=\"auto, (max-width: 150px) 100vw, 150px\" \/><\/a>\n\t\t\t<\/div><\/figure><figure class='gallery-item'>\n\t\t\t<div class='gallery-icon portrait'>\n\t\t\t\t<a href='https:\/\/madresdesterradas.es\/index.php\/2018\/09\/19\/un-colegio-en-el-bosque\/img-20180905-wa0059__01\/'><img loading=\"lazy\" decoding=\"async\" width=\"150\" height=\"150\" src=\"https:\/\/madresdesterradas.es\/wp-content\/uploads\/2018\/09\/img-20180905-wa0059__01-150x150.jpg\" class=\"attachment-thumbnail size-thumbnail\" alt=\"\" srcset=\"https:\/\/madresdesterradas.es\/wp-content\/uploads\/2018\/09\/img-20180905-wa0059__01-150x150.jpg 150w, https:\/\/madresdesterradas.es\/wp-content\/uploads\/2018\/09\/img-20180905-wa0059__01-85x85.jpg 85w, https:\/\/madresdesterradas.es\/wp-content\/uploads\/2018\/09\/img-20180905-wa0059__01-170x170.jpg 170w\" sizes=\"auto, (max-width: 150px) 100vw, 150px\" \/><\/a>\n\t\t\t<\/div><\/figure>\n\t\t<\/div>\n\n<p>Como ya os comentamos, tienen que cocinar la comida para ellos y los compa\u00f1eros, y el primer d\u00eda le toc\u00f3 a S (por supuesto, con ayuda de la monitora). Coloc\u00f3 las piedras formando un c\u00edrculo y con ayuda, lo dispuso todo.<\/p>\n<div id='gallery-2' class='gallery galleryid-3080 gallery-columns-3 gallery-size-thumbnail'><figure class='gallery-item'>\n\t\t\t<div class='gallery-icon landscape'>\n\t\t\t\t<a href='https:\/\/madresdesterradas.es\/index.php\/2018\/09\/19\/un-colegio-en-el-bosque\/img-20180904-wa0032\/'><img loading=\"lazy\" decoding=\"async\" width=\"150\" height=\"150\" src=\"https:\/\/madresdesterradas.es\/wp-content\/uploads\/2018\/09\/img-20180904-wa0032-150x150.jpg\" class=\"attachment-thumbnail size-thumbnail\" alt=\"\" srcset=\"https:\/\/madresdesterradas.es\/wp-content\/uploads\/2018\/09\/img-20180904-wa0032-150x150.jpg 150w, https:\/\/madresdesterradas.es\/wp-content\/uploads\/2018\/09\/img-20180904-wa0032-85x85.jpg 85w, https:\/\/madresdesterradas.es\/wp-content\/uploads\/2018\/09\/img-20180904-wa0032-170x170.jpg 170w\" sizes=\"auto, (max-width: 150px) 100vw, 150px\" \/><\/a>\n\t\t\t<\/div><\/figure><figure class='gallery-item'>\n\t\t\t<div class='gallery-icon portrait'>\n\t\t\t\t<a href='https:\/\/madresdesterradas.es\/index.php\/2018\/09\/19\/un-colegio-en-el-bosque\/img-20180904-wa0021\/'><img loading=\"lazy\" decoding=\"async\" width=\"150\" height=\"150\" src=\"https:\/\/madresdesterradas.es\/wp-content\/uploads\/2018\/09\/img-20180904-wa0021-150x150.jpg\" class=\"attachment-thumbnail size-thumbnail\" alt=\"\" srcset=\"https:\/\/madresdesterradas.es\/wp-content\/uploads\/2018\/09\/img-20180904-wa0021-150x150.jpg 150w, https:\/\/madresdesterradas.es\/wp-content\/uploads\/2018\/09\/img-20180904-wa0021-85x85.jpg 85w, https:\/\/madresdesterradas.es\/wp-content\/uploads\/2018\/09\/img-20180904-wa0021-170x170.jpg 170w\" sizes=\"auto, (max-width: 150px) 100vw, 150px\" \/><\/a>\n\t\t\t<\/div><\/figure>\n\t\t<\/div>\n\n<p>Han aprendido a hacer columpios con cuerdas y palos.<\/p>\n<div id='gallery-3' class='gallery galleryid-3080 gallery-columns-3 gallery-size-thumbnail'><figure class='gallery-item'>\n\t\t\t<div class='gallery-icon portrait'>\n\t\t\t\t<a href='https:\/\/madresdesterradas.es\/index.php\/2018\/09\/19\/un-colegio-en-el-bosque\/img-20180905-wa0054__01\/'><img loading=\"lazy\" decoding=\"async\" width=\"150\" height=\"150\" src=\"https:\/\/madresdesterradas.es\/wp-content\/uploads\/2018\/09\/img-20180905-wa0054__01-150x150.jpg\" class=\"attachment-thumbnail size-thumbnail\" alt=\"\" srcset=\"https:\/\/madresdesterradas.es\/wp-content\/uploads\/2018\/09\/img-20180905-wa0054__01-150x150.jpg 150w, https:\/\/madresdesterradas.es\/wp-content\/uploads\/2018\/09\/img-20180905-wa0054__01-85x85.jpg 85w, https:\/\/madresdesterradas.es\/wp-content\/uploads\/2018\/09\/img-20180905-wa0054__01-170x170.jpg 170w\" sizes=\"auto, (max-width: 150px) 100vw, 150px\" \/><\/a>\n\t\t\t<\/div><\/figure><figure class='gallery-item'>\n\t\t\t<div class='gallery-icon landscape'>\n\t\t\t\t<a href='https:\/\/madresdesterradas.es\/index.php\/2018\/09\/19\/un-colegio-en-el-bosque\/img-20180904-wa0013\/'><img loading=\"lazy\" decoding=\"async\" width=\"150\" height=\"150\" src=\"https:\/\/madresdesterradas.es\/wp-content\/uploads\/2018\/09\/img-20180904-wa0013-150x150.jpg\" class=\"attachment-thumbnail size-thumbnail\" alt=\"\" srcset=\"https:\/\/madresdesterradas.es\/wp-content\/uploads\/2018\/09\/img-20180904-wa0013-150x150.jpg 150w, https:\/\/madresdesterradas.es\/wp-content\/uploads\/2018\/09\/img-20180904-wa0013-85x85.jpg 85w, https:\/\/madresdesterradas.es\/wp-content\/uploads\/2018\/09\/img-20180904-wa0013-170x170.jpg 170w\" sizes=\"auto, (max-width: 150px) 100vw, 150px\" \/><\/a>\n\t\t\t<\/div><\/figure><figure class='gallery-item'>\n\t\t\t<div class='gallery-icon portrait'>\n\t\t\t\t<a href='https:\/\/madresdesterradas.es\/index.php\/2018\/09\/19\/un-colegio-en-el-bosque\/img-20180909-wa0019__01\/'><img loading=\"lazy\" decoding=\"async\" width=\"150\" height=\"150\" src=\"https:\/\/madresdesterradas.es\/wp-content\/uploads\/2018\/09\/img-20180909-wa0019__01-150x150.jpg\" class=\"attachment-thumbnail size-thumbnail\" alt=\"\" srcset=\"https:\/\/madresdesterradas.es\/wp-content\/uploads\/2018\/09\/img-20180909-wa0019__01-150x150.jpg 150w, https:\/\/madresdesterradas.es\/wp-content\/uploads\/2018\/09\/img-20180909-wa0019__01-85x85.jpg 85w, https:\/\/madresdesterradas.es\/wp-content\/uploads\/2018\/09\/img-20180909-wa0019__01-170x170.jpg 170w\" sizes=\"auto, (max-width: 150px) 100vw, 150px\" \/><\/a>\n\t\t\t<\/div><\/figure>\n\t\t<\/div>\n\n<p><!--more--><\/p>\n<p>Realizan pintura natural con la que practicar land art. Tienen varios proyectos a lo largo del curso, uno de ellos es hacer murales sobre las estaciones.<\/p>\n<p><img loading=\"lazy\" decoding=\"async\" class=\"alignnone size-full wp-image-3086\" src=\"https:\/\/madresdesterradas.es\/wp-content\/uploads\/2018\/09\/img-20180905-wa0049.jpg\" alt=\"IMG-20180905-WA0049\" width=\"768\" height=\"1024\" srcset=\"https:\/\/madresdesterradas.es\/wp-content\/uploads\/2018\/09\/img-20180905-wa0049.jpg 768w, https:\/\/madresdesterradas.es\/wp-content\/uploads\/2018\/09\/img-20180905-wa0049-395x527.jpg 395w, https:\/\/madresdesterradas.es\/wp-content\/uploads\/2018\/09\/img-20180905-wa0049-225x300.jpg 225w\" sizes=\"auto, (max-width: 768px) 100vw, 768px\" \/><\/p>\n<p>Lo que veis en la foto que parece un teatro, es la mu\u00f1eca que les va contando qu\u00e9 van a hacer cada semana, y le construyen tambi\u00e9n una caba\u00f1a a la mu\u00f1eca.<\/p>\n<div id='gallery-4' class='gallery galleryid-3080 gallery-columns-3 gallery-size-thumbnail'><figure class='gallery-item'>\n\t\t\t<div class='gallery-icon landscape'>\n\t\t\t\t<a href='https:\/\/madresdesterradas.es\/index.php\/2018\/09\/19\/un-colegio-en-el-bosque\/img-20180909-wa0029\/'><img loading=\"lazy\" decoding=\"async\" width=\"150\" height=\"150\" src=\"https:\/\/madresdesterradas.es\/wp-content\/uploads\/2018\/09\/img-20180909-wa0029-150x150.jpg\" class=\"attachment-thumbnail size-thumbnail\" alt=\"\" srcset=\"https:\/\/madresdesterradas.es\/wp-content\/uploads\/2018\/09\/img-20180909-wa0029-150x150.jpg 150w, https:\/\/madresdesterradas.es\/wp-content\/uploads\/2018\/09\/img-20180909-wa0029-85x85.jpg 85w, https:\/\/madresdesterradas.es\/wp-content\/uploads\/2018\/09\/img-20180909-wa0029-170x170.jpg 170w\" sizes=\"auto, (max-width: 150px) 100vw, 150px\" \/><\/a>\n\t\t\t<\/div><\/figure><figure class='gallery-item'>\n\t\t\t<div class='gallery-icon landscape'>\n\t\t\t\t<a href='https:\/\/madresdesterradas.es\/index.php\/2018\/09\/19\/un-colegio-en-el-bosque\/img-20180909-wa0027\/'><img loading=\"lazy\" decoding=\"async\" width=\"150\" height=\"150\" src=\"https:\/\/madresdesterradas.es\/wp-content\/uploads\/2018\/09\/img-20180909-wa0027-150x150.jpg\" class=\"attachment-thumbnail size-thumbnail\" alt=\"\" srcset=\"https:\/\/madresdesterradas.es\/wp-content\/uploads\/2018\/09\/img-20180909-wa0027-150x150.jpg 150w, https:\/\/madresdesterradas.es\/wp-content\/uploads\/2018\/09\/img-20180909-wa0027-85x85.jpg 85w, https:\/\/madresdesterradas.es\/wp-content\/uploads\/2018\/09\/img-20180909-wa0027-170x170.jpg 170w\" sizes=\"auto, (max-width: 150px) 100vw, 150px\" \/><\/a>\n\t\t\t<\/div><\/figure>\n\t\t<\/div>\n\n<p>Les ense\u00f1an a buscar y cortar setas comestibles que luego usan para cocinar.<\/p>\n<p><img loading=\"lazy\" decoding=\"async\" class=\"alignnone size-full wp-image-3087\" src=\"https:\/\/madresdesterradas.es\/wp-content\/uploads\/2018\/09\/img-20180905-wa0050__01.jpg\" alt=\"IMG-20180905-WA0050__01\" width=\"768\" height=\"1024\" srcset=\"https:\/\/madresdesterradas.es\/wp-content\/uploads\/2018\/09\/img-20180905-wa0050__01.jpg 768w, https:\/\/madresdesterradas.es\/wp-content\/uploads\/2018\/09\/img-20180905-wa0050__01-395x527.jpg 395w, https:\/\/madresdesterradas.es\/wp-content\/uploads\/2018\/09\/img-20180905-wa0050__01-225x300.jpg 225w\" sizes=\"auto, (max-width: 768px) 100vw, 768px\" \/><\/p>\n<p>Tienen una zona de carpinter\u00eda (siempre con supervisi\u00f3n), donde hacen colgantes, preparan los palos para los columpios, amuletos\u2026<\/p>\n<div id='gallery-5' class='gallery galleryid-3080 gallery-columns-3 gallery-size-thumbnail'><figure class='gallery-item'>\n\t\t\t<div class='gallery-icon landscape'>\n\t\t\t\t<a href='https:\/\/madresdesterradas.es\/index.php\/2018\/09\/19\/un-colegio-en-el-bosque\/img-20180909-wa0024\/'><img loading=\"lazy\" decoding=\"async\" width=\"150\" height=\"150\" src=\"https:\/\/madresdesterradas.es\/wp-content\/uploads\/2018\/09\/img-20180909-wa0024-150x150.jpg\" class=\"attachment-thumbnail size-thumbnail\" alt=\"\" srcset=\"https:\/\/madresdesterradas.es\/wp-content\/uploads\/2018\/09\/img-20180909-wa0024-150x150.jpg 150w, https:\/\/madresdesterradas.es\/wp-content\/uploads\/2018\/09\/img-20180909-wa0024-85x85.jpg 85w, https:\/\/madresdesterradas.es\/wp-content\/uploads\/2018\/09\/img-20180909-wa0024-170x170.jpg 170w\" sizes=\"auto, (max-width: 150px) 100vw, 150px\" \/><\/a>\n\t\t\t<\/div><\/figure><figure class='gallery-item'>\n\t\t\t<div class='gallery-icon landscape'>\n\t\t\t\t<a href='https:\/\/madresdesterradas.es\/index.php\/2018\/09\/19\/un-colegio-en-el-bosque\/img-20180909-wa0026\/'><img loading=\"lazy\" decoding=\"async\" width=\"150\" height=\"150\" src=\"https:\/\/madresdesterradas.es\/wp-content\/uploads\/2018\/09\/img-20180909-wa0026-150x150.jpg\" class=\"attachment-thumbnail size-thumbnail\" alt=\"\" srcset=\"https:\/\/madresdesterradas.es\/wp-content\/uploads\/2018\/09\/img-20180909-wa0026-150x150.jpg 150w, https:\/\/madresdesterradas.es\/wp-content\/uploads\/2018\/09\/img-20180909-wa0026-85x85.jpg 85w, https:\/\/madresdesterradas.es\/wp-content\/uploads\/2018\/09\/img-20180909-wa0026-170x170.jpg 170w\" sizes=\"auto, (max-width: 150px) 100vw, 150px\" \/><\/a>\n\t\t\t<\/div><\/figure><figure class='gallery-item'>\n\t\t\t<div class='gallery-icon portrait'>\n\t\t\t\t<a href='https:\/\/madresdesterradas.es\/index.php\/2018\/09\/19\/un-colegio-en-el-bosque\/img-20180909-wa0023\/'><img loading=\"lazy\" decoding=\"async\" width=\"150\" height=\"150\" src=\"https:\/\/madresdesterradas.es\/wp-content\/uploads\/2018\/09\/img-20180909-wa0023-150x150.jpg\" class=\"attachment-thumbnail size-thumbnail\" alt=\"\" srcset=\"https:\/\/madresdesterradas.es\/wp-content\/uploads\/2018\/09\/img-20180909-wa0023-150x150.jpg 150w, https:\/\/madresdesterradas.es\/wp-content\/uploads\/2018\/09\/img-20180909-wa0023-85x85.jpg 85w, https:\/\/madresdesterradas.es\/wp-content\/uploads\/2018\/09\/img-20180909-wa0023-170x170.jpg 170w\" sizes=\"auto, (max-width: 150px) 100vw, 150px\" \/><\/a>\n\t\t\t<\/div><\/figure><figure class='gallery-item'>\n\t\t\t<div class='gallery-icon portrait'>\n\t\t\t\t<a href='https:\/\/madresdesterradas.es\/index.php\/2018\/09\/19\/un-colegio-en-el-bosque\/img-20180909-wa0020__01\/'><img loading=\"lazy\" decoding=\"async\" width=\"150\" height=\"150\" src=\"https:\/\/madresdesterradas.es\/wp-content\/uploads\/2018\/09\/img-20180909-wa0020__01-150x150.jpg\" class=\"attachment-thumbnail size-thumbnail\" alt=\"\" srcset=\"https:\/\/madresdesterradas.es\/wp-content\/uploads\/2018\/09\/img-20180909-wa0020__01-150x150.jpg 150w, https:\/\/madresdesterradas.es\/wp-content\/uploads\/2018\/09\/img-20180909-wa0020__01-85x85.jpg 85w, https:\/\/madresdesterradas.es\/wp-content\/uploads\/2018\/09\/img-20180909-wa0020__01-170x170.jpg 170w\" sizes=\"auto, (max-width: 150px) 100vw, 150px\" \/><\/a>\n\t\t\t<\/div><\/figure>\n\t\t<\/div>\n\n<p>Poco a poco, van construyendo caba\u00f1as en el bosque para guarecerse de la lluvia y la nieve (conforme avance el curso).<\/p>\n<p><img loading=\"lazy\" decoding=\"async\" class=\"alignnone size-full wp-image-3092\" src=\"https:\/\/madresdesterradas.es\/wp-content\/uploads\/2018\/09\/img-20180909-wa0017.jpg\" alt=\"IMG-20180909-WA0017\" width=\"1200\" height=\"1600\" srcset=\"https:\/\/madresdesterradas.es\/wp-content\/uploads\/2018\/09\/img-20180909-wa0017.jpg 1200w, https:\/\/madresdesterradas.es\/wp-content\/uploads\/2018\/09\/img-20180909-wa0017-825x1100.jpg 825w, https:\/\/madresdesterradas.es\/wp-content\/uploads\/2018\/09\/img-20180909-wa0017-395x527.jpg 395w, https:\/\/madresdesterradas.es\/wp-content\/uploads\/2018\/09\/img-20180909-wa0017-225x300.jpg 225w, https:\/\/madresdesterradas.es\/wp-content\/uploads\/2018\/09\/img-20180909-wa0017-768x1024.jpg 768w\" sizes=\"auto, (max-width: 1200px) 100vw, 1200px\" \/><\/p>\n<p>Mensualmente, organizan una fiesta para padres, ni\u00f1os y monitores (habitualmente en el bosque o seg\u00fan el clima, en otra ubicaci\u00f3n).<\/p>\n<p><img loading=\"lazy\" decoding=\"async\" class=\"alignnone size-full wp-image-3091\" src=\"https:\/\/madresdesterradas.es\/wp-content\/uploads\/2018\/09\/img-20180909-wa0016__01.jpg\" alt=\"IMG-20180909-WA0016__01\" width=\"1200\" height=\"1600\" srcset=\"https:\/\/madresdesterradas.es\/wp-content\/uploads\/2018\/09\/img-20180909-wa0016__01.jpg 1200w, https:\/\/madresdesterradas.es\/wp-content\/uploads\/2018\/09\/img-20180909-wa0016__01-825x1100.jpg 825w, https:\/\/madresdesterradas.es\/wp-content\/uploads\/2018\/09\/img-20180909-wa0016__01-395x527.jpg 395w, https:\/\/madresdesterradas.es\/wp-content\/uploads\/2018\/09\/img-20180909-wa0016__01-225x300.jpg 225w, https:\/\/madresdesterradas.es\/wp-content\/uploads\/2018\/09\/img-20180909-wa0016__01-768x1024.jpg 768w\" sizes=\"auto, (max-width: 1200px) 100vw, 1200px\" \/><\/p>\n<p>Toda una experiencia\u2026<\/p>\n<p>\u00a1Cu\u00e1nto nos hubiera gustado poder disfrutar algo as\u00ed de ni\u00f1os! \u00bfverdad?<\/p>\n","protected":false},"excerpt":{"rendered":"<p>Nuestra suiza favorita ya ha empezado su escuela en el bosque, como os coment\u00e1bamos hace unos meses. \u00a1No podemos estar m\u00e1s contentas ante esta nueva etapa que comienza y la experiencia que va a vivir! Es una escuela concienciada con el medio ambiente en la que el ni\u00f1o tiene que aprender a manejarse con el [&hellip;]<\/p>\n","protected":false},"author":1,"featured_media":3085,"comment_status":"open","ping_status":"open","sticky":false,"template":"","format":"standard","meta":{"_monsterinsights_skip_tracking":false,"_monsterinsights_sitenote_active":false,"_monsterinsights_sitenote_note":"","_monsterinsights_sitenote_category":0,"_uf_show_specific_survey":0,"_uf_disable_surveys":false,"footnotes":""},"categories":[1921],"tags":[2215,1426,2216,1429,2217,2218,2219,2220,2221,2222,1781,2223,2176,1667,2224,2225,1953,2226,2227],"class_list":["post-3080","post","type-post","status-publish","format-standard","has-post-thumbnail","hentry","category-excursionesbio","tag-arboles","tag-autonomia","tag-bosque-escuela","tag-cocinar","tag-colegio-en-el-bosque","tag-colegios-alternativos","tag-cuidar-la-naturaleza","tag-ensenanza-alternativa","tag-escuela-bosque","tag-escuela-en-el-bosque","tag-forest","tag-independencia","tag-land-art","tag-reggio","tag-revolutionnerleducation","tag-setas","tag-suiza","tag-supervivencia","tag-toddler"],"_links":{"self":[{"href":"https:\/\/madresdesterradas.es\/index.php\/wp-json\/wp\/v2\/posts\/3080","targetHints":{"allow":["GET"]}}],"collection":[{"href":"https:\/\/madresdesterradas.es\/index.php\/wp-json\/wp\/v2\/posts"}],"about":[{"href":"https:\/\/madresdesterradas.es\/index.php\/wp-json\/wp\/v2\/types\/post"}],"author":[{"embeddable":true,"href":"https:\/\/madresdesterradas.es\/index.php\/wp-json\/wp\/v2\/users\/1"}],"replies":[{"embeddable":true,"href":"https:\/\/madresdesterradas.es\/index.php\/wp-json\/wp\/v2\/comments?post=3080"}],"version-history":[{"count":0,"href":"https:\/\/madresdesterradas.es\/index.php\/wp-json\/wp\/v2\/posts\/3080\/revisions"}],"wp:featuredmedia":[{"embeddable":true,"href":"https:\/\/madresdesterradas.es\/index.php\/wp-json\/wp\/v2\/media\/3085"}],"wp:attachment":[{"href":"https:\/\/madresdesterradas.es\/index.php\/wp-json\/wp\/v2\/media?parent=3080"}],"wp:term":[{"taxonomy":"category","embeddable":true,"href":"https:\/\/madresdesterradas.es\/index.php\/wp-json\/wp\/v2\/categories?post=3080"},{"taxonomy":"post_tag","embeddable":true,"href":"https:\/\/madresdesterradas.es\/index.php\/wp-json\/wp\/v2\/tags?post=3080"}],"curies":[{"name":"wp","href":"https:\/\/api.w.org\/{rel}","templated":true}]}}