{"id":14540,"date":"2024-01-22T22:29:32","date_gmt":"2024-01-22T21:29:32","guid":{"rendered":"https:\/\/madresdesterradas.es\/?p=14540"},"modified":"2024-01-22T22:34:47","modified_gmt":"2024-01-22T21:34:47","slug":"indiana-tours-valencia","status":"publish","type":"post","link":"https:\/\/madresdesterradas.es\/index.php\/2024\/01\/22\/indiana-tours-valencia\/","title":{"rendered":"Indiana Tours Valencia"},"content":{"rendered":"\n<figure class=\"wp-block-image size-large\"><img loading=\"lazy\" decoding=\"async\" width=\"771\" height=\"1024\" src=\"https:\/\/madresdesterradas.es\/wp-content\/uploads\/2024\/01\/1000125082-771x1024.jpg\" alt=\"\" class=\"wp-image-14554\" srcset=\"https:\/\/madresdesterradas.es\/wp-content\/uploads\/2024\/01\/1000125082-771x1024.jpg 771w, https:\/\/madresdesterradas.es\/wp-content\/uploads\/2024\/01\/1000125082-226x300.jpg 226w, https:\/\/madresdesterradas.es\/wp-content\/uploads\/2024\/01\/1000125082-768x1020.jpg 768w, https:\/\/madresdesterradas.es\/wp-content\/uploads\/2024\/01\/1000125082-1157x1536.jpg 1157w, https:\/\/madresdesterradas.es\/wp-content\/uploads\/2024\/01\/1000125082-1255x1667.jpg 1255w, https:\/\/madresdesterradas.es\/wp-content\/uploads\/2024\/01\/1000125082-825x1096.jpg 825w, https:\/\/madresdesterradas.es\/wp-content\/uploads\/2024\/01\/1000125082-395x525.jpg 395w, https:\/\/madresdesterradas.es\/wp-content\/uploads\/2024\/01\/1000125082.jpg 1536w\" sizes=\"auto, (max-width: 771px) 100vw, 771px\" \/><\/figure>\n\n\n\n<p>Indiana Jones nos cita en la puerta de los Ap\u00f3stoles, conocida por todos en Valencia, punto de reuni\u00f3n del Tribunal de las Aguas, que est\u00e1 situada en la Plaza de la Virgen (donde podr\u00e9is dar de comer a muchas palomas \ud83d\ude09, que siempre nos ha gustado de peque\u00f1as). En esta plaza, tendremos la parte posterior de la Catedral, la Bas\u00edlica de la Virgen de los Desamparados y, un poco m\u00e1s alejados, pasando la fuente que simboliza el r\u00edo Turia, el Palacio de la Generalitat.<\/p>\n\n\n\n<figure class=\"wp-block-image size-large\"><img loading=\"lazy\" decoding=\"async\" width=\"1024\" height=\"771\" src=\"https:\/\/madresdesterradas.es\/wp-content\/uploads\/2024\/01\/PXL_20230808_083108244-1024x771.jpg\" alt=\"\" class=\"wp-image-14553\" srcset=\"https:\/\/madresdesterradas.es\/wp-content\/uploads\/2024\/01\/PXL_20230808_083108244-1024x771.jpg 1024w, https:\/\/madresdesterradas.es\/wp-content\/uploads\/2024\/01\/PXL_20230808_083108244-300x226.jpg 300w, https:\/\/madresdesterradas.es\/wp-content\/uploads\/2024\/01\/PXL_20230808_083108244-768x578.jpg 768w, https:\/\/madresdesterradas.es\/wp-content\/uploads\/2024\/01\/PXL_20230808_083108244-1536x1157.jpg 1536w, https:\/\/madresdesterradas.es\/wp-content\/uploads\/2024\/01\/PXL_20230808_083108244-1255x945.jpg 1255w, https:\/\/madresdesterradas.es\/wp-content\/uploads\/2024\/01\/PXL_20230808_083108244-825x621.jpg 825w, https:\/\/madresdesterradas.es\/wp-content\/uploads\/2024\/01\/PXL_20230808_083108244-395x297.jpg 395w, https:\/\/madresdesterradas.es\/wp-content\/uploads\/2024\/01\/PXL_20230808_083108244.jpg 2040w\" sizes=\"auto, (max-width: 1024px) 100vw, 1024px\" \/><\/figure>\n\n\n\n<p>A todo esto&#8230;Todos sab\u00e9is que el Santo Grial o el Santo C\u00e1liz est\u00e1n en Valencia \u00bfVerdad? Nosotras lo vimos por primera vez en 7\u00ba de EGB, porque las monjas nos mandaron a hacer una redacci\u00f3n describiendo el Santo Grial y desde entonces, lo tenemos clar\u00edsimo \ud83d\ude1c.<\/p>\n\n\n\n<p>A trav\u00e9s de un recorrido por el centro de Valencia de unos 90 minutos de duraci\u00f3n, Indi nos ense\u00f1ar\u00e1 una serie de ubicaciones y se\u00f1ales que demuestran que el Sando C\u00e1liz est\u00e1 en Valencia, as\u00ed como los \u00fanicos a\u00f1os en los que (por protecci\u00f3n) sali\u00f3 de la catedral y podremos averiguar d\u00f3nde estuvo y qu\u00e9 le pas\u00f3 durante esa \u00e9poca.<\/p>\n\n\n\n<p>Justo a la hora de la cita, o\u00edmos una m\u00fasica conocida para todos aquellos que hemos nacido en los 80. \u00a1Indiana Jones se acerca!<\/p>\n\n\n\n<p>Aquellos atrevidos, podr\u00e9is subir a una bola gigante y \u00a1Hasta saltar encima! Como en las pel\u00edculas.<\/p>\n\n\n\n<figure class=\"wp-block-image size-large\"><img loading=\"lazy\" decoding=\"async\" width=\"771\" height=\"1024\" src=\"https:\/\/madresdesterradas.es\/wp-content\/uploads\/2024\/01\/1000125080-771x1024.jpg\" alt=\"\" class=\"wp-image-14555\" srcset=\"https:\/\/madresdesterradas.es\/wp-content\/uploads\/2024\/01\/1000125080-771x1024.jpg 771w, https:\/\/madresdesterradas.es\/wp-content\/uploads\/2024\/01\/1000125080-226x300.jpg 226w, https:\/\/madresdesterradas.es\/wp-content\/uploads\/2024\/01\/1000125080-768x1020.jpg 768w, https:\/\/madresdesterradas.es\/wp-content\/uploads\/2024\/01\/1000125080-1157x1536.jpg 1157w, https:\/\/madresdesterradas.es\/wp-content\/uploads\/2024\/01\/1000125080-1255x1667.jpg 1255w, https:\/\/madresdesterradas.es\/wp-content\/uploads\/2024\/01\/1000125080-825x1096.jpg 825w, https:\/\/madresdesterradas.es\/wp-content\/uploads\/2024\/01\/1000125080-395x525.jpg 395w, https:\/\/madresdesterradas.es\/wp-content\/uploads\/2024\/01\/1000125080.jpg 1536w\" sizes=\"auto, (max-width: 771px) 100vw, 771px\" \/><\/figure>\n\n\n\n<p>Despu\u00e9s, daremos la vuelta por detr\u00e1s del cimborrio de la Catedral, buscando lo que nos est\u00e1 indicando Indi, para llegar a la Plaza de la Almoina, donde nos contar\u00e1 la vida de San Vicente de Huesca o San Vicente M\u00e1rtir (cuya festividad es hoy, as\u00ed que es fiesta en Valencia) y la historia de su martirio (con representaci\u00f3n de alguna de las torturas) hasta que finalmente muri\u00f3 sin renunciar a su fe, el 21 de enero del a\u00f1o 304 durante la persecuci\u00f3n ordenada por el emperador romano Diocleciano.<\/p>\n\n\n<div class=\"wp-block-image\">\n<figure class=\"aligncenter size-large\"><img loading=\"lazy\" decoding=\"async\" width=\"771\" height=\"1024\" src=\"https:\/\/madresdesterradas.es\/wp-content\/uploads\/2024\/01\/PXL_20230808_084940491-771x1024.jpg\" alt=\"\" class=\"wp-image-14556\" srcset=\"https:\/\/madresdesterradas.es\/wp-content\/uploads\/2024\/01\/PXL_20230808_084940491-771x1024.jpg 771w, https:\/\/madresdesterradas.es\/wp-content\/uploads\/2024\/01\/PXL_20230808_084940491-226x300.jpg 226w, https:\/\/madresdesterradas.es\/wp-content\/uploads\/2024\/01\/PXL_20230808_084940491-768x1020.jpg 768w, https:\/\/madresdesterradas.es\/wp-content\/uploads\/2024\/01\/PXL_20230808_084940491-1157x1536.jpg 1157w, https:\/\/madresdesterradas.es\/wp-content\/uploads\/2024\/01\/PXL_20230808_084940491-1255x1667.jpg 1255w, https:\/\/madresdesterradas.es\/wp-content\/uploads\/2024\/01\/PXL_20230808_084940491-825x1096.jpg 825w, https:\/\/madresdesterradas.es\/wp-content\/uploads\/2024\/01\/PXL_20230808_084940491-395x525.jpg 395w, https:\/\/madresdesterradas.es\/wp-content\/uploads\/2024\/01\/PXL_20230808_084940491.jpg 1536w\" sizes=\"auto, (max-width: 771px) 100vw, 771px\" \/><figcaption class=\"wp-element-caption\">Aqu\u00ed estuvo la c\u00e1rcel donde estuvo encerrado<\/figcaption><\/figure>\n<\/div>\n\n\n<p class=\"has-small-font-size\"><em>San Vicente estaba encerrado en una celda llena de cristales clavados en el suelo, fue colocado en una cruz en aspa (representado en la foto que acab\u00e1is de ver) y despu\u00e9s en la catasta, donde le rompieron los huesos, le azotaron, y le abrieron las carnes con u\u00f1as de garfios de acero. Pero, no pudiendo minar su resistencia, mand\u00f3 entonces Publio Daciano que fuese desollado y colocado en una parrilla en ascuas. Fue arrojado m\u00e1s tarde a una mazmorra, falleciendo despu\u00e9s y siendo tirado a un basurero, donde fue defendido por una gran \u00e1guila ramada. Su cuerpo a\u00fan se arroj\u00f3 al r\u00edo Turia en un pellejo con una piedra de molino (otro de los s\u00edmbolos) pero fue devuelto a la orilla, recibiendo sepultura a las afueras de Valencia. Cuenta la leyenda, que su verdugo se convirti\u00f3 tras ver la entereza de Vicente. Y supuestamente, tenemos su brazo izquierdo conservado en la catedral (se ha reconocido que es un brazo de un hombre joven quemado en el s. IV).<\/em><\/p>\n\n\n\n<p>Una vez hayamos terminado de ver la c\u00e1rcel de San Vicente, tendremos a nuestras espaldas la Puerta Rom\u00e1nica de la Catedral de Valencia. All\u00ed, hay unas marcas en la pared que nos indicar\u00e1n que vamos por el buen camino en busca del Santo Grial&#8230; tambi\u00e9n est\u00e1n indicadas 2 fechas, que hacen referencia al per\u00edodo en los que el Grial no estuvo en la catedral.<\/p>\n\n\n\n<figure class=\"wp-block-image size-large\"><img loading=\"lazy\" decoding=\"async\" width=\"771\" height=\"1024\" src=\"https:\/\/madresdesterradas.es\/wp-content\/uploads\/2024\/01\/PXL_20230808_090431339-771x1024.jpg\" alt=\"\" class=\"wp-image-14557\" srcset=\"https:\/\/madresdesterradas.es\/wp-content\/uploads\/2024\/01\/PXL_20230808_090431339-771x1024.jpg 771w, https:\/\/madresdesterradas.es\/wp-content\/uploads\/2024\/01\/PXL_20230808_090431339-226x300.jpg 226w, https:\/\/madresdesterradas.es\/wp-content\/uploads\/2024\/01\/PXL_20230808_090431339-768x1020.jpg 768w, https:\/\/madresdesterradas.es\/wp-content\/uploads\/2024\/01\/PXL_20230808_090431339-1157x1536.jpg 1157w, https:\/\/madresdesterradas.es\/wp-content\/uploads\/2024\/01\/PXL_20230808_090431339-1255x1667.jpg 1255w, https:\/\/madresdesterradas.es\/wp-content\/uploads\/2024\/01\/PXL_20230808_090431339-825x1096.jpg 825w, https:\/\/madresdesterradas.es\/wp-content\/uploads\/2024\/01\/PXL_20230808_090431339-395x525.jpg 395w, https:\/\/madresdesterradas.es\/wp-content\/uploads\/2024\/01\/PXL_20230808_090431339.jpg 1536w\" sizes=\"auto, (max-width: 771px) 100vw, 771px\" \/><\/figure>\n\n\n\n<figure class=\"wp-block-image size-large\"><img loading=\"lazy\" decoding=\"async\" width=\"771\" height=\"1024\" src=\"https:\/\/madresdesterradas.es\/wp-content\/uploads\/2024\/01\/PXL_20230808_090349250-771x1024.jpg\" alt=\"\" class=\"wp-image-14558\" srcset=\"https:\/\/madresdesterradas.es\/wp-content\/uploads\/2024\/01\/PXL_20230808_090349250-771x1024.jpg 771w, https:\/\/madresdesterradas.es\/wp-content\/uploads\/2024\/01\/PXL_20230808_090349250-226x300.jpg 226w, https:\/\/madresdesterradas.es\/wp-content\/uploads\/2024\/01\/PXL_20230808_090349250-768x1020.jpg 768w, https:\/\/madresdesterradas.es\/wp-content\/uploads\/2024\/01\/PXL_20230808_090349250-1157x1536.jpg 1157w, https:\/\/madresdesterradas.es\/wp-content\/uploads\/2024\/01\/PXL_20230808_090349250-1255x1667.jpg 1255w, https:\/\/madresdesterradas.es\/wp-content\/uploads\/2024\/01\/PXL_20230808_090349250-825x1096.jpg 825w, https:\/\/madresdesterradas.es\/wp-content\/uploads\/2024\/01\/PXL_20230808_090349250-395x525.jpg 395w, https:\/\/madresdesterradas.es\/wp-content\/uploads\/2024\/01\/PXL_20230808_090349250.jpg 1536w\" sizes=\"auto, (max-width: 771px) 100vw, 771px\" \/><\/figure>\n\n\n\n<p>Seguiremos el camino hacia los Ba\u00f1os del Almirante, cerrados desde el COVID, pero muy bonitos de visitar (anotadlos para cuando vuelvan a abrirse&#8230;). Indi nos hablar\u00e1 de una \u00e9poca oscura en Europa, La Peste Negra, las m\u00e1scaras que se utilizaban&#8230;Adem\u00e1s, nos ense\u00f1ar\u00e1 un dibujo sobre la arquitectura y el motivo de construcci\u00f3n de dichos ba\u00f1os.<\/p>\n\n\n\n<figure class=\"wp-block-image size-large\"><img loading=\"lazy\" decoding=\"async\" width=\"771\" height=\"1024\" src=\"https:\/\/madresdesterradas.es\/wp-content\/uploads\/2024\/01\/PXL_20230808_093047086-771x1024.jpg\" alt=\"\" class=\"wp-image-14560\" srcset=\"https:\/\/madresdesterradas.es\/wp-content\/uploads\/2024\/01\/PXL_20230808_093047086-771x1024.jpg 771w, https:\/\/madresdesterradas.es\/wp-content\/uploads\/2024\/01\/PXL_20230808_093047086-226x300.jpg 226w, https:\/\/madresdesterradas.es\/wp-content\/uploads\/2024\/01\/PXL_20230808_093047086-768x1020.jpg 768w, https:\/\/madresdesterradas.es\/wp-content\/uploads\/2024\/01\/PXL_20230808_093047086-1157x1536.jpg 1157w, https:\/\/madresdesterradas.es\/wp-content\/uploads\/2024\/01\/PXL_20230808_093047086-1255x1667.jpg 1255w, https:\/\/madresdesterradas.es\/wp-content\/uploads\/2024\/01\/PXL_20230808_093047086-825x1096.jpg 825w, https:\/\/madresdesterradas.es\/wp-content\/uploads\/2024\/01\/PXL_20230808_093047086-395x525.jpg 395w, https:\/\/madresdesterradas.es\/wp-content\/uploads\/2024\/01\/PXL_20230808_093047086.jpg 1536w\" sizes=\"auto, (max-width: 771px) 100vw, 771px\" \/><\/figure>\n\n\n\n<p>Pasaremos por la calle de la Cruz Nueva, donde  encontraremos otro importante indicio sobre el Santo Grial. Esta pista est\u00e1 custodiada por dos dragones feroces y habr\u00e1 que tener cuidado.<\/p>\n\n\n\n<figure class=\"wp-block-image size-large\"><img loading=\"lazy\" decoding=\"async\" width=\"771\" height=\"1024\" src=\"https:\/\/madresdesterradas.es\/wp-content\/uploads\/2024\/01\/PXL_20230808_094000267-771x1024.jpg\" alt=\"\" class=\"wp-image-14561\" srcset=\"https:\/\/madresdesterradas.es\/wp-content\/uploads\/2024\/01\/PXL_20230808_094000267-771x1024.jpg 771w, https:\/\/madresdesterradas.es\/wp-content\/uploads\/2024\/01\/PXL_20230808_094000267-226x300.jpg 226w, https:\/\/madresdesterradas.es\/wp-content\/uploads\/2024\/01\/PXL_20230808_094000267-768x1020.jpg 768w, https:\/\/madresdesterradas.es\/wp-content\/uploads\/2024\/01\/PXL_20230808_094000267-1157x1536.jpg 1157w, https:\/\/madresdesterradas.es\/wp-content\/uploads\/2024\/01\/PXL_20230808_094000267-1255x1667.jpg 1255w, https:\/\/madresdesterradas.es\/wp-content\/uploads\/2024\/01\/PXL_20230808_094000267-825x1096.jpg 825w, https:\/\/madresdesterradas.es\/wp-content\/uploads\/2024\/01\/PXL_20230808_094000267-395x525.jpg 395w, https:\/\/madresdesterradas.es\/wp-content\/uploads\/2024\/01\/PXL_20230808_094000267.jpg 1536w\" sizes=\"auto, (max-width: 771px) 100vw, 771px\" \/><\/figure>\n\n\n\n<p>De aqu\u00ed, iremos a la plaza del Colegio del Patriarca, donde tenemos una leyenda muy antigua en Valencia sobre 2 cocodrilos gigantescos (tan grandes que, en aquella \u00e9poca, hasta pensaban que eran dragones&#8230;que ya sab\u00e9is qu\u00e9 es lo que protegen&#8230;). <\/p>\n\n\n\n<figure class=\"wp-block-image size-large\"><img loading=\"lazy\" decoding=\"async\" width=\"1024\" height=\"771\" src=\"https:\/\/madresdesterradas.es\/wp-content\/uploads\/2024\/01\/PXL_20230808_094523219-1024x771.jpg\" alt=\"\" class=\"wp-image-14562\" srcset=\"https:\/\/madresdesterradas.es\/wp-content\/uploads\/2024\/01\/PXL_20230808_094523219-1024x771.jpg 1024w, https:\/\/madresdesterradas.es\/wp-content\/uploads\/2024\/01\/PXL_20230808_094523219-300x226.jpg 300w, https:\/\/madresdesterradas.es\/wp-content\/uploads\/2024\/01\/PXL_20230808_094523219-768x578.jpg 768w, https:\/\/madresdesterradas.es\/wp-content\/uploads\/2024\/01\/PXL_20230808_094523219-1536x1157.jpg 1536w, https:\/\/madresdesterradas.es\/wp-content\/uploads\/2024\/01\/PXL_20230808_094523219-1255x945.jpg 1255w, https:\/\/madresdesterradas.es\/wp-content\/uploads\/2024\/01\/PXL_20230808_094523219-825x621.jpg 825w, https:\/\/madresdesterradas.es\/wp-content\/uploads\/2024\/01\/PXL_20230808_094523219-395x297.jpg 395w, https:\/\/madresdesterradas.es\/wp-content\/uploads\/2024\/01\/PXL_20230808_094523219.jpg 2040w\" sizes=\"auto, (max-width: 1024px) 100vw, 1024px\" \/><\/figure>\n\n\n\n<p>En esta plaza, Indiana nos cuenta la historia del cocodrilo disecado escondido en la Iglesia del Patriarca. Este cocodrilo permaneci\u00f3 toda su vida protegiendo un cuadro en el que se puede ver el Santo Grial sobre el altar principal. Para probar la valent\u00eda de sus compa\u00f1eros de viaje, Indi lanzar\u00e1 l\u00e1tigos y cuchillos a nuestro protagonista (ninguno de los asistentes sufri\u00f3 heridas \ud83d\ude05 \u00bfos suena Hemingway, Orson Wells, un cigarro y una pistola? Pues tambi\u00e9n pas\u00f3 en Valencia).<\/p>\n\n\n\n<figure class=\"wp-block-image size-large\"><img loading=\"lazy\" decoding=\"async\" width=\"1024\" height=\"576\" src=\"https:\/\/madresdesterradas.es\/wp-content\/uploads\/2024\/01\/PXL_20230808_095059985-1024x576.jpg\" alt=\"\" class=\"wp-image-14563\" srcset=\"https:\/\/madresdesterradas.es\/wp-content\/uploads\/2024\/01\/PXL_20230808_095059985-1024x576.jpg 1024w, https:\/\/madresdesterradas.es\/wp-content\/uploads\/2024\/01\/PXL_20230808_095059985-300x169.jpg 300w, https:\/\/madresdesterradas.es\/wp-content\/uploads\/2024\/01\/PXL_20230808_095059985-768x432.jpg 768w, https:\/\/madresdesterradas.es\/wp-content\/uploads\/2024\/01\/PXL_20230808_095059985-1536x864.jpg 1536w, https:\/\/madresdesterradas.es\/wp-content\/uploads\/2024\/01\/PXL_20230808_095059985-1255x706.jpg 1255w, https:\/\/madresdesterradas.es\/wp-content\/uploads\/2024\/01\/PXL_20230808_095059985-825x464.jpg 825w, https:\/\/madresdesterradas.es\/wp-content\/uploads\/2024\/01\/PXL_20230808_095059985-395x222.jpg 395w, https:\/\/madresdesterradas.es\/wp-content\/uploads\/2024\/01\/PXL_20230808_095059985.jpg 2016w\" sizes=\"auto, (max-width: 1024px) 100vw, 1024px\" \/><\/figure>\n\n\n\n<p>De aqu\u00ed ya nos encaminamos hacia el museo de cer\u00e1mica, el palacio del Marqu\u00e9s de Dos Aguas. Adem\u00e1s, Indi te hablar\u00e1 de las leyendas y misterios que se esconden tras sus puertas y revisaremos el emblema de esta casa&#8230;\u00bfAdivin\u00e1is qu\u00e9 tendr\u00e1?<\/p>\n\n\n\n<div class=\"wp-block-columns is-layout-flex wp-container-core-columns-is-layout-9d6595d7 wp-block-columns-is-layout-flex\">\n<div class=\"wp-block-column is-layout-flow wp-block-column-is-layout-flow\">\n<figure class=\"wp-block-image size-large\"><img loading=\"lazy\" decoding=\"async\" width=\"771\" height=\"1024\" src=\"https:\/\/madresdesterradas.es\/wp-content\/uploads\/2024\/01\/PXL_20230808_100603253-771x1024.jpg\" alt=\"\" class=\"wp-image-14564\" srcset=\"https:\/\/madresdesterradas.es\/wp-content\/uploads\/2024\/01\/PXL_20230808_100603253-771x1024.jpg 771w, https:\/\/madresdesterradas.es\/wp-content\/uploads\/2024\/01\/PXL_20230808_100603253-226x300.jpg 226w, https:\/\/madresdesterradas.es\/wp-content\/uploads\/2024\/01\/PXL_20230808_100603253-768x1020.jpg 768w, https:\/\/madresdesterradas.es\/wp-content\/uploads\/2024\/01\/PXL_20230808_100603253-1157x1536.jpg 1157w, https:\/\/madresdesterradas.es\/wp-content\/uploads\/2024\/01\/PXL_20230808_100603253-1255x1667.jpg 1255w, https:\/\/madresdesterradas.es\/wp-content\/uploads\/2024\/01\/PXL_20230808_100603253-825x1096.jpg 825w, https:\/\/madresdesterradas.es\/wp-content\/uploads\/2024\/01\/PXL_20230808_100603253-395x525.jpg 395w, https:\/\/madresdesterradas.es\/wp-content\/uploads\/2024\/01\/PXL_20230808_100603253.jpg 1536w\" sizes=\"auto, (max-width: 771px) 100vw, 771px\" \/><\/figure>\n<\/div>\n\n\n\n<div class=\"wp-block-column is-layout-flow wp-block-column-is-layout-flow\">\n<figure class=\"wp-block-image size-large\"><img loading=\"lazy\" decoding=\"async\" width=\"771\" height=\"1024\" src=\"https:\/\/madresdesterradas.es\/wp-content\/uploads\/2024\/01\/PXL_20230808_100711792-771x1024.jpg\" alt=\"\" class=\"wp-image-14565\" srcset=\"https:\/\/madresdesterradas.es\/wp-content\/uploads\/2024\/01\/PXL_20230808_100711792-771x1024.jpg 771w, https:\/\/madresdesterradas.es\/wp-content\/uploads\/2024\/01\/PXL_20230808_100711792-226x300.jpg 226w, https:\/\/madresdesterradas.es\/wp-content\/uploads\/2024\/01\/PXL_20230808_100711792-768x1020.jpg 768w, https:\/\/madresdesterradas.es\/wp-content\/uploads\/2024\/01\/PXL_20230808_100711792-1157x1536.jpg 1157w, https:\/\/madresdesterradas.es\/wp-content\/uploads\/2024\/01\/PXL_20230808_100711792-1255x1667.jpg 1255w, https:\/\/madresdesterradas.es\/wp-content\/uploads\/2024\/01\/PXL_20230808_100711792-825x1096.jpg 825w, https:\/\/madresdesterradas.es\/wp-content\/uploads\/2024\/01\/PXL_20230808_100711792-395x525.jpg 395w, https:\/\/madresdesterradas.es\/wp-content\/uploads\/2024\/01\/PXL_20230808_100711792.jpg 1536w\" sizes=\"auto, (max-width: 771px) 100vw, 771px\" \/><\/figure>\n<\/div>\n\n\n\n<div class=\"wp-block-column is-layout-flow wp-block-column-is-layout-flow\">\n<figure class=\"wp-block-image size-large\"><img loading=\"lazy\" decoding=\"async\" width=\"771\" height=\"1024\" src=\"https:\/\/madresdesterradas.es\/wp-content\/uploads\/2024\/01\/PXL_20230808_101210576-771x1024.jpg\" alt=\"\" class=\"wp-image-14566\" srcset=\"https:\/\/madresdesterradas.es\/wp-content\/uploads\/2024\/01\/PXL_20230808_101210576-771x1024.jpg 771w, https:\/\/madresdesterradas.es\/wp-content\/uploads\/2024\/01\/PXL_20230808_101210576-226x300.jpg 226w, https:\/\/madresdesterradas.es\/wp-content\/uploads\/2024\/01\/PXL_20230808_101210576-768x1020.jpg 768w, https:\/\/madresdesterradas.es\/wp-content\/uploads\/2024\/01\/PXL_20230808_101210576-1157x1536.jpg 1157w, https:\/\/madresdesterradas.es\/wp-content\/uploads\/2024\/01\/PXL_20230808_101210576-1255x1667.jpg 1255w, https:\/\/madresdesterradas.es\/wp-content\/uploads\/2024\/01\/PXL_20230808_101210576-825x1096.jpg 825w, https:\/\/madresdesterradas.es\/wp-content\/uploads\/2024\/01\/PXL_20230808_101210576-395x525.jpg 395w, https:\/\/madresdesterradas.es\/wp-content\/uploads\/2024\/01\/PXL_20230808_101210576.jpg 1536w\" sizes=\"auto, (max-width: 771px) 100vw, 771px\" \/><\/figure>\n<\/div>\n<\/div>\n\n\n\n<p>De camino a la plaza de la Reina y la calle San Vicente, pasamos obligatoriamente por la calle de la Abad\u00eda San de Mart\u00edn (calle donde naci\u00f3 \u00abel agua de Valencia\u00bb), en la parroquia de San Mart\u00edn Obispo y San Antonio Abad, tenemos tambi\u00e9n un fresco de la \u00daltima Cena, otra pista m\u00e1s. <\/p>\n\n\n\n<figure class=\"wp-block-image size-large\"><img loading=\"lazy\" decoding=\"async\" width=\"771\" height=\"1024\" src=\"https:\/\/madresdesterradas.es\/wp-content\/uploads\/2024\/01\/PXL_20230808_101712370-771x1024.jpg\" alt=\"\" class=\"wp-image-14568\" srcset=\"https:\/\/madresdesterradas.es\/wp-content\/uploads\/2024\/01\/PXL_20230808_101712370-771x1024.jpg 771w, https:\/\/madresdesterradas.es\/wp-content\/uploads\/2024\/01\/PXL_20230808_101712370-226x300.jpg 226w, https:\/\/madresdesterradas.es\/wp-content\/uploads\/2024\/01\/PXL_20230808_101712370-768x1020.jpg 768w, https:\/\/madresdesterradas.es\/wp-content\/uploads\/2024\/01\/PXL_20230808_101712370-1157x1536.jpg 1157w, https:\/\/madresdesterradas.es\/wp-content\/uploads\/2024\/01\/PXL_20230808_101712370-1255x1667.jpg 1255w, https:\/\/madresdesterradas.es\/wp-content\/uploads\/2024\/01\/PXL_20230808_101712370-825x1096.jpg 825w, https:\/\/madresdesterradas.es\/wp-content\/uploads\/2024\/01\/PXL_20230808_101712370-395x525.jpg 395w, https:\/\/madresdesterradas.es\/wp-content\/uploads\/2024\/01\/PXL_20230808_101712370.jpg 1536w\" sizes=\"auto, (max-width: 771px) 100vw, 771px\" \/><\/figure>\n\n\n\n<figure class=\"wp-block-image size-large\"><img loading=\"lazy\" decoding=\"async\" width=\"771\" height=\"1024\" src=\"https:\/\/madresdesterradas.es\/wp-content\/uploads\/2024\/01\/PXL_20230808_101548578-771x1024.jpg\" alt=\"\" class=\"wp-image-14569\" srcset=\"https:\/\/madresdesterradas.es\/wp-content\/uploads\/2024\/01\/PXL_20230808_101548578-771x1024.jpg 771w, https:\/\/madresdesterradas.es\/wp-content\/uploads\/2024\/01\/PXL_20230808_101548578-226x300.jpg 226w, https:\/\/madresdesterradas.es\/wp-content\/uploads\/2024\/01\/PXL_20230808_101548578-768x1020.jpg 768w, https:\/\/madresdesterradas.es\/wp-content\/uploads\/2024\/01\/PXL_20230808_101548578-1157x1536.jpg 1157w, https:\/\/madresdesterradas.es\/wp-content\/uploads\/2024\/01\/PXL_20230808_101548578-1255x1667.jpg 1255w, https:\/\/madresdesterradas.es\/wp-content\/uploads\/2024\/01\/PXL_20230808_101548578-825x1096.jpg 825w, https:\/\/madresdesterradas.es\/wp-content\/uploads\/2024\/01\/PXL_20230808_101548578-395x525.jpg 395w, https:\/\/madresdesterradas.es\/wp-content\/uploads\/2024\/01\/PXL_20230808_101548578.jpg 1536w\" sizes=\"auto, (max-width: 771px) 100vw, 771px\" \/><\/figure>\n\n\n\n<p>Llegaremos a la plaza de la Reina, donde Indi nos explicar\u00e1 c\u00f3mo saber d\u00f3nde est\u00e1 el Santo C\u00e1liz y terminar\u00e1 escupiendo fuego por la boca.<\/p>\n\n\n\n<figure class=\"wp-block-image size-large\"><img loading=\"lazy\" decoding=\"async\" width=\"771\" height=\"1024\" src=\"https:\/\/madresdesterradas.es\/wp-content\/uploads\/2024\/01\/PXL_20230808_102053210-771x1024.jpg\" alt=\"\" class=\"wp-image-14571\" srcset=\"https:\/\/madresdesterradas.es\/wp-content\/uploads\/2024\/01\/PXL_20230808_102053210-771x1024.jpg 771w, https:\/\/madresdesterradas.es\/wp-content\/uploads\/2024\/01\/PXL_20230808_102053210-226x300.jpg 226w, https:\/\/madresdesterradas.es\/wp-content\/uploads\/2024\/01\/PXL_20230808_102053210-768x1020.jpg 768w, https:\/\/madresdesterradas.es\/wp-content\/uploads\/2024\/01\/PXL_20230808_102053210-1157x1536.jpg 1157w, https:\/\/madresdesterradas.es\/wp-content\/uploads\/2024\/01\/PXL_20230808_102053210-1255x1667.jpg 1255w, https:\/\/madresdesterradas.es\/wp-content\/uploads\/2024\/01\/PXL_20230808_102053210-825x1096.jpg 825w, https:\/\/madresdesterradas.es\/wp-content\/uploads\/2024\/01\/PXL_20230808_102053210-395x525.jpg 395w, https:\/\/madresdesterradas.es\/wp-content\/uploads\/2024\/01\/PXL_20230808_102053210.jpg 1536w\" sizes=\"auto, (max-width: 771px) 100vw, 771px\" \/><\/figure>\n\n\n\n<p>Tras esto, os pod\u00e9is hacer fotos con \u00e9l antes de que se marche al son de su famosa canci\u00f3n.<\/p>\n\n\n\n<figure class=\"wp-block-image size-large\"><img loading=\"lazy\" decoding=\"async\" width=\"1024\" height=\"576\" src=\"https:\/\/madresdesterradas.es\/wp-content\/uploads\/2024\/01\/PXL_20230808_102317497-1024x576.jpg\" alt=\"\" class=\"wp-image-14573\" srcset=\"https:\/\/madresdesterradas.es\/wp-content\/uploads\/2024\/01\/PXL_20230808_102317497-1024x576.jpg 1024w, https:\/\/madresdesterradas.es\/wp-content\/uploads\/2024\/01\/PXL_20230808_102317497-300x169.jpg 300w, https:\/\/madresdesterradas.es\/wp-content\/uploads\/2024\/01\/PXL_20230808_102317497-768x432.jpg 768w, https:\/\/madresdesterradas.es\/wp-content\/uploads\/2024\/01\/PXL_20230808_102317497-1536x864.jpg 1536w, https:\/\/madresdesterradas.es\/wp-content\/uploads\/2024\/01\/PXL_20230808_102317497-1255x706.jpg 1255w, https:\/\/madresdesterradas.es\/wp-content\/uploads\/2024\/01\/PXL_20230808_102317497-825x464.jpg 825w, https:\/\/madresdesterradas.es\/wp-content\/uploads\/2024\/01\/PXL_20230808_102317497-395x222.jpg 395w, https:\/\/madresdesterradas.es\/wp-content\/uploads\/2024\/01\/PXL_20230808_102317497.jpg 2016w\" sizes=\"auto, (max-width: 1024px) 100vw, 1024px\" \/><\/figure>\n\n\n\n<figure class=\"wp-block-image size-large\"><img loading=\"lazy\" decoding=\"async\" width=\"771\" height=\"1024\" src=\"https:\/\/madresdesterradas.es\/wp-content\/uploads\/2024\/01\/PXL_20230808_102425016-771x1024.jpg\" alt=\"\" class=\"wp-image-14572\" srcset=\"https:\/\/madresdesterradas.es\/wp-content\/uploads\/2024\/01\/PXL_20230808_102425016-771x1024.jpg 771w, https:\/\/madresdesterradas.es\/wp-content\/uploads\/2024\/01\/PXL_20230808_102425016-226x300.jpg 226w, https:\/\/madresdesterradas.es\/wp-content\/uploads\/2024\/01\/PXL_20230808_102425016-768x1020.jpg 768w, https:\/\/madresdesterradas.es\/wp-content\/uploads\/2024\/01\/PXL_20230808_102425016-1157x1536.jpg 1157w, https:\/\/madresdesterradas.es\/wp-content\/uploads\/2024\/01\/PXL_20230808_102425016-1255x1667.jpg 1255w, https:\/\/madresdesterradas.es\/wp-content\/uploads\/2024\/01\/PXL_20230808_102425016-825x1096.jpg 825w, https:\/\/madresdesterradas.es\/wp-content\/uploads\/2024\/01\/PXL_20230808_102425016-395x525.jpg 395w, https:\/\/madresdesterradas.es\/wp-content\/uploads\/2024\/01\/PXL_20230808_102425016.jpg 1536w\" sizes=\"auto, (max-width: 771px) 100vw, 771px\" \/><\/figure>\n\n\n\n<p>Cuando lo hicimos, \u00e9ramos los \u00fanicos de la terreta, pero lo recomendamos como una visita guiada (si sois fans de Indiana Jones y su tercera pel\u00edcula, la mejor de todas, no os lo perd\u00e1is) alternativa tanto si sois de aqu\u00ed como si ven\u00eds de visita.<\/p>\n\n\n\n<p>Ten\u00e9is opci\u00f3n de hacerlo en ingl\u00e9s y aqu\u00ed pod\u00e9is echar un vistazo a la <a href=\"https:\/\/indianatoursvalencia.com\/\">p\u00e1gina<\/a> de Indi. Hay que hacer reserva previa.<\/p>\n\n\n\n<p>Os dejamos aqu\u00ed un v\u00eddeo recopilatorio:<\/p>\n\n\n\n<p><iframe loading=\"lazy\" title=\"Indiana Tours Valencia\" width=\"1255\" height=\"941\" src=\"https:\/\/www.youtube.com\/embed\/fmjkImm-xOs?feature=oembed\" frameborder=\"0\" allow=\"accelerometer; autoplay; clipboard-write; encrypted-media; gyroscope; picture-in-picture; web-share\" allowfullscreen><\/iframe><\/p>\n","protected":false},"excerpt":{"rendered":"<p>Indiana Jones nos cita en la puerta de los Ap\u00f3stoles, conocida por todos en Valencia, punto de reuni\u00f3n del Tribunal de las Aguas, que est\u00e1 situada en la Plaza de la Virgen (donde podr\u00e9is dar de comer a muchas palomas \ud83d\ude09, que siempre nos ha gustado de peque\u00f1as). En esta plaza, tendremos la parte posterior [&hellip;]<\/p>\n","protected":false},"author":1,"featured_media":14552,"comment_status":"open","ping_status":"open","sticky":false,"template":"","format":"standard","meta":{"_monsterinsights_skip_tracking":false,"_monsterinsights_sitenote_active":false,"_monsterinsights_sitenote_note":"","_monsterinsights_sitenote_category":0,"_uf_show_specific_survey":0,"_uf_disable_surveys":false,"footnotes":""},"categories":[1921],"tags":[3912,3913,1544,3585,3914,2585],"class_list":["post-14540","post","type-post","status-publish","format-standard","has-post-thumbnail","hentry","category-excursionesbio","tag-indiana-jones","tag-indiana-tour-valencia","tag-planes-con-ninos","tag-planes-en-valencia","tag-santo-grial","tag-valencia"],"_links":{"self":[{"href":"https:\/\/madresdesterradas.es\/index.php\/wp-json\/wp\/v2\/posts\/14540","targetHints":{"allow":["GET"]}}],"collection":[{"href":"https:\/\/madresdesterradas.es\/index.php\/wp-json\/wp\/v2\/posts"}],"about":[{"href":"https:\/\/madresdesterradas.es\/index.php\/wp-json\/wp\/v2\/types\/post"}],"author":[{"embeddable":true,"href":"https:\/\/madresdesterradas.es\/index.php\/wp-json\/wp\/v2\/users\/1"}],"replies":[{"embeddable":true,"href":"https:\/\/madresdesterradas.es\/index.php\/wp-json\/wp\/v2\/comments?post=14540"}],"version-history":[{"count":17,"href":"https:\/\/madresdesterradas.es\/index.php\/wp-json\/wp\/v2\/posts\/14540\/revisions"}],"predecessor-version":[{"id":14576,"href":"https:\/\/madresdesterradas.es\/index.php\/wp-json\/wp\/v2\/posts\/14540\/revisions\/14576"}],"wp:featuredmedia":[{"embeddable":true,"href":"https:\/\/madresdesterradas.es\/index.php\/wp-json\/wp\/v2\/media\/14552"}],"wp:attachment":[{"href":"https:\/\/madresdesterradas.es\/index.php\/wp-json\/wp\/v2\/media?parent=14540"}],"wp:term":[{"taxonomy":"category","embeddable":true,"href":"https:\/\/madresdesterradas.es\/index.php\/wp-json\/wp\/v2\/categories?post=14540"},{"taxonomy":"post_tag","embeddable":true,"href":"https:\/\/madresdesterradas.es\/index.php\/wp-json\/wp\/v2\/tags?post=14540"}],"curies":[{"name":"wp","href":"https:\/\/api.w.org\/{rel}","templated":true}]}}