{"id":14261,"date":"2024-12-01T21:43:08","date_gmt":"2024-12-01T20:43:08","guid":{"rendered":"https:\/\/madresdesterradas.es\/?p=14261"},"modified":"2024-12-23T00:18:51","modified_gmt":"2024-12-22T23:18:51","slug":"mercadillos-navidenos-de-alsacia","status":"publish","type":"post","link":"https:\/\/madresdesterradas.es\/index.php\/2024\/12\/01\/mercadillos-navidenos-de-alsacia\/","title":{"rendered":"Mercadillos navide\u00f1os de Alsacia"},"content":{"rendered":"\n<p>El a\u00f1o pasado, aprovechamos el puente de diciembre para ir a visitar los mercadillos navide\u00f1os de Alsacia.<\/p>\n\n\n\n<p>Con respecto a la duraci\u00f3n de vuestro viaje, pensad que la semana del puente de diciembre es la m\u00e1s concurrida, sobretodo el fin de semana y que, m\u00e1s o menos, si vais a los pueblos, pod\u00e9is ver unos 2 al d\u00eda.<\/p>\n\n\n\n<p>Os recomendamos que visit\u00e9is Alsacia en cualquier \u00e9poca, pero sobretodo en Navidad, porque se vive la Navidad de manera m\u00e1s aut\u00e9ntica, m\u00e1s cl\u00e1sica, aunque compremos muchas cosas&#8230;pero es a peque\u00f1os productores y te invade realmente el esp\u00edritu de la Navidad \u2665\ufe0f\ud83c\udf84.<\/p>\n\n\n\n<h2 class=\"wp-block-heading\">Fechas<\/h2>\n\n\n\n<p>Habitualmente, se abren 1 mes antes de la Navidad (pero <strong>siempre<\/strong> hay que confirmar fechas), es decir, del 24 de noviembre al 24 de diciembre (con alg\u00fan matiz) en funci\u00f3n de en qu\u00e9 d\u00eda de la semana caiga Nochebuena. <\/p>\n\n\n\n<p>Este a\u00f1o, por ejemplo, en Estrasburgo es del 27 de noviembre hasta el viernes 27 de diciembre y en Colmar se prolonga del 26 de noviembre al 29 de diciembre.<\/p>\n\n\n\n<h2 class=\"wp-block-heading\">Alojamiento<\/h2>\n\n\n\n<p>Os recomendamos que os aloj\u00e9is en Colmar (nosotros cogimos por Booking un apartamento Chez Gasti en la Gran Rue, y no pod\u00edamos estar mejor ubicados, en menos de 2 minutos andando ten\u00edamos 3) dado que solo en esa localidad ten\u00e9is varios mercadillos y est\u00e1 bien comunicada.<\/p>\n\n\n\n<p>Si ten\u00e9is pensado ir en coche a\/por Francia, pod\u00e9is mirar algo por otros pueblos (casas, hoteles&#8230;), que os saldr\u00e1 m\u00e1s barato.<\/p>\n\n\n\n<p>No lo dej\u00e9is para el final&#8230;porque los precios, \u00a1suben como la espuma!.<\/p>\n\n\n\n<h2 class=\"wp-block-heading\">Vuelos<\/h2>\n\n\n\n<p>Para nosotros, la opci\u00f3n para viajar a Alsacia era \u00fanicamente en avi\u00f3n. En funci\u00f3n de d\u00f3nde viv\u00e1is, tendr\u00e9is vuelos m\u00e1s accesibles.<\/p>\n\n\n\n<p>Desde los aeropuertos, si no alquil\u00e1is un coche, tendr\u00e9is que coger un tren, desde Z\u00farich, hay que coger 2 (Zurich-Basilea y desde ah\u00ed a Colmar).<\/p>\n\n\n\n<p>&#8211; Aeropuerto de <strong>Estrasburgo<\/strong> (pod\u00e9is coger despu\u00e9s el tren a Colmar).<\/p>\n\n\n\n<p>&#8211; <strong>Basilea<\/strong> (Basel). Podemos elegir por qu\u00e9 pa\u00eds sal\u00eds (Suiza, Alemania, Francia). Si alquil\u00e1is un coche, os saldr\u00e1 m\u00e1s barato en Francia.<\/p>\n\n\n\n<p>&#8211; <strong>Z\u00farich<\/strong> (recordad que alquilar un coche en Suiza es m\u00e1s caro).<\/p>\n\n\n\n<h2 class=\"wp-block-heading\">Horarios de los mercadillos e informaci\u00f3n sobre ellos<\/h2>\n\n\n\n<p>Abiertos todos los d\u00edas de 10-19 h (los fines de semana, suelen alargarlo hasta las 20 h).<\/p>\n\n\n\n<p>&#8211; <span style=\"text-decoration: underline;\">Colmar<\/span> (6-7 mercadillos). Os dejamos el enlace con un <a href=\"https:\/\/madresdesterradas.es\/index.php\/2021\/05\/26\/el-vocabulario-de-los-juegos-de-mesa\/\">post m\u00e1s desarrollado con informaci\u00f3n<\/a>.<\/p>\n\n\n\n<p>&#8211; <span style=\"text-decoration: underline;\">Turkheim<\/span> (mercado de los elfos). Cuenta con Calendario de Adviento en la plaza del ayuntamiento, por lo que cada d\u00eda, a las 17 h, se abre una de las ventanas de las casitas de los elfos (como veis, los puestos tienen un ambiente m\u00e1s desenfadado y colorido) y hay una peque\u00f1a granja con ovejas, gallinas y conejos.<\/p>\n\n\n\n<figure class=\"wp-block-image size-full\"><img loading=\"lazy\" decoding=\"async\" width=\"512\" height=\"512\" src=\"https:\/\/madresdesterradas.es\/wp-content\/uploads\/2024\/12\/1000202391.jpg\" alt=\"\" class=\"wp-image-16525\" srcset=\"https:\/\/madresdesterradas.es\/wp-content\/uploads\/2024\/12\/1000202391.jpg 512w, https:\/\/madresdesterradas.es\/wp-content\/uploads\/2024\/12\/1000202391-300x300.jpg 300w, https:\/\/madresdesterradas.es\/wp-content\/uploads\/2024\/12\/1000202391-150x150.jpg 150w, https:\/\/madresdesterradas.es\/wp-content\/uploads\/2024\/12\/1000202391-85x85.jpg 85w, https:\/\/madresdesterradas.es\/wp-content\/uploads\/2024\/12\/1000202391-170x170.jpg 170w, https:\/\/madresdesterradas.es\/wp-content\/uploads\/2024\/12\/1000202391-395x395.jpg 395w\" sizes=\"auto, (max-width: 512px) 100vw, 512px\" \/><\/figure>\n\n\n\n<p>Tuvimos la suerte de que cogieran a nuestro hijo como miembro de la procesi\u00f3n en la que van los ni\u00f1os por el pueblo. El d\u00eda 13 (Santa Luc\u00eda), ten\u00e9is la fiesta de la luz (\u00a1solo un d\u00eda al a\u00f1o!) \u00abLa f\u00e8te de la Lumi\u00e8re de la Sainte Lucie\u00bb.<\/p>\n\n\n\n<figure class=\"wp-block-image size-full\"><img loading=\"lazy\" decoding=\"async\" width=\"512\" height=\"512\" src=\"https:\/\/madresdesterradas.es\/wp-content\/uploads\/2024\/12\/1000202390.jpg\" alt=\"\" class=\"wp-image-16523\" srcset=\"https:\/\/madresdesterradas.es\/wp-content\/uploads\/2024\/12\/1000202390.jpg 512w, https:\/\/madresdesterradas.es\/wp-content\/uploads\/2024\/12\/1000202390-300x300.jpg 300w, https:\/\/madresdesterradas.es\/wp-content\/uploads\/2024\/12\/1000202390-150x150.jpg 150w, https:\/\/madresdesterradas.es\/wp-content\/uploads\/2024\/12\/1000202390-85x85.jpg 85w, https:\/\/madresdesterradas.es\/wp-content\/uploads\/2024\/12\/1000202390-170x170.jpg 170w, https:\/\/madresdesterradas.es\/wp-content\/uploads\/2024\/12\/1000202390-395x395.jpg 395w\" sizes=\"auto, (max-width: 512px) 100vw, 512px\" \/><\/figure>\n\n\n\n<p>En las 2 poblaciones siguientes, tenemos duda de cu\u00e1l fue la elegida por Walt Disney para inspirarse en la pel\u00edcula de La Bella y la Bestia. Sin duda, ambas podr\u00edan ser y ambas son preciosas, aunque creemos que quiz\u00e1s&#8230;Eguisheim \u00bfQu\u00e9 pens\u00e1is?<\/p>\n\n\n\n<p>&#8211; <span style=\"text-decoration: underline;\">Eguisheim<\/span>: tambi\u00e9n cuenta con Calendario de Adviento, junto a la fuente a las 18 h junto con espect\u00e1culo musical. A poca distancia desde la parada del autob\u00fas, ten\u00e9is el sitio m\u00e1s fotografiado (y solicitado) del pueblo y si segu\u00eds avanzando, el primer mercadillo en una plaza a mano izquierda, alrededor de una estatua de la Edad Media y un poco m\u00e1s adelante, el segundo. Si ten\u00e9is tiempo, pod\u00e9is dar una vuelta por el anillo medieval que rodea el pueblo (lo ten\u00e9is indicado con carteles).<\/p>\n\n\n\n<figure class=\"wp-block-image size-full\"><img loading=\"lazy\" decoding=\"async\" width=\"512\" height=\"512\" src=\"https:\/\/madresdesterradas.es\/wp-content\/uploads\/2024\/12\/1000202393.jpg\" alt=\"\" class=\"wp-image-16529\" srcset=\"https:\/\/madresdesterradas.es\/wp-content\/uploads\/2024\/12\/1000202393.jpg 512w, https:\/\/madresdesterradas.es\/wp-content\/uploads\/2024\/12\/1000202393-300x300.jpg 300w, https:\/\/madresdesterradas.es\/wp-content\/uploads\/2024\/12\/1000202393-150x150.jpg 150w, https:\/\/madresdesterradas.es\/wp-content\/uploads\/2024\/12\/1000202393-85x85.jpg 85w, https:\/\/madresdesterradas.es\/wp-content\/uploads\/2024\/12\/1000202393-170x170.jpg 170w, https:\/\/madresdesterradas.es\/wp-content\/uploads\/2024\/12\/1000202393-395x395.jpg 395w\" sizes=\"auto, (max-width: 512px) 100vw, 512px\" \/><\/figure>\n\n\n\n<figure class=\"wp-block-image size-full\"><img loading=\"lazy\" decoding=\"async\" width=\"512\" height=\"512\" src=\"https:\/\/madresdesterradas.es\/wp-content\/uploads\/2024\/12\/1000202392.jpg\" alt=\"\" class=\"wp-image-16530\" srcset=\"https:\/\/madresdesterradas.es\/wp-content\/uploads\/2024\/12\/1000202392.jpg 512w, https:\/\/madresdesterradas.es\/wp-content\/uploads\/2024\/12\/1000202392-300x300.jpg 300w, https:\/\/madresdesterradas.es\/wp-content\/uploads\/2024\/12\/1000202392-150x150.jpg 150w, https:\/\/madresdesterradas.es\/wp-content\/uploads\/2024\/12\/1000202392-85x85.jpg 85w, https:\/\/madresdesterradas.es\/wp-content\/uploads\/2024\/12\/1000202392-170x170.jpg 170w, https:\/\/madresdesterradas.es\/wp-content\/uploads\/2024\/12\/1000202392-395x395.jpg 395w\" sizes=\"auto, (max-width: 512px) 100vw, 512px\" \/><\/figure>\n\n\n\n<p>&#8211; <span style=\"text-decoration: underline;\">Riquewihr<\/span>: rodeado de vi\u00f1as, un pueblo precioso donde los haya. El mercadillo se encuentra nada m\u00e1s entrar en el pueblo, al lado de la comisar\u00eda. <\/p>\n\n\n\n<figure class=\"wp-block-image size-full\"><img loading=\"lazy\" decoding=\"async\" width=\"1024\" height=\"1024\" src=\"https:\/\/madresdesterradas.es\/wp-content\/uploads\/2024\/12\/1000202354.jpg\" alt=\"\" class=\"wp-image-16520\" srcset=\"https:\/\/madresdesterradas.es\/wp-content\/uploads\/2024\/12\/1000202354.jpg 1024w, https:\/\/madresdesterradas.es\/wp-content\/uploads\/2024\/12\/1000202354-300x300.jpg 300w, https:\/\/madresdesterradas.es\/wp-content\/uploads\/2024\/12\/1000202354-150x150.jpg 150w, https:\/\/madresdesterradas.es\/wp-content\/uploads\/2024\/12\/1000202354-768x768.jpg 768w, https:\/\/madresdesterradas.es\/wp-content\/uploads\/2024\/12\/1000202354-825x825.jpg 825w, https:\/\/madresdesterradas.es\/wp-content\/uploads\/2024\/12\/1000202354-85x85.jpg 85w, https:\/\/madresdesterradas.es\/wp-content\/uploads\/2024\/12\/1000202354-170x170.jpg 170w, https:\/\/madresdesterradas.es\/wp-content\/uploads\/2024\/12\/1000202354-395x395.jpg 395w\" sizes=\"auto, (max-width: 1024px) 100vw, 1024px\" \/><\/figure>\n\n\n\n<p>Subid despu\u00e9s hacia arriba porque la decoraci\u00f3n de las casas, es digna de ver. Avanzando por la calle principal, ten\u00e9is a la derecha un mercadillo m\u00e1s culinario en un callej\u00f3n (precioso tambi\u00e9n) y varios puestos para comer platos t\u00edpicos dea regi\u00f3n. No dej\u00e9is de visitar la torre del Dolder (torre del reloj, tambi\u00e9n mirador). Comentaros que en este pueblo ten\u00e9is tambi\u00e9n una tienda de adornos de Navidad (K\u00e4tthe Wohlfahrt) que est\u00e1 todo el a\u00f1o (en Espa\u00f1a, s\u00f3lo hay una en Barcelona y solo hay unas pocas en el mundo).<\/p>\n\n\n\n<figure class=\"wp-block-image size-full\"><img loading=\"lazy\" decoding=\"async\" width=\"1024\" height=\"1024\" src=\"https:\/\/madresdesterradas.es\/wp-content\/uploads\/2024\/12\/1000202353.jpg\" alt=\"\" class=\"wp-image-16519\" srcset=\"https:\/\/madresdesterradas.es\/wp-content\/uploads\/2024\/12\/1000202353.jpg 1024w, https:\/\/madresdesterradas.es\/wp-content\/uploads\/2024\/12\/1000202353-300x300.jpg 300w, https:\/\/madresdesterradas.es\/wp-content\/uploads\/2024\/12\/1000202353-150x150.jpg 150w, https:\/\/madresdesterradas.es\/wp-content\/uploads\/2024\/12\/1000202353-768x768.jpg 768w, https:\/\/madresdesterradas.es\/wp-content\/uploads\/2024\/12\/1000202353-825x825.jpg 825w, https:\/\/madresdesterradas.es\/wp-content\/uploads\/2024\/12\/1000202353-85x85.jpg 85w, https:\/\/madresdesterradas.es\/wp-content\/uploads\/2024\/12\/1000202353-170x170.jpg 170w, https:\/\/madresdesterradas.es\/wp-content\/uploads\/2024\/12\/1000202353-395x395.jpg 395w\" sizes=\"auto, (max-width: 1024px) 100vw, 1024px\" \/><\/figure>\n\n\n\n<p>&#8211; <span style=\"text-decoration: underline;\">Estrasburgo<\/span> (apertura de mercadillos 11&#8217;30). Os dejamos <a href=\"https:\/\/noel.strasbourg.eu\/en\/christmas-guide-and-map\">aqu\u00ed<\/a> un enlace con informaci\u00f3n que cuenta con un plano, nos comentan tradiciones, etc (puedes guardarte este enlace, puesto que se el programa se actualiza en la p\u00e1gina de la ciudad) y aqu\u00ed otro <a href=\"https:\/\/noel.strasbourg.eu\/en\/program\">enlace<\/a> de la Navidad en Estrasburgo. <\/p>\n\n\n\n<figure class=\"wp-block-image size-large\"><img loading=\"lazy\" decoding=\"async\" width=\"771\" height=\"1024\" src=\"https:\/\/madresdesterradas.es\/wp-content\/uploads\/2024\/12\/1000202334-771x1024.jpg\" alt=\"\" class=\"wp-image-16515\" srcset=\"https:\/\/madresdesterradas.es\/wp-content\/uploads\/2024\/12\/1000202334-771x1024.jpg 771w, https:\/\/madresdesterradas.es\/wp-content\/uploads\/2024\/12\/1000202334-226x300.jpg 226w, https:\/\/madresdesterradas.es\/wp-content\/uploads\/2024\/12\/1000202334-768x1020.jpg 768w, https:\/\/madresdesterradas.es\/wp-content\/uploads\/2024\/12\/1000202334-1157x1536.jpg 1157w, https:\/\/madresdesterradas.es\/wp-content\/uploads\/2024\/12\/1000202334-1255x1667.jpg 1255w, https:\/\/madresdesterradas.es\/wp-content\/uploads\/2024\/12\/1000202334-825x1096.jpg 825w, https:\/\/madresdesterradas.es\/wp-content\/uploads\/2024\/12\/1000202334-395x525.jpg 395w, https:\/\/madresdesterradas.es\/wp-content\/uploads\/2024\/12\/1000202334.jpg 1536w\" sizes=\"auto, (max-width: 771px) 100vw, 771px\" \/><\/figure>\n\n\n\n<p>Si vais con tiempo, pod\u00e9is aprovechar para hacer algo de turismo (adem\u00e1s de la catedral, pod\u00e9is dar un paseo en barco o ver los puentes cubiertos, un grupo de 3 puentes con 4 torres defensivas) y la presa Vauban). Los 2 mercadillos m\u00e1s interesantes son los que est\u00e1n alrededor de la Catedral (ten\u00e9is la casa Kammerzell del sXV) y en la plaza Kleber con el Gran Abeto. De menor envergadura es el que ten\u00e9is al lado del r\u00edo, donde ponen tambi\u00e9n alg\u00fan juego para los m\u00e1s peque\u00f1os pero es fundamentalmente de productos artesanales como miel, comida caliente, especias, etc (los irreductibles peque\u00f1os productores de Alsacia) que se sit\u00faa en \u00abLa petit France\u00bb situada en la gran isla junto al r\u00edo y el que ten\u00e9is justo en la otra orilla del r\u00edo (plaza Benjamin Zix).<\/p>\n\n\n\n<figure class=\"wp-block-image size-full\"><img loading=\"lazy\" decoding=\"async\" width=\"1024\" height=\"1024\" src=\"https:\/\/madresdesterradas.es\/wp-content\/uploads\/2024\/12\/1000202338.jpg\" alt=\"\" class=\"wp-image-16513\" srcset=\"https:\/\/madresdesterradas.es\/wp-content\/uploads\/2024\/12\/1000202338.jpg 1024w, https:\/\/madresdesterradas.es\/wp-content\/uploads\/2024\/12\/1000202338-300x300.jpg 300w, https:\/\/madresdesterradas.es\/wp-content\/uploads\/2024\/12\/1000202338-150x150.jpg 150w, https:\/\/madresdesterradas.es\/wp-content\/uploads\/2024\/12\/1000202338-768x768.jpg 768w, https:\/\/madresdesterradas.es\/wp-content\/uploads\/2024\/12\/1000202338-825x825.jpg 825w, https:\/\/madresdesterradas.es\/wp-content\/uploads\/2024\/12\/1000202338-85x85.jpg 85w, https:\/\/madresdesterradas.es\/wp-content\/uploads\/2024\/12\/1000202338-170x170.jpg 170w, https:\/\/madresdesterradas.es\/wp-content\/uploads\/2024\/12\/1000202338-395x395.jpg 395w\" sizes=\"auto, (max-width: 1024px) 100vw, 1024px\" \/><\/figure>\n\n\n\n<p>Viernes a domingo<\/p>\n\n\n\n<p>&#8211; <span style=\"text-decoration: underline;\">Kayserberg<\/span>: por horarios, no nos dio tiempo a ir. Ten\u00e9is un puente fortificado sobre el r\u00edo precioso, mercadillo de artesan\u00eda, castillo en ruinas&#8230;<\/p>\n\n\n\n<p>2 primeros fines de semana de diciembre (importante planificar viajes para poder verlos todos):<\/p>\n\n\n\n<p>&#8211; <span style=\"text-decoration: underline;\">Ribeauvill\u00e9<\/span> (mercado medieval): no llegamos a ir porque volv\u00edamos a Espa\u00f1a un s\u00e1bado. Mercado medieval t\u00edpico con juglares, zancudos, etc que van entre los asistentes.<\/p>\n\n\n\n<h2 class=\"wp-block-heading\">Opciones de traslado a los mercadillos<\/h2>\n\n\n\n<p>&#8211; <a href=\"https:\/\/www.noel-colmar.com\/fr\/navettes-de-noel-2024\"><strong>Navettes de No\u00ebl<\/strong>:<\/a> operativas solo de V-D (salvo las excepciones que os comentamos abajo). Se cogen en frente de la estaci\u00f3n (autobuses plateados, cartel identificativo) al lado de donde est\u00e1n los carteles con las l\u00edneas (color rojo). Precio 8 \u20ac entre semana<a href=\"https:\/\/billetterie.l-k.fr\/navette-de-noel\/produit\/billet-semaine-uniquement-ligne-3-2024\/\"> todos los viajes de ese d\u00eda<\/a>, 15\u20ac fin de semana (gratis para menores de 12 a\u00f1os). Es importante ir con tiempo (tanto al ir como al volver) porque flet\u00e1n un par de autobuses y no hacen m\u00e1s viajes hasta el siguiente horario, as\u00ed que id pronto a la cola.<\/p>\n\n\n\n<ul class=\"wp-block-list\">\n<li>L\u00ednea 1: Colmar-Kayserberg-Riquewihr<\/li>\n\n\n\n<li>L\u00ednea 2: Colmar-Kayseberg- Riquewihr- Ribauvill\u00e9<\/li>\n\n\n\n<li>L\u00ednea 3: Colmar-Eguisheim (todos los d\u00edas)<\/li>\n\n\n\n<li>L\u00ednea 4: Colmar &#8211; Turckheim &#8211; Munster <\/li>\n\n\n\n<li>L\u00ednea 5: Colmar y Neuf-Brisach (solo s\u00e1bado y domingo del puente de diciembre)<\/li>\n<\/ul>\n\n\n\n<p>&#8211; <a href=\"https:\/\/services.fluo.grandest.fr\/fr\/\">Tren<\/a> (TER) desde la estaci\u00f3n de Colmar (muy c\u00f3modo para Estrasburgo, Turckheim&#8230;)<\/p>\n\n\n\n<p>&#8211; Autob\u00fas (l\u00ednea habitual de transporte p\u00fablico). Pag\u00e1is al subir, la parada est\u00e1 al lado de la estaci\u00f3n de tren. Fue como fuimos a Eguishem, por ejemplo. Muy c\u00f3modo tambi\u00e9n pero \u00a1ojo con las colas!<\/p>\n\n\n\n<p>&#8211; Coche (ten\u00e9is parkings de pago en todas las zonas de mercadillo. En Estrasburgo hay un tranv\u00eda que os lleva desde el parking al centro).<\/p>\n\n\n\n<h2 class=\"wp-block-heading\">A tener en cuenta<\/h2>\n\n\n\n<p>En todos los mercadillos, ten\u00e9is vasos que han hecho para el evento que pod\u00e9is reutilizar y al devolver el vaso os devolver\u00e1n el dinero (u os los pod\u00e9is quedar de recuerdo, hay muchos muy bonitos).<\/p>\n\n\n\n<p>Comidas: Ten\u00e9is los t\u00edpicos bretzler que recomendamos comer con queso Munster. Pasta: Sp\u00e4tzle. Chucrut (repollo blanco fermentado servido con carne, tocino&#8230;). Guiso t\u00edpico que os recomendamos: Beackeoffe.<\/p>\n\n\n\n<p>Bebidas: Vino caliente (especiado) para entrar en calor y zumo de manzana caliente.<\/p>\n\n\n\n<p>Todos los mercadillos tienen ba\u00f1o gratuito. En Estrasburgo no hay en todos&#8230; \u00fanicamente detr\u00e1s de la catedral y en el gran \u00e1rbol.<\/p>\n\n\n\n<p>En la mayor\u00eda se puede pagar con tarjeta, pero no en todos, as\u00ed que llevad dinero suficiente.<\/p>\n\n\n\n<p>Pensad en la temperatura, fundamentalmente de cara a la noche&#8230;los restaurantes est\u00e1n muy acondicionados, as\u00ed que llevad varias capas de ropa, y calzado c\u00f3modo porque se anda mucho.<\/p>\n\n\n\n<p>Si os gustan los mercadillos navide\u00f1os tanto como a nosotros, adem\u00e1s de Brujas\/Gante\/Bruselas, Alsacia es un destino que no puedes perderte. \u00bfEn tu ciudad tambi\u00e9n hacen un mercadillo navide\u00f1o? \u00bfCu\u00e1l nos recomiendas?<\/p>\n","protected":false},"excerpt":{"rendered":"<p>No hay nada mejor que empezar diciembre en un mercadillo navide\u00f1o. Te dejamos aqu\u00ed una gu\u00eda en Alsacia.<\/p>\n","protected":false},"author":1,"featured_media":16532,"comment_status":"open","ping_status":"open","sticky":false,"template":"","format":"standard","meta":{"_monsterinsights_skip_tracking":false,"_monsterinsights_sitenote_active":false,"_monsterinsights_sitenote_note":"","_monsterinsights_sitenote_category":0,"_uf_show_specific_survey":0,"_uf_disable_surveys":false,"footnotes":""},"categories":[1921],"tags":[1531,3898,3899,3992,3901,1865],"class_list":["post-14261","post","type-post","status-publish","format-standard","has-post-thumbnail","hentry","category-excursionesbio","tag-adviento","tag-alsacia","tag-colmar","tag-la-bella-y-la-bestia","tag-mercadillos-navidenos","tag-viajes"],"_links":{"self":[{"href":"https:\/\/madresdesterradas.es\/index.php\/wp-json\/wp\/v2\/posts\/14261","targetHints":{"allow":["GET"]}}],"collection":[{"href":"https:\/\/madresdesterradas.es\/index.php\/wp-json\/wp\/v2\/posts"}],"about":[{"href":"https:\/\/madresdesterradas.es\/index.php\/wp-json\/wp\/v2\/types\/post"}],"author":[{"embeddable":true,"href":"https:\/\/madresdesterradas.es\/index.php\/wp-json\/wp\/v2\/users\/1"}],"replies":[{"embeddable":true,"href":"https:\/\/madresdesterradas.es\/index.php\/wp-json\/wp\/v2\/comments?post=14261"}],"version-history":[{"count":28,"href":"https:\/\/madresdesterradas.es\/index.php\/wp-json\/wp\/v2\/posts\/14261\/revisions"}],"predecessor-version":[{"id":16653,"href":"https:\/\/madresdesterradas.es\/index.php\/wp-json\/wp\/v2\/posts\/14261\/revisions\/16653"}],"wp:featuredmedia":[{"embeddable":true,"href":"https:\/\/madresdesterradas.es\/index.php\/wp-json\/wp\/v2\/media\/16532"}],"wp:attachment":[{"href":"https:\/\/madresdesterradas.es\/index.php\/wp-json\/wp\/v2\/media?parent=14261"}],"wp:term":[{"taxonomy":"category","embeddable":true,"href":"https:\/\/madresdesterradas.es\/index.php\/wp-json\/wp\/v2\/categories?post=14261"},{"taxonomy":"post_tag","embeddable":true,"href":"https:\/\/madresdesterradas.es\/index.php\/wp-json\/wp\/v2\/tags?post=14261"}],"curies":[{"name":"wp","href":"https:\/\/api.w.org\/{rel}","templated":true}]}}