{"id":10063,"date":"2021-12-28T09:21:43","date_gmt":"2021-12-28T08:21:43","guid":{"rendered":"http:\/\/madresdesterradas.es\/?p=10063"},"modified":"2021-12-28T09:21:44","modified_gmt":"2021-12-28T08:21:44","slug":"el-bosque-encantado-de-bronchales","status":"publish","type":"post","link":"https:\/\/madresdesterradas.es\/index.php\/2021\/12\/28\/el-bosque-encantado-de-bronchales\/","title":{"rendered":"El bosque encantado de Bronchales"},"content":{"rendered":"\n<p>Os contamos una de nuestras excursiones de este verano: el Bosque encantado y encantador de la Bruja Brigitta, una iniciativa privada de M\u00aa Pilar Gracia Miranda destinada principalmente a los ni\u00f1os, inaugurada en agosto en Bronchales en un terreno cedido por el Ayuntamiento de Bronchales, vallado para evitar el paso de animales. <\/p>\n\n\n\n<p>Al llegar, tenemos un cartel que nos dice:<\/p>\n\n\n\n<blockquote class=\"wp-block-quote is-layout-flow wp-block-quote-is-layout-flow\"><p>\u00ab\u00a1Chsss! &#8211; Lugar de meditaci\u00f3n-<\/p><p>\u00a1que noooo! lugar de alegr\u00eda, risas y admiraci\u00f3n. <\/p><p>Dejar al otro lado de la valla la l\u00f3gica y la sensatez, volveros ni\u00f1os los mayores y entrar con ojos de mirar y observar todos los detalles, nombres de los ni\u00f1os y frases&#8230;\u00bb<\/p><cite>Pilar<\/cite><\/blockquote>\n\n\n\n<figure class=\"wp-block-image\"><img decoding=\"async\" src=\"https:\/\/image.ondacero.es\/clipping\/cmsimages01\/2021\/08\/03\/29D5A378-7DBD-48B6-9E88-649124099E43\/98.jpg?crop=1200,675,x0,y0&amp;width=1900&amp;height=1069&amp;optimize=high&amp;format=webply\" alt=\"Bronchales cuenta con un bosque encantado de materiales reciclados\"\/><\/figure>\n\n\n\n<p>Porque Pilar, ha creado un mundo m\u00e1gico con mucha ilusi\u00f3n, reciclando materiales de todo tipo y pensando en todos los ni\u00f1os del pueblo. Tanto para los ni\u00f1os, como para que los mayores se vuelvan un poco ni\u00f1os durante un rato y recuerden la magia.<\/p>\n\n\n\n<p>El bosque est\u00e1 situado saliendo del pueblo, el lugar exacto es el Monte Regulado de Utilidad P\u00fablica, n\u00famero 15, con una extensi\u00f3n de unos 500 metros.  Est\u00e1 se\u00f1alizado y hay una explanada donde se puede aparcar y bajar andando hasta el Bosque Encantado y Encantador de la Bruja Briggita.<\/p>\n\n\n\n<div class=\"wp-block-image\"><figure class=\"aligncenter size-full\"><img loading=\"lazy\" decoding=\"async\" width=\"1024\" height=\"1024\" src=\"https:\/\/madresdesterradas.es\/wp-content\/uploads\/2021\/12\/CYMERA_20211226_231731.jpg\" alt=\"\" class=\"wp-image-10152\" srcset=\"https:\/\/madresdesterradas.es\/wp-content\/uploads\/2021\/12\/CYMERA_20211226_231731.jpg 1024w, https:\/\/madresdesterradas.es\/wp-content\/uploads\/2021\/12\/CYMERA_20211226_231731-300x300.jpg 300w, https:\/\/madresdesterradas.es\/wp-content\/uploads\/2021\/12\/CYMERA_20211226_231731-150x150.jpg 150w, https:\/\/madresdesterradas.es\/wp-content\/uploads\/2021\/12\/CYMERA_20211226_231731-768x768.jpg 768w, https:\/\/madresdesterradas.es\/wp-content\/uploads\/2021\/12\/CYMERA_20211226_231731-825x825.jpg 825w, https:\/\/madresdesterradas.es\/wp-content\/uploads\/2021\/12\/CYMERA_20211226_231731-85x85.jpg 85w, https:\/\/madresdesterradas.es\/wp-content\/uploads\/2021\/12\/CYMERA_20211226_231731-170x170.jpg 170w, https:\/\/madresdesterradas.es\/wp-content\/uploads\/2021\/12\/CYMERA_20211226_231731-395x395.jpg 395w\" sizes=\"auto, (max-width: 1024px) 100vw, 1024px\" \/><\/figure><\/div>\n\n\n\n<p>El bosque encantado est\u00e1 formado por m\u00e1s de 80 obras hechas a mano por la creadora del proyecto, entre ellas casitas, duendes, brujas y todo lo que se pueda imaginar dentro del cuento y del mundo de la magia.<\/p>\n\n\n\n<p>Todos los ni\u00f1os empadronados en Bronchales cuentan con una casita propia con su nombre y su leyenda \u00bfOs imagin\u00e1is la emoci\u00f3n de estos ni\u00f1os? \ud83d\ude0d<\/p>\n\n\n\n<p>Tambi\u00e9n ten\u00e9is en el hueco de un \u00e1rbol un espejito, con un cartel que te indica que te atrevas a mirar y encontrar\u00e1s lo m\u00e1s bonito del mundo. Vamos, que sales del bosque encantado con una sonrisa de oreja a oreja. <\/p>\n\n\n\n<div class=\"wp-block-image\"><figure class=\"aligncenter size-full\"><img loading=\"lazy\" decoding=\"async\" width=\"700\" height=\"700\" src=\"https:\/\/madresdesterradas.es\/wp-content\/uploads\/2021\/12\/CYMERA_20211226_231605.jpg\" alt=\"\" class=\"wp-image-10153\" srcset=\"https:\/\/madresdesterradas.es\/wp-content\/uploads\/2021\/12\/CYMERA_20211226_231605.jpg 700w, https:\/\/madresdesterradas.es\/wp-content\/uploads\/2021\/12\/CYMERA_20211226_231605-300x300.jpg 300w, https:\/\/madresdesterradas.es\/wp-content\/uploads\/2021\/12\/CYMERA_20211226_231605-150x150.jpg 150w, https:\/\/madresdesterradas.es\/wp-content\/uploads\/2021\/12\/CYMERA_20211226_231605-85x85.jpg 85w, https:\/\/madresdesterradas.es\/wp-content\/uploads\/2021\/12\/CYMERA_20211226_231605-170x170.jpg 170w, https:\/\/madresdesterradas.es\/wp-content\/uploads\/2021\/12\/CYMERA_20211226_231605-395x395.jpg 395w\" sizes=\"auto, (max-width: 700px) 100vw, 700px\" \/><\/figure><\/div>\n\n\n\n<div class=\"wp-block-image\"><figure class=\"aligncenter size-full\"><img loading=\"lazy\" decoding=\"async\" width=\"700\" height=\"700\" src=\"https:\/\/madresdesterradas.es\/wp-content\/uploads\/2021\/12\/CYMERA_20211226_231404.jpg\" alt=\"\" class=\"wp-image-10154\" srcset=\"https:\/\/madresdesterradas.es\/wp-content\/uploads\/2021\/12\/CYMERA_20211226_231404.jpg 700w, https:\/\/madresdesterradas.es\/wp-content\/uploads\/2021\/12\/CYMERA_20211226_231404-300x300.jpg 300w, https:\/\/madresdesterradas.es\/wp-content\/uploads\/2021\/12\/CYMERA_20211226_231404-150x150.jpg 150w, https:\/\/madresdesterradas.es\/wp-content\/uploads\/2021\/12\/CYMERA_20211226_231404-85x85.jpg 85w, https:\/\/madresdesterradas.es\/wp-content\/uploads\/2021\/12\/CYMERA_20211226_231404-170x170.jpg 170w, https:\/\/madresdesterradas.es\/wp-content\/uploads\/2021\/12\/CYMERA_20211226_231404-395x395.jpg 395w\" sizes=\"auto, (max-width: 700px) 100vw, 700px\" \/><\/figure><\/div>\n\n\n\n<p>Para el a\u00f1o que viene, est\u00e1 prevista una ampliaci\u00f3n con juegos tradicionales. <\/p>\n\n\n\n<div class=\"wp-block-image\"><figure class=\"aligncenter\"><img decoding=\"async\" src=\"https:\/\/imagenes.heraldo.es\/files\/og_thumbnail\/uploads\/imagenes\/2021\/08\/07\/cada-casita-tiene-el-nombre-de-un-nino-de-bronchales-1.jpeg\" alt=\"Piezas hechas a mano que llenan de magia un bosque en Bronchales\"\/><figcaption>Imagen del Heraldo de Arag\u00f3n<\/figcaption><\/figure><\/div>\n\n\n\n<div class=\"wp-block-image\"><figure class=\"aligncenter\"><img decoding=\"async\" src=\"https:\/\/estaticos-cdn.prensaiberica.es\/clip\/683452e5-8930-4e3f-a2e9-3204c0b316f4_16-9-aspect-ratio_default_0.jpg\" alt=\"Bronchales esconde el bosque encantado de la bruja Brigitta\"\/><figcaption>Imagen del Peri\u00f3dico de Arag\u00f3n, donde ha pasado tambi\u00e9n Ob\u00e9lix<\/figcaption><\/figure><\/div>\n\n\n\n<p>\u00bfOs anim\u00e1is a hacer una escapada por Bronchales? <\/p>\n","protected":false},"excerpt":{"rendered":"<p>Os contamos una de nuestras excursiones de este verano: el Bosque encantado y encantador de la Bruja Brigitta, una iniciativa privada de M\u00aa Pilar Gracia Miranda destinada principalmente a los ni\u00f1os, inaugurada en agosto en Bronchales en un terreno cedido por el Ayuntamiento de Bronchales, vallado para evitar el paso de animales. Al llegar, tenemos [&hellip;]<\/p>\n","protected":false},"author":1,"featured_media":10156,"comment_status":"open","ping_status":"open","sticky":false,"template":"","format":"standard","meta":{"_monsterinsights_skip_tracking":false,"_monsterinsights_sitenote_active":false,"_monsterinsights_sitenote_note":"","_monsterinsights_sitenote_category":0,"_uf_show_specific_survey":0,"_uf_disable_surveys":false,"footnotes":""},"categories":[1921],"tags":[2019,3589,3588,3590,1451,1544,3591,3127],"class_list":["post-10063","post","type-post","status-publish","format-standard","has-post-thumbnail","hentry","category-excursionesbio","tag-bosque","tag-bosque-encantado-de-bronchales","tag-bronchales","tag-fantasia","tag-naturaleza","tag-planes-con-ninos","tag-sierra-de-albarracin","tag-teruel"],"_links":{"self":[{"href":"https:\/\/madresdesterradas.es\/index.php\/wp-json\/wp\/v2\/posts\/10063","targetHints":{"allow":["GET"]}}],"collection":[{"href":"https:\/\/madresdesterradas.es\/index.php\/wp-json\/wp\/v2\/posts"}],"about":[{"href":"https:\/\/madresdesterradas.es\/index.php\/wp-json\/wp\/v2\/types\/post"}],"author":[{"embeddable":true,"href":"https:\/\/madresdesterradas.es\/index.php\/wp-json\/wp\/v2\/users\/1"}],"replies":[{"embeddable":true,"href":"https:\/\/madresdesterradas.es\/index.php\/wp-json\/wp\/v2\/comments?post=10063"}],"version-history":[{"count":6,"href":"https:\/\/madresdesterradas.es\/index.php\/wp-json\/wp\/v2\/posts\/10063\/revisions"}],"predecessor-version":[{"id":10174,"href":"https:\/\/madresdesterradas.es\/index.php\/wp-json\/wp\/v2\/posts\/10063\/revisions\/10174"}],"wp:featuredmedia":[{"embeddable":true,"href":"https:\/\/madresdesterradas.es\/index.php\/wp-json\/wp\/v2\/media\/10156"}],"wp:attachment":[{"href":"https:\/\/madresdesterradas.es\/index.php\/wp-json\/wp\/v2\/media?parent=10063"}],"wp:term":[{"taxonomy":"category","embeddable":true,"href":"https:\/\/madresdesterradas.es\/index.php\/wp-json\/wp\/v2\/categories?post=10063"},{"taxonomy":"post_tag","embeddable":true,"href":"https:\/\/madresdesterradas.es\/index.php\/wp-json\/wp\/v2\/tags?post=10063"}],"curies":[{"name":"wp","href":"https:\/\/api.w.org\/{rel}","templated":true}]}}